{"id":2561,"date":"2018-06-08T11:01:28","date_gmt":"2018-06-08T09:01:28","guid":{"rendered":"http:\/\/agora.xtec.cat\/ies-santa-eulalia\/?p=2561"},"modified":"2018-10-03T09:15:48","modified_gmt":"2018-10-03T07:15:48","slug":"els-alumnes-de-la-usee-visiten-la-fundacio-johan-cruyff","status":"publish","type":"post","link":"https:\/\/agora.xtec.cat\/ies-santa-eulalia\/general\/els-alumnes-de-la-usee-visiten-la-fundacio-johan-cruyff\/","title":{"rendered":"Els alumnes de la USEE visiten la Fundaci\u00f3 Johan Cruyff"},"content":{"rendered":"<p>El passat 30 de maig els alumnes de la USEE van assistir al Open Day de la Fundaci\u00f3 Johan Cruyff. Van disfrutar molt\u00edssim i van fer-se fotos amb alguns dels seus \u00eddols.<\/p>\n<p>Aqu\u00ed teniu algunes <a href=\"https:\/\/drive.google.com\/drive\/folders\/1jEP57ylQATQ05u2vBWIeJlgkt2Ow3SGi\">fotos<\/a> i un enlla\u00e7 amb informaci\u00f3 sobre la tasca de la <a href=\"https:\/\/www.cruyff-foundation.org\/cat\/qui-som\/qui-som-1\">Fundaci\u00f3 Cruyff<\/a>.<\/p>\n<p><a href=\"http:\/\/agora.xtec.cat\/ies-santa-eulalia\/wp-content\/uploads\/usu1612\/2018\/06\/Foto-de-Silvia-Rovira.jpg\"><img loading=\"lazy\" decoding=\"async\" class=\"alignnone size-large wp-image-2572\" src=\"http:\/\/agora.xtec.cat\/ies-santa-eulalia\/wp-content\/uploads\/usu1612\/2018\/06\/Foto-de-Silvia-Rovira-1024x575.jpg\" alt=\"\" width=\"1024\" height=\"575\" srcset=\"https:\/\/agora.xtec.cat\/ies-santa-eulalia\/wp-content\/uploads\/usu1612\/2018\/06\/Foto-de-Silvia-Rovira-1024x575.jpg 1024w, https:\/\/agora.xtec.cat\/ies-santa-eulalia\/wp-content\/uploads\/usu1612\/2018\/06\/Foto-de-Silvia-Rovira-300x168.jpg 300w, https:\/\/agora.xtec.cat\/ies-santa-eulalia\/wp-content\/uploads\/usu1612\/2018\/06\/Foto-de-Silvia-Rovira-768x431.jpg 768w, https:\/\/agora.xtec.cat\/ies-santa-eulalia\/wp-content\/uploads\/usu1612\/2018\/06\/Foto-de-Silvia-Rovira.jpg 1600w\" sizes=\"auto, (max-width: 1024px) 100vw, 1024px\" \/><\/a><\/p>\n","protected":false},"excerpt":{"rendered":"<p>El passat 30 de maig els alumnes de la USEE van assistir al Open Day de la Fundaci\u00f3 Johan Cruyff. Van disfrutar molt\u00edssim i van fer-se fotos amb alguns dels seus \u00eddols.<br \/>\nAqu\u00ed teniu algunes <a href=\"https:\/\/drive.google.com\/drive\/folders\/1jEP57ylQATQ05u2vBWIeJlgkt2Ow3SGi\">fotos<\/a> i un enlla\u00e7 amb informaci\u00f3 sobre la tasca de&hellip;  <a href=\"https:\/\/agora.xtec.cat\/ies-santa-eulalia\/general\/els-alumnes-de-la-usee-visiten-la-fundacio-johan-cruyff\/\" title=\"Read Els alumnes de la USEE visiten la Fundaci\u00f3 Johan Cruyff\">Llegeix m\u00e9s\u00bb<\/a><\/p>\n","protected":false},"author":1,"featured_media":2572,"comment_status":"open","ping_status":"closed","sticky":false,"template":"","format":"standard","meta":{"_bbp_topic_count":0,"_bbp_reply_count":0,"_bbp_total_topic_count":0,"_bbp_total_reply_count":0,"_bbp_voice_count":0,"_bbp_anonymous_reply_count":0,"_bbp_topic_count_hidden":0,"_bbp_reply_count_hidden":0,"_bbp_forum_subforum_count":0,"footnotes":""},"categories":[153,1],"tags":[],"class_list":["post-2561","post","type-post","status-publish","format-standard","has-post-thumbnail","hentry","category-novetats-siei","category-general"],"post_mailing_queue_ids":[],"_links":{"self":[{"href":"https:\/\/agora.xtec.cat\/ies-santa-eulalia\/wp-json\/wp\/v2\/posts\/2561","targetHints":{"allow":["GET"]}}],"collection":[{"href":"https:\/\/agora.xtec.cat\/ies-santa-eulalia\/wp-json\/wp\/v2\/posts"}],"about":[{"href":"https:\/\/agora.xtec.cat\/ies-santa-eulalia\/wp-json\/wp\/v2\/types\/post"}],"author":[{"embeddable":true,"href":"https:\/\/agora.xtec.cat\/ies-santa-eulalia\/wp-json\/wp\/v2\/users\/1"}],"replies":[{"embeddable":true,"href":"https:\/\/agora.xtec.cat\/ies-santa-eulalia\/wp-json\/wp\/v2\/comments?post=2561"}],"version-history":[{"count":3,"href":"https:\/\/agora.xtec.cat\/ies-santa-eulalia\/wp-json\/wp\/v2\/posts\/2561\/revisions"}],"predecessor-version":[{"id":2594,"href":"https:\/\/agora.xtec.cat\/ies-santa-eulalia\/wp-json\/wp\/v2\/posts\/2561\/revisions\/2594"}],"wp:featuredmedia":[{"embeddable":true,"href":"https:\/\/agora.xtec.cat\/ies-santa-eulalia\/wp-json\/wp\/v2\/media\/2572"}],"wp:attachment":[{"href":"https:\/\/agora.xtec.cat\/ies-santa-eulalia\/wp-json\/wp\/v2\/media?parent=2561"}],"wp:term":[{"taxonomy":"category","embeddable":true,"href":"https:\/\/agora.xtec.cat\/ies-santa-eulalia\/wp-json\/wp\/v2\/categories?post=2561"},{"taxonomy":"post_tag","embeddable":true,"href":"https:\/\/agora.xtec.cat\/ies-santa-eulalia\/wp-json\/wp\/v2\/tags?post=2561"}],"curies":[{"name":"wp","href":"https:\/\/api.w.org\/{rel}","templated":true}]}}