{"id":2534,"date":"2018-05-25T10:47:30","date_gmt":"2018-05-25T08:47:30","guid":{"rendered":"http:\/\/agora.xtec.cat\/ies-santa-eulalia\/?p=2534"},"modified":"2018-10-03T09:30:21","modified_gmt":"2018-10-03T07:30:21","slug":"retrats","status":"publish","type":"post","link":"https:\/\/agora.xtec.cat\/ies-santa-eulalia\/general\/retrats\/","title":{"rendered":"Retrats"},"content":{"rendered":"<p><a href=\"https:\/\/drive.google.com\/file\/d\/1nYp5K_YKz4A_MJhf2IPP9ov45MDqQajU\/view?usp=sharing\"><img loading=\"lazy\" decoding=\"async\" class=\"wp-image-2536 alignleft\" src=\"http:\/\/agora.xtec.cat\/ies-santa-eulalia\/wp-content\/uploads\/usu1612\/2018\/05\/FullSizeRender-1-787x1024.jpg\" alt=\"\" width=\"162\" height=\"211\" srcset=\"https:\/\/agora.xtec.cat\/ies-santa-eulalia\/wp-content\/uploads\/usu1612\/2018\/05\/FullSizeRender-1-787x1024.jpg 787w, https:\/\/agora.xtec.cat\/ies-santa-eulalia\/wp-content\/uploads\/usu1612\/2018\/05\/FullSizeRender-1-231x300.jpg 231w, https:\/\/agora.xtec.cat\/ies-santa-eulalia\/wp-content\/uploads\/usu1612\/2018\/05\/FullSizeRender-1-768x999.jpg 768w, https:\/\/agora.xtec.cat\/ies-santa-eulalia\/wp-content\/uploads\/usu1612\/2018\/05\/FullSizeRender-1.jpg 822w\" sizes=\"auto, (max-width: 162px) 100vw, 162px\" \/><\/a><\/p>\n<p>&nbsp;<\/p>\n<p>&nbsp;<\/p>\n<p>&nbsp;<\/p>\n<p>&nbsp;<\/p>\n<p>&nbsp;<\/p>\n<p>Un espl\u00e8ndid treball d&#8217;Educaci\u00f3 Visual i Pl\u00e0stica.<\/p>\n<p><a href=\"https:\/\/drive.google.com\/file\/d\/1nYp5K_YKz4A_MJhf2IPP9ov45MDqQajU\/view?usp=sharing\">Cliqueu per veure el v\u00eddeo.<\/a><\/p>\n<p>&nbsp;<\/p>\n","protected":false},"excerpt":{"rendered":"<p><a href=\"https:\/\/drive.google.com\/file\/d\/1nYp5K_YKz4A_MJhf2IPP9ov45MDqQajU\/view?usp=sharing\"><\/a><br \/>\n&nbsp;<br \/>\n&nbsp;<br \/>\n&nbsp;<br \/>\n&nbsp;<br \/>\n&nbsp;<br \/>\nUn espl\u00e8ndid treball d&#8217;Educaci\u00f3 Visual i Pl\u00e0stica.<br \/>\n<a href=\"https:\/\/drive.google.com\/file\/d\/1nYp5K_YKz4A_MJhf2IPP9ov45MDqQajU\/view?usp=sharing\">Cliqueu per veure el v\u00eddeo.<\/a><br \/>\n&nbsp;<\/p>\n","protected":false},"author":1,"featured_media":2536,"comment_status":"open","ping_status":"closed","sticky":false,"template":"","format":"standard","meta":{"_bbp_topic_count":0,"_bbp_reply_count":0,"_bbp_total_topic_count":0,"_bbp_total_reply_count":0,"_bbp_voice_count":0,"_bbp_anonymous_reply_count":0,"_bbp_topic_count_hidden":0,"_bbp_reply_count_hidden":0,"_bbp_forum_subforum_count":0,"footnotes":""},"categories":[150,1],"tags":[],"class_list":["post-2534","post","type-post","status-publish","format-standard","has-post-thumbnail","hentry","category-novetats-visual-i-plastica","category-general"],"post_mailing_queue_ids":[],"_links":{"self":[{"href":"https:\/\/agora.xtec.cat\/ies-santa-eulalia\/wp-json\/wp\/v2\/posts\/2534","targetHints":{"allow":["GET"]}}],"collection":[{"href":"https:\/\/agora.xtec.cat\/ies-santa-eulalia\/wp-json\/wp\/v2\/posts"}],"about":[{"href":"https:\/\/agora.xtec.cat\/ies-santa-eulalia\/wp-json\/wp\/v2\/types\/post"}],"author":[{"embeddable":true,"href":"https:\/\/agora.xtec.cat\/ies-santa-eulalia\/wp-json\/wp\/v2\/users\/1"}],"replies":[{"embeddable":true,"href":"https:\/\/agora.xtec.cat\/ies-santa-eulalia\/wp-json\/wp\/v2\/comments?post=2534"}],"version-history":[{"count":4,"href":"https:\/\/agora.xtec.cat\/ies-santa-eulalia\/wp-json\/wp\/v2\/posts\/2534\/revisions"}],"predecessor-version":[{"id":2544,"href":"https:\/\/agora.xtec.cat\/ies-santa-eulalia\/wp-json\/wp\/v2\/posts\/2534\/revisions\/2544"}],"wp:featuredmedia":[{"embeddable":true,"href":"https:\/\/agora.xtec.cat\/ies-santa-eulalia\/wp-json\/wp\/v2\/media\/2536"}],"wp:attachment":[{"href":"https:\/\/agora.xtec.cat\/ies-santa-eulalia\/wp-json\/wp\/v2\/media?parent=2534"}],"wp:term":[{"taxonomy":"category","embeddable":true,"href":"https:\/\/agora.xtec.cat\/ies-santa-eulalia\/wp-json\/wp\/v2\/categories?post=2534"},{"taxonomy":"post_tag","embeddable":true,"href":"https:\/\/agora.xtec.cat\/ies-santa-eulalia\/wp-json\/wp\/v2\/tags?post=2534"}],"curies":[{"name":"wp","href":"https:\/\/api.w.org\/{rel}","templated":true}]}}