{"id":2429,"date":"2018-05-15T12:31:23","date_gmt":"2018-05-15T10:31:23","guid":{"rendered":"http:\/\/agora.xtec.cat\/ies-santa-eulalia\/?p=2429"},"modified":"2018-10-03T09:31:59","modified_gmt":"2018-10-03T07:31:59","slug":"projecte-radio-a-torre-barrina","status":"publish","type":"post","link":"https:\/\/agora.xtec.cat\/ies-santa-eulalia\/general\/projecte-radio-a-torre-barrina\/","title":{"rendered":"PROJECTE R\u00c0DIO A TORRE BARRINA"},"content":{"rendered":"<p>Aquest curs hem continuat gravant el nostre programa &#8220;Santa Eul\u00e0lia R\u00e0dio&#8221; a les instal\u00b7lacions de Torre Barrina. Divendres 11 de maig vam gravar l\u00b4\u00faltim programa de la temporada.<\/p>\n<p>No deixeu d\u00b4escoltar-lo!!<\/p>\n<!--[if lt IE 9]><script>document.createElement('audio');<\/script><![endif]-->\n<audio class=\"wp-audio-shortcode\" id=\"audio-2429-1\" preload=\"none\" style=\"width: 100%;\" controls=\"controls\"><source type=\"audio\/mpeg\" src=\"http:\/\/agora.xtec.cat\/ies-santa-eulalia\/wp-content\/uploads\/usu1612\/2018\/05\/11-5-18-COMPRIMIT.mp3?_=1\" \/><a href=\"http:\/\/agora.xtec.cat\/ies-santa-eulalia\/wp-content\/uploads\/usu1612\/2018\/05\/11-5-18-COMPRIMIT.mp3\">http:\/\/agora.xtec.cat\/ies-santa-eulalia\/wp-content\/uploads\/usu1612\/2018\/05\/11-5-18-COMPRIMIT.mp3<\/a><\/audio>\n","protected":false},"excerpt":{"rendered":"<p>Aquest curs hem continuat gravant el nostre programa &#8220;Santa Eul\u00e0lia R\u00e0dio&#8221; a les instal\u00b7lacions de Torre Barrina. Divendres 11 de maig vam gravar l\u00b4\u00faltim programa de la temporada.<br \/>\nNo deixeu d\u00b4escoltar-lo!!<br \/>\n<a href=\"http:\/\/agora.xtec.cat\/ies-santa-eulalia\/wp-content\/uploads\/usu1612\/2018\/05\/11-5-18-COMPRIMIT.mp3\">http:\/\/agora.xtec.cat\/ies-santa-eulalia\/wp-content\/uploads\/usu1612\/2018\/05\/11-5-18-COMPRIMIT.mp3<\/a><\/p>\n","protected":false},"author":60,"featured_media":0,"comment_status":"open","ping_status":"closed","sticky":false,"template":"","format":"standard","meta":{"_bbp_topic_count":0,"_bbp_reply_count":0,"_bbp_total_topic_count":0,"_bbp_total_reply_count":0,"_bbp_voice_count":0,"_bbp_anonymous_reply_count":0,"_bbp_topic_count_hidden":0,"_bbp_reply_count_hidden":0,"_bbp_forum_subforum_count":0,"footnotes":""},"categories":[153,1],"tags":[],"class_list":["post-2429","post","type-post","status-publish","format-standard","hentry","category-novetats-siei","category-general"],"post_mailing_queue_ids":[],"_links":{"self":[{"href":"https:\/\/agora.xtec.cat\/ies-santa-eulalia\/wp-json\/wp\/v2\/posts\/2429","targetHints":{"allow":["GET"]}}],"collection":[{"href":"https:\/\/agora.xtec.cat\/ies-santa-eulalia\/wp-json\/wp\/v2\/posts"}],"about":[{"href":"https:\/\/agora.xtec.cat\/ies-santa-eulalia\/wp-json\/wp\/v2\/types\/post"}],"author":[{"embeddable":true,"href":"https:\/\/agora.xtec.cat\/ies-santa-eulalia\/wp-json\/wp\/v2\/users\/60"}],"replies":[{"embeddable":true,"href":"https:\/\/agora.xtec.cat\/ies-santa-eulalia\/wp-json\/wp\/v2\/comments?post=2429"}],"version-history":[{"count":4,"href":"https:\/\/agora.xtec.cat\/ies-santa-eulalia\/wp-json\/wp\/v2\/posts\/2429\/revisions"}],"predecessor-version":[{"id":2440,"href":"https:\/\/agora.xtec.cat\/ies-santa-eulalia\/wp-json\/wp\/v2\/posts\/2429\/revisions\/2440"}],"wp:attachment":[{"href":"https:\/\/agora.xtec.cat\/ies-santa-eulalia\/wp-json\/wp\/v2\/media?parent=2429"}],"wp:term":[{"taxonomy":"category","embeddable":true,"href":"https:\/\/agora.xtec.cat\/ies-santa-eulalia\/wp-json\/wp\/v2\/categories?post=2429"},{"taxonomy":"post_tag","embeddable":true,"href":"https:\/\/agora.xtec.cat\/ies-santa-eulalia\/wp-json\/wp\/v2\/tags?post=2429"}],"curies":[{"name":"wp","href":"https:\/\/api.w.org\/{rel}","templated":true}]}}