{"id":2332,"date":"2018-05-06T23:06:30","date_gmt":"2018-05-06T21:06:30","guid":{"rendered":"http:\/\/agora.xtec.cat\/ies-santa-eulalia\/?p=2332"},"modified":"2018-10-03T09:34:46","modified_gmt":"2018-10-03T07:34:46","slug":"viatge-a-franca-4rt-eso","status":"publish","type":"post","link":"https:\/\/agora.xtec.cat\/ies-santa-eulalia\/general\/viatge-a-franca-4rt-eso\/","title":{"rendered":"Viatge a Fran\u00e7a de 4t d&#8217;ESO"},"content":{"rendered":"<p>&#8220;<em>A l\u2019altre costat de la frontera, tal com assenyalen els testimonis, per a molts l\u2019exili es va convertir en una trag\u00e8dia d\u2019immenses proporcions. Fran\u00e7a no estava preparada per a l\u2019arribada de centenars de milers de persones. La seva reacci\u00f3 va ser lenta i tardana en l\u2019organitzaci\u00f3 de camps de refugiats, que van esdevenir aut\u00e8ntics camps de concentraci\u00f3 a les platges d\u2019Argelers-sur-Mer, Saint-Cyprien i altres municipis del litoral mediterrani, aix\u00ed com tamb\u00e9 en diversos indrets de l\u2019interior. Enmig del desastre, l\u2019actuaci\u00f3 d\u2019algunes organitzacions pol\u00edtiques i de ciutadans francesos a t\u00edtol particular, i d\u2019entitats internacionals d\u2019ajuda humanit\u00e0ria, que es concretaren en iniciatives com la de la Maternitat d\u2019Elna, s\u00f3n dignes de ser recordades com a contrapunt d\u2019h<\/em><em>umanitat i cant a l\u2019esperan\u00e7a.&#8221; (MUME)<\/em><\/p>\n<p>El passat dimecres 2 de maig, els alumnes de 4rt van anar de viatge de final d&#8217;etapa a Fran\u00e7a. Vam fer la ruta de l&#8217;exili.<\/p>\n<p>La primera parada va ser la Jonquera, per visitar el MUME, Museu Memoril de l&#8217;Exili. El guia ens va acompanyar a les platges d&#8217;Argeles, on l&#8217;any 39 es van arribar a concentrar-hi centenars d&#8217;espanyols, la majoria catalans, fugint de l&#8217;ocupaci\u00f3 nacional. Despr\u00e9s de dinar, vam arribar a la Maternit\u00e9 d&#8217;Elne on als anys 40, una jove infermera su\u00efssa va ajudar\u00a0 a donar a llum a dones sense recursos\u00a0 i que, de ben segur, sense la seva assist\u00e8ncia molts dels seus nadons no hagu\u00e9ssin sobreviscut.<\/p>\n<p>L&#8217;endem\u00e0 per acabar la ruta vam anar a Salses-le-Ch\u00e2teau, on vam poder veure un antic camp d&#8217;internament.<\/p>\n<p>El viatge el vam a acabar el 4 de maig a la ciutat medieval de Carcassonne.<\/p>\n<p>&nbsp;<\/p>\n\n\t\t<style type=\"text\/css\">\n\t\t\t#gallery-1 {\n\t\t\t\tmargin: auto;\n\t\t\t}\n\t\t\t#gallery-1 .gallery-item {\n\t\t\t\tfloat: left;\n\t\t\t\tmargin-top: 10px;\n\t\t\t\ttext-align: center;\n\t\t\t\twidth: 33%;\n\t\t\t}\n\t\t\t#gallery-1 img {\n\t\t\t\tborder: 2px solid #cfcfcf;\n\t\t\t}\n\t\t\t#gallery-1 .gallery-caption {\n\t\t\t\tmargin-left: 0;\n\t\t\t}\n\t\t\t\/* see gallery_shortcode() in wp-includes\/media.php *\/\n\t\t<\/style>\n\t\t<div id='gallery-1' class='gallery galleryid-2332 gallery-columns-3 gallery-size-thumbnail'><dl class='gallery-item'>\n\t\t\t<dt class='gallery-icon landscape'>\n\t\t\t\t<a href='https:\/\/agora.xtec.cat\/ies-santa-eulalia\/general\/viatge-a-franca-4rt-eso\/attachment\/img_9767\/'><img loading=\"lazy\" decoding=\"async\" width=\"150\" height=\"150\" src=\"https:\/\/agora.xtec.cat\/ies-santa-eulalia\/wp-content\/uploads\/usu1612\/2018\/05\/IMG_9767-150x150.jpg\" class=\"attachment-thumbnail size-thumbnail\" alt=\"\" \/><\/a>\n\t\t\t<\/dt><\/dl><dl class='gallery-item'>\n\t\t\t<dt class='gallery-icon portrait'>\n\t\t\t\t<a href='https:\/\/agora.xtec.cat\/ies-santa-eulalia\/general\/viatge-a-franca-4rt-eso\/attachment\/fowh0385\/'><img loading=\"lazy\" decoding=\"async\" width=\"150\" height=\"150\" src=\"https:\/\/agora.xtec.cat\/ies-santa-eulalia\/wp-content\/uploads\/usu1612\/2018\/05\/FOWH0385-150x150.jpg\" class=\"attachment-thumbnail size-thumbnail\" alt=\"\" \/><\/a>\n\t\t\t<\/dt><\/dl><dl class='gallery-item'>\n\t\t\t<dt class='gallery-icon landscape'>\n\t\t\t\t<a href='https:\/\/agora.xtec.cat\/ies-santa-eulalia\/general\/viatge-a-franca-4rt-eso\/attachment\/img_9636-2\/'><img loading=\"lazy\" decoding=\"async\" width=\"150\" height=\"150\" src=\"https:\/\/agora.xtec.cat\/ies-santa-eulalia\/wp-content\/uploads\/usu1612\/2018\/05\/IMG_9636-1-150x150.jpg\" class=\"attachment-thumbnail size-thumbnail\" alt=\"\" \/><\/a>\n\t\t\t<\/dt><\/dl><br style=\"clear: both\" \/><dl class='gallery-item'>\n\t\t\t<dt class='gallery-icon landscape'>\n\t\t\t\t<a href='https:\/\/agora.xtec.cat\/ies-santa-eulalia\/general\/viatge-a-franca-4rt-eso\/attachment\/img_9637\/'><img loading=\"lazy\" decoding=\"async\" width=\"150\" height=\"150\" src=\"https:\/\/agora.xtec.cat\/ies-santa-eulalia\/wp-content\/uploads\/usu1612\/2018\/05\/IMG_9637-150x150.jpg\" class=\"attachment-thumbnail size-thumbnail\" alt=\"\" \/><\/a>\n\t\t\t<\/dt><\/dl><dl class='gallery-item'>\n\t\t\t<dt class='gallery-icon landscape'>\n\t\t\t\t<a href='https:\/\/agora.xtec.cat\/ies-santa-eulalia\/general\/viatge-a-franca-4rt-eso\/attachment\/img_9653\/'><img loading=\"lazy\" decoding=\"async\" width=\"150\" height=\"150\" src=\"https:\/\/agora.xtec.cat\/ies-santa-eulalia\/wp-content\/uploads\/usu1612\/2018\/05\/IMG_9653-150x150.jpg\" class=\"attachment-thumbnail size-thumbnail\" alt=\"\" \/><\/a>\n\t\t\t<\/dt><\/dl><dl class='gallery-item'>\n\t\t\t<dt class='gallery-icon landscape'>\n\t\t\t\t<a href='https:\/\/agora.xtec.cat\/ies-santa-eulalia\/general\/viatge-a-franca-4rt-eso\/attachment\/img_9713\/'><img loading=\"lazy\" decoding=\"async\" width=\"150\" height=\"150\" src=\"https:\/\/agora.xtec.cat\/ies-santa-eulalia\/wp-content\/uploads\/usu1612\/2018\/05\/IMG_9713-150x150.jpg\" class=\"attachment-thumbnail size-thumbnail\" alt=\"\" \/><\/a>\n\t\t\t<\/dt><\/dl><br style=\"clear: both\" \/>\n\t\t<\/div>\n\n<p>FOTOS VIATGE FRAN\u00c7A<\/p>\n","protected":false},"excerpt":{"rendered":"<p>&#8220;A l\u2019altre costat de la frontera, tal com assenyalen els testimonis, per a molts l\u2019exili es va convertir en una trag\u00e8dia d\u2019immenses proporcions. Fran\u00e7a no estava preparada per a l\u2019arribada de centenars de milers de persones. La seva reacci\u00f3 va ser lenta i tardana en&hellip;  <a href=\"https:\/\/agora.xtec.cat\/ies-santa-eulalia\/general\/viatge-a-franca-4rt-eso\/\" title=\"Read Viatge a Fran\u00e7a de 4t d&#8217;ESO\">Llegeix m\u00e9s\u00bb<\/a><\/p>\n","protected":false},"author":9,"featured_media":2336,"comment_status":"open","ping_status":"closed","sticky":false,"template":"","format":"standard","meta":{"_bbp_topic_count":0,"_bbp_reply_count":0,"_bbp_total_topic_count":0,"_bbp_total_reply_count":0,"_bbp_voice_count":0,"_bbp_anonymous_reply_count":0,"_bbp_topic_count_hidden":0,"_bbp_reply_count_hidden":0,"_bbp_forum_subforum_count":0,"footnotes":""},"categories":[139,1],"tags":[182],"class_list":["post-2332","post","type-post","status-publish","format-standard","has-post-thumbnail","hentry","category-novetats-llengues-estrangeres-frances","category-general","tag-viatge-4rt-eso"],"post_mailing_queue_ids":[],"_links":{"self":[{"href":"https:\/\/agora.xtec.cat\/ies-santa-eulalia\/wp-json\/wp\/v2\/posts\/2332","targetHints":{"allow":["GET"]}}],"collection":[{"href":"https:\/\/agora.xtec.cat\/ies-santa-eulalia\/wp-json\/wp\/v2\/posts"}],"about":[{"href":"https:\/\/agora.xtec.cat\/ies-santa-eulalia\/wp-json\/wp\/v2\/types\/post"}],"author":[{"embeddable":true,"href":"https:\/\/agora.xtec.cat\/ies-santa-eulalia\/wp-json\/wp\/v2\/users\/9"}],"replies":[{"embeddable":true,"href":"https:\/\/agora.xtec.cat\/ies-santa-eulalia\/wp-json\/wp\/v2\/comments?post=2332"}],"version-history":[{"count":3,"href":"https:\/\/agora.xtec.cat\/ies-santa-eulalia\/wp-json\/wp\/v2\/posts\/2332\/revisions"}],"predecessor-version":[{"id":2471,"href":"https:\/\/agora.xtec.cat\/ies-santa-eulalia\/wp-json\/wp\/v2\/posts\/2332\/revisions\/2471"}],"wp:featuredmedia":[{"embeddable":true,"href":"https:\/\/agora.xtec.cat\/ies-santa-eulalia\/wp-json\/wp\/v2\/media\/2336"}],"wp:attachment":[{"href":"https:\/\/agora.xtec.cat\/ies-santa-eulalia\/wp-json\/wp\/v2\/media?parent=2332"}],"wp:term":[{"taxonomy":"category","embeddable":true,"href":"https:\/\/agora.xtec.cat\/ies-santa-eulalia\/wp-json\/wp\/v2\/categories?post=2332"},{"taxonomy":"post_tag","embeddable":true,"href":"https:\/\/agora.xtec.cat\/ies-santa-eulalia\/wp-json\/wp\/v2\/tags?post=2332"}],"curies":[{"name":"wp","href":"https:\/\/api.w.org\/{rel}","templated":true}]}}