{"id":2268,"date":"2018-04-26T11:24:07","date_gmt":"2018-04-26T09:24:07","guid":{"rendered":"http:\/\/agora.xtec.cat\/ies-santa-eulalia\/?p=2268"},"modified":"2018-10-03T09:36:15","modified_gmt":"2018-10-03T07:36:15","slug":"intercanvi-virtual-amb-le-college-bethune-sully-franca","status":"publish","type":"post","link":"https:\/\/agora.xtec.cat\/ies-santa-eulalia\/general\/intercanvi-virtual-amb-le-college-bethune-sully-franca\/","title":{"rendered":"Intercanvi virtual amb le Coll\u00e8ge B\u00e9thune Sully (Fran\u00e7a)"},"content":{"rendered":"<p>Durant aquest \u00faltim trimestre, els alumnes de franc\u00e8s de 3r de l&#8217;ESO estan duent a terme un intercanvi virtual amb un grup d&#8217;alumnes francesos, del coll\u00e8ge B\u00e9thune Sully, que estan estudiant espanyol com a llengua estrangera.<\/p>\n<p>Fins ara ens hem intercanviat v\u00eddeos on es presenten tots ells\u00a0 i on presenten els dos instituts.<\/p>\n<p>Le coll\u00e8ge es troba a la petita ciutat d&#8217;Henrichemont, a 25 km al nord de la ciutat de Bourges (Centre de Fran\u00e7a)<\/p>\n<p><a href=\"http:\/\/agora.xtec.cat\/ies-santa-eulalia\/wp-content\/uploads\/usu1612\/2018\/04\/Bourgesok.png\"><img loading=\"lazy\" decoding=\"async\" class=\"alignnone size-full wp-image-2272\" src=\"http:\/\/agora.xtec.cat\/ies-santa-eulalia\/wp-content\/uploads\/usu1612\/2018\/04\/Bourgesok.png\" alt=\"\" width=\"230\" height=\"219\" \/><\/a><\/p>\n<p>Si cliqueu en aquests enlla\u00e7os podreu veure la p\u00e0gina web de Bourges i d&#8217;Henrichemont.<\/p>\n<p><a href=\"https:\/\/www.ville-bourges.fr\/\">https:\/\/www.ville-bourges.fr\/<\/a><\/p>\n<p><a href=\"https:\/\/www.lescommunes.com\/commune-henrichemont-18109.fr.html\">https:\/\/www.lescommunes.com\/commune-henrichemont-18109.fr.html<\/a><\/p>\n<p>&nbsp;<\/p>\n<p>&nbsp;<\/p>\n","protected":false},"excerpt":{"rendered":"<p>Durant aquest \u00faltim trimestre, els alumnes de franc\u00e8s de 3r de l&#8217;ESO estan duent a terme un intercanvi virtual amb un grup d&#8217;alumnes francesos, del coll\u00e8ge B\u00e9thune Sully, que estan estudiant espanyol com a llengua estrangera.<br \/>\nFins ara ens hem intercanviat v\u00eddeos on es presenten tots&hellip;  <a href=\"https:\/\/agora.xtec.cat\/ies-santa-eulalia\/general\/intercanvi-virtual-amb-le-college-bethune-sully-franca\/\" title=\"Read Intercanvi virtual amb le Coll\u00e8ge B\u00e9thune Sully (Fran\u00e7a)\">Llegeix m\u00e9s\u00bb<\/a><\/p>\n","protected":false},"author":9,"featured_media":0,"comment_status":"open","ping_status":"closed","sticky":false,"template":"","format":"standard","meta":{"_bbp_topic_count":0,"_bbp_reply_count":0,"_bbp_total_topic_count":0,"_bbp_total_reply_count":0,"_bbp_voice_count":0,"_bbp_anonymous_reply_count":0,"_bbp_topic_count_hidden":0,"_bbp_reply_count_hidden":0,"_bbp_forum_subforum_count":0,"footnotes":""},"categories":[139,1],"tags":[],"class_list":["post-2268","post","type-post","status-publish","format-standard","hentry","category-novetats-llengues-estrangeres-frances","category-general"],"post_mailing_queue_ids":[],"_links":{"self":[{"href":"https:\/\/agora.xtec.cat\/ies-santa-eulalia\/wp-json\/wp\/v2\/posts\/2268","targetHints":{"allow":["GET"]}}],"collection":[{"href":"https:\/\/agora.xtec.cat\/ies-santa-eulalia\/wp-json\/wp\/v2\/posts"}],"about":[{"href":"https:\/\/agora.xtec.cat\/ies-santa-eulalia\/wp-json\/wp\/v2\/types\/post"}],"author":[{"embeddable":true,"href":"https:\/\/agora.xtec.cat\/ies-santa-eulalia\/wp-json\/wp\/v2\/users\/9"}],"replies":[{"embeddable":true,"href":"https:\/\/agora.xtec.cat\/ies-santa-eulalia\/wp-json\/wp\/v2\/comments?post=2268"}],"version-history":[{"count":1,"href":"https:\/\/agora.xtec.cat\/ies-santa-eulalia\/wp-json\/wp\/v2\/posts\/2268\/revisions"}],"predecessor-version":[{"id":2273,"href":"https:\/\/agora.xtec.cat\/ies-santa-eulalia\/wp-json\/wp\/v2\/posts\/2268\/revisions\/2273"}],"wp:attachment":[{"href":"https:\/\/agora.xtec.cat\/ies-santa-eulalia\/wp-json\/wp\/v2\/media?parent=2268"}],"wp:term":[{"taxonomy":"category","embeddable":true,"href":"https:\/\/agora.xtec.cat\/ies-santa-eulalia\/wp-json\/wp\/v2\/categories?post=2268"},{"taxonomy":"post_tag","embeddable":true,"href":"https:\/\/agora.xtec.cat\/ies-santa-eulalia\/wp-json\/wp\/v2\/tags?post=2268"}],"curies":[{"name":"wp","href":"https:\/\/api.w.org\/{rel}","templated":true}]}}