{"id":2265,"date":"2018-04-26T10:39:49","date_gmt":"2018-04-26T08:39:49","guid":{"rendered":"http:\/\/agora.xtec.cat\/ies-santa-eulalia\/?p=2265"},"modified":"2018-10-03T09:36:40","modified_gmt":"2018-10-03T07:36:40","slug":"voteu-pel-nostre-video-the-fonix","status":"publish","type":"post","link":"https:\/\/agora.xtec.cat\/ies-santa-eulalia\/general\/voteu-pel-nostre-video-the-fonix\/","title":{"rendered":"VOTEU PEL NOSTRE V\u00cdDEO THE FONIX!!!!"},"content":{"rendered":"<h5>Les nostres alumnes de 4t d&#8217;ESO Sara Tapia i Emma P\u00e9rez han realitzat aquest v\u00eddeo per participar a l&#8217;11\u00e8 Concurs d&#8217;Angl\u00e8s Interescolar de Catalunya <em><strong>The Fonix<\/strong><\/em>!!! Us animem a votar-lo per tal d&#8217;aconseguir la m\u00e0xima puntuaci\u00f3 possible. Cliqueu\u00a0<em><strong><a href=\"https:\/\/www.youtube.com\/watch?v=axL8HHNnIyg&amp;t=0s&amp;index=18&amp;list=PL2w-W8Ny5yOr2OwSQIDcGFyNGS5QimaAu\">aqu\u00ed<\/a><\/strong><\/em> per veure el v\u00eddeo i votar. Moltes gr\u00e0cies!!!<\/h5>\n<p>&nbsp;<\/p>\n","protected":false},"excerpt":{"rendered":"<p>Les nostres alumnes de 4t d&#8217;ESO Sara Tapia i Emma P\u00e9rez han realitzat aquest v\u00eddeo per participar a l&#8217;11\u00e8 Concurs d&#8217;Angl\u00e8s Interescolar de Catalunya The Fonix!!! Us animem a votar-lo per tal d&#8217;aconseguir la m\u00e0xima puntuaci\u00f3 possible. Cliqueu\u00a0<a href=\"https:\/\/www.youtube.com\/watch?v=axL8HHNnIyg&amp;t=0s&amp;index=18&amp;list=PL2w-W8Ny5yOr2OwSQIDcGFyNGS5QimaAu\">aqu\u00ed<\/a> per veure el v\u00eddeo i votar.&hellip;  <a href=\"https:\/\/agora.xtec.cat\/ies-santa-eulalia\/general\/voteu-pel-nostre-video-the-fonix\/\" title=\"Read VOTEU PEL NOSTRE V\u00cdDEO THE FONIX!!!!\">Llegeix m\u00e9s\u00bb<\/a><\/p>\n","protected":false},"author":43,"featured_media":2266,"comment_status":"open","ping_status":"closed","sticky":false,"template":"","format":"standard","meta":{"_bbp_topic_count":0,"_bbp_reply_count":0,"_bbp_total_topic_count":0,"_bbp_total_reply_count":0,"_bbp_voice_count":0,"_bbp_anonymous_reply_count":0,"_bbp_topic_count_hidden":0,"_bbp_reply_count_hidden":0,"_bbp_forum_subforum_count":0,"footnotes":""},"categories":[138,139,1],"tags":[],"class_list":["post-2265","post","type-post","status-publish","format-standard","has-post-thumbnail","hentry","category-novetats-llengues-estrangeres-angles","category-novetats-llengues-estrangeres-frances","category-general"],"post_mailing_queue_ids":[],"_links":{"self":[{"href":"https:\/\/agora.xtec.cat\/ies-santa-eulalia\/wp-json\/wp\/v2\/posts\/2265","targetHints":{"allow":["GET"]}}],"collection":[{"href":"https:\/\/agora.xtec.cat\/ies-santa-eulalia\/wp-json\/wp\/v2\/posts"}],"about":[{"href":"https:\/\/agora.xtec.cat\/ies-santa-eulalia\/wp-json\/wp\/v2\/types\/post"}],"author":[{"embeddable":true,"href":"https:\/\/agora.xtec.cat\/ies-santa-eulalia\/wp-json\/wp\/v2\/users\/43"}],"replies":[{"embeddable":true,"href":"https:\/\/agora.xtec.cat\/ies-santa-eulalia\/wp-json\/wp\/v2\/comments?post=2265"}],"version-history":[{"count":3,"href":"https:\/\/agora.xtec.cat\/ies-santa-eulalia\/wp-json\/wp\/v2\/posts\/2265\/revisions"}],"predecessor-version":[{"id":2289,"href":"https:\/\/agora.xtec.cat\/ies-santa-eulalia\/wp-json\/wp\/v2\/posts\/2265\/revisions\/2289"}],"wp:featuredmedia":[{"embeddable":true,"href":"https:\/\/agora.xtec.cat\/ies-santa-eulalia\/wp-json\/wp\/v2\/media\/2266"}],"wp:attachment":[{"href":"https:\/\/agora.xtec.cat\/ies-santa-eulalia\/wp-json\/wp\/v2\/media?parent=2265"}],"wp:term":[{"taxonomy":"category","embeddable":true,"href":"https:\/\/agora.xtec.cat\/ies-santa-eulalia\/wp-json\/wp\/v2\/categories?post=2265"},{"taxonomy":"post_tag","embeddable":true,"href":"https:\/\/agora.xtec.cat\/ies-santa-eulalia\/wp-json\/wp\/v2\/tags?post=2265"}],"curies":[{"name":"wp","href":"https:\/\/api.w.org\/{rel}","templated":true}]}}