{"id":2184,"date":"2018-03-23T11:15:48","date_gmt":"2018-03-23T10:15:48","guid":{"rendered":"http:\/\/agora.xtec.cat\/ies-santa-eulalia\/?p=2184"},"modified":"2018-03-23T11:15:48","modified_gmt":"2018-03-23T10:15:48","slug":"primera-trobada-de-teatre-grecollati-de-secundaria-2018","status":"publish","type":"post","link":"https:\/\/agora.xtec.cat\/ies-santa-eulalia\/general\/primera-trobada-de-teatre-grecollati-de-secundaria-2018\/","title":{"rendered":"Primera Trobada de Teatre Grecollat\u00ed de Secund\u00e0ria 2018"},"content":{"rendered":"<p>El dimecres 21 de mar\u00e7 va tenir a l&#8217;Auditori Barradas la I Trobada de Teatre Grecollat\u00ed de Secund\u00e0ria, amb l&#8217;assist\u00e8ncia dels alumnes de llat\u00ed\u00a0de\u00a04t d&#8217;ESO i de 1r de batxillerat.<\/p>\n<p>&nbsp;<\/p>\n","protected":false},"excerpt":{"rendered":"<p>El dimecres 21 de mar\u00e7 va tenir a l&#8217;Auditori Barradas la I Trobada de Teatre Grecollat\u00ed de Secund\u00e0ria, amb l&#8217;assist\u00e8ncia dels alumnes de llat\u00ed\u00a0de\u00a04t d&#8217;ESO i de 1r de batxillerat.<br \/>\n&nbsp;<\/p>\n","protected":false},"author":1,"featured_media":0,"comment_status":"open","ping_status":"closed","sticky":false,"template":"","format":"standard","meta":{"_bbp_topic_count":0,"_bbp_reply_count":0,"_bbp_total_topic_count":0,"_bbp_total_reply_count":0,"_bbp_voice_count":0,"_bbp_anonymous_reply_count":0,"_bbp_topic_count_hidden":0,"_bbp_reply_count_hidden":0,"_bbp_forum_subforum_count":0,"footnotes":""},"categories":[1],"tags":[],"class_list":["post-2184","post","type-post","status-publish","format-standard","hentry","category-general"],"post_mailing_queue_ids":[],"_links":{"self":[{"href":"https:\/\/agora.xtec.cat\/ies-santa-eulalia\/wp-json\/wp\/v2\/posts\/2184","targetHints":{"allow":["GET"]}}],"collection":[{"href":"https:\/\/agora.xtec.cat\/ies-santa-eulalia\/wp-json\/wp\/v2\/posts"}],"about":[{"href":"https:\/\/agora.xtec.cat\/ies-santa-eulalia\/wp-json\/wp\/v2\/types\/post"}],"author":[{"embeddable":true,"href":"https:\/\/agora.xtec.cat\/ies-santa-eulalia\/wp-json\/wp\/v2\/users\/1"}],"replies":[{"embeddable":true,"href":"https:\/\/agora.xtec.cat\/ies-santa-eulalia\/wp-json\/wp\/v2\/comments?post=2184"}],"version-history":[{"count":1,"href":"https:\/\/agora.xtec.cat\/ies-santa-eulalia\/wp-json\/wp\/v2\/posts\/2184\/revisions"}],"predecessor-version":[{"id":2186,"href":"https:\/\/agora.xtec.cat\/ies-santa-eulalia\/wp-json\/wp\/v2\/posts\/2184\/revisions\/2186"}],"wp:attachment":[{"href":"https:\/\/agora.xtec.cat\/ies-santa-eulalia\/wp-json\/wp\/v2\/media?parent=2184"}],"wp:term":[{"taxonomy":"category","embeddable":true,"href":"https:\/\/agora.xtec.cat\/ies-santa-eulalia\/wp-json\/wp\/v2\/categories?post=2184"},{"taxonomy":"post_tag","embeddable":true,"href":"https:\/\/agora.xtec.cat\/ies-santa-eulalia\/wp-json\/wp\/v2\/tags?post=2184"}],"curies":[{"name":"wp","href":"https:\/\/api.w.org\/{rel}","templated":true}]}}