{"id":2170,"date":"2018-03-21T14:10:33","date_gmt":"2018-03-21T13:10:33","guid":{"rendered":"http:\/\/agora.xtec.cat\/ies-santa-eulalia\/?p=2170"},"modified":"2018-10-03T09:38:56","modified_gmt":"2018-10-03T07:38:56","slug":"sortida-1r-a-i-1r-d-eso-al-museu-arqueologic-de-catalunya","status":"publish","type":"post","link":"https:\/\/agora.xtec.cat\/ies-santa-eulalia\/general\/sortida-1r-a-i-1r-d-eso-al-museu-arqueologic-de-catalunya\/","title":{"rendered":"Sortida 1r A i 1r D ESO al Museu Arqueol\u00f2gic de Catalunya"},"content":{"rendered":"<p>El passat dimarts 13 de mar\u00e7 v\u00e0rem sortir al Museu Arqueol\u00f2gic de Catalunya per ampliar els nostres coneixements sobre la Prehist\u00f2ria que hav\u00edem treballat pr\u00e8viament a classe.<\/p>\n<p>Aqu\u00ed podeu veure una petita <a href=\"https:\/\/photos.app.goo.gl\/1MMFkPdBn9LEUXSb2\">mostra<\/a> del dia<\/p>\n","protected":false},"excerpt":{"rendered":"<p>El passat dimarts 13 de mar\u00e7 v\u00e0rem sortir al Museu Arqueol\u00f2gic de Catalunya per ampliar els nostres coneixements sobre la Prehist\u00f2ria que hav\u00edem treballat pr\u00e8viament a classe.<br \/>\nAqu\u00ed podeu veure una petita <a href=\"https:\/\/photos.app.goo.gl\/1MMFkPdBn9LEUXSb2\">mostra<\/a> del dia<\/p>\n","protected":false},"author":52,"featured_media":2171,"comment_status":"open","ping_status":"closed","sticky":false,"template":"","format":"standard","meta":{"_bbp_topic_count":0,"_bbp_reply_count":0,"_bbp_total_topic_count":0,"_bbp_total_reply_count":0,"_bbp_voice_count":0,"_bbp_anonymous_reply_count":0,"_bbp_topic_count_hidden":0,"_bbp_reply_count_hidden":0,"_bbp_forum_subforum_count":0,"footnotes":""},"categories":[147,1],"tags":[],"class_list":["post-2170","post","type-post","status-publish","format-standard","has-post-thumbnail","hentry","category-novetats-geografia-i-historia","category-general"],"post_mailing_queue_ids":[],"_links":{"self":[{"href":"https:\/\/agora.xtec.cat\/ies-santa-eulalia\/wp-json\/wp\/v2\/posts\/2170","targetHints":{"allow":["GET"]}}],"collection":[{"href":"https:\/\/agora.xtec.cat\/ies-santa-eulalia\/wp-json\/wp\/v2\/posts"}],"about":[{"href":"https:\/\/agora.xtec.cat\/ies-santa-eulalia\/wp-json\/wp\/v2\/types\/post"}],"author":[{"embeddable":true,"href":"https:\/\/agora.xtec.cat\/ies-santa-eulalia\/wp-json\/wp\/v2\/users\/52"}],"replies":[{"embeddable":true,"href":"https:\/\/agora.xtec.cat\/ies-santa-eulalia\/wp-json\/wp\/v2\/comments?post=2170"}],"version-history":[{"count":1,"href":"https:\/\/agora.xtec.cat\/ies-santa-eulalia\/wp-json\/wp\/v2\/posts\/2170\/revisions"}],"predecessor-version":[{"id":2172,"href":"https:\/\/agora.xtec.cat\/ies-santa-eulalia\/wp-json\/wp\/v2\/posts\/2170\/revisions\/2172"}],"wp:featuredmedia":[{"embeddable":true,"href":"https:\/\/agora.xtec.cat\/ies-santa-eulalia\/wp-json\/wp\/v2\/media\/2171"}],"wp:attachment":[{"href":"https:\/\/agora.xtec.cat\/ies-santa-eulalia\/wp-json\/wp\/v2\/media?parent=2170"}],"wp:term":[{"taxonomy":"category","embeddable":true,"href":"https:\/\/agora.xtec.cat\/ies-santa-eulalia\/wp-json\/wp\/v2\/categories?post=2170"},{"taxonomy":"post_tag","embeddable":true,"href":"https:\/\/agora.xtec.cat\/ies-santa-eulalia\/wp-json\/wp\/v2\/tags?post=2170"}],"curies":[{"name":"wp","href":"https:\/\/api.w.org\/{rel}","templated":true}]}}