{"id":2163,"date":"2018-03-21T09:50:46","date_gmt":"2018-03-21T08:50:46","guid":{"rendered":"http:\/\/agora.xtec.cat\/ies-santa-eulalia\/?p=2163"},"modified":"2018-03-23T10:30:08","modified_gmt":"2018-03-23T09:30:08","slug":"dia-mundial-de-la-sindrome-de-down","status":"publish","type":"post","link":"https:\/\/agora.xtec.cat\/ies-santa-eulalia\/general\/dia-mundial-de-la-sindrome-de-down\/","title":{"rendered":"Dia Mundial de la S\u00edndrome de Down"},"content":{"rendered":"<p>Down Espanya ha llan\u00e7at la campanya &#8216;Aut\u00e8ntics&#8217; amb motiu del Dia Mundial de la S\u00edndrome de Down, que se celebra el dimecres 21 de mar\u00e7.<br \/>\nLa campanya, realitzada sense cap tipus de gui\u00f3, &#8220;mostra les persones amb s\u00edndrome de Down tal com s\u00f3n, sense artificis, i reflecteix que ells s\u00f3n inimitables, espontanis i genu\u00efns, en definitiva, aut\u00e8ntics&#8221;, indica l&#8217;entitat.<br \/>\n&#8220;L&#8217;objectiu \u00e9s que la societat s&#8217;acosti m\u00e9s a la manera de ser, pensar i sentir d&#8217;aquest col\u00b7lectiu, que a Espanya est\u00e0 format per 35.000 persones, i que els descobreixi com no havia fet fins ara&#8221;, explica Down Espanya.<br \/>\nEl v\u00eddeo complet d&#8221;Aut\u00e8ntics ha arribat en nom\u00e9s una setmana m\u00e9s de 150.000 visualitzacions i Down Espanya espera que es converteixi en un \u00e8xit viral.<\/p>\n<p>(<a href=\"https:\/\/www.elperiodico.cat\/ca\/societat\/20180319\/autentics-campanya-dia-mundial-sindrome-down-6700725\">https:\/\/www.elperiodico.cat\/ca\/societat\/20180319\/autentics-campanya-dia-mundial-sindrome-down-6700725<\/a>)<\/p>\n<p>Down Espa\u00f1a: <a href=\"http:\/\/www.sindromedown.net\/\">http:\/\/www.sindromedown.net\/<\/a><\/p>\n<p><iframe loading=\"lazy\" title=\"50 Mums | 50 Kids | 1 Extra Chromosome\" width=\"500\" height=\"281\" src=\"https:\/\/www.youtube.com\/embed\/Biex1XR_mpo?start=9&#038;feature=oembed\" frameborder=\"0\" allow=\"accelerometer; autoplay; clipboard-write; encrypted-media; gyroscope; picture-in-picture; web-share\" referrerpolicy=\"strict-origin-when-cross-origin\" allowfullscreen><\/iframe><\/p>\n","protected":false},"excerpt":{"rendered":"<p>Down Espanya ha llan\u00e7at la campanya &#8216;Aut\u00e8ntics&#8217; amb motiu del Dia Mundial de la S\u00edndrome de Down, que se celebra el dimecres 21 de mar\u00e7.&hellip;  <a href=\"https:\/\/agora.xtec.cat\/ies-santa-eulalia\/general\/dia-mundial-de-la-sindrome-de-down\/\" title=\"Read Dia Mundial de la S\u00edndrome de Down\">Llegeix m\u00e9s\u00bb<\/a><\/p>\n","protected":false},"author":1,"featured_media":2164,"comment_status":"open","ping_status":"closed","sticky":false,"template":"","format":"standard","meta":{"_bbp_topic_count":0,"_bbp_reply_count":0,"_bbp_total_topic_count":0,"_bbp_total_reply_count":0,"_bbp_voice_count":0,"_bbp_anonymous_reply_count":0,"_bbp_topic_count_hidden":0,"_bbp_reply_count_hidden":0,"_bbp_forum_subforum_count":0,"footnotes":""},"categories":[1],"tags":[],"class_list":["post-2163","post","type-post","status-publish","format-standard","has-post-thumbnail","hentry","category-general"],"post_mailing_queue_ids":[],"_links":{"self":[{"href":"https:\/\/agora.xtec.cat\/ies-santa-eulalia\/wp-json\/wp\/v2\/posts\/2163","targetHints":{"allow":["GET"]}}],"collection":[{"href":"https:\/\/agora.xtec.cat\/ies-santa-eulalia\/wp-json\/wp\/v2\/posts"}],"about":[{"href":"https:\/\/agora.xtec.cat\/ies-santa-eulalia\/wp-json\/wp\/v2\/types\/post"}],"author":[{"embeddable":true,"href":"https:\/\/agora.xtec.cat\/ies-santa-eulalia\/wp-json\/wp\/v2\/users\/1"}],"replies":[{"embeddable":true,"href":"https:\/\/agora.xtec.cat\/ies-santa-eulalia\/wp-json\/wp\/v2\/comments?post=2163"}],"version-history":[{"count":3,"href":"https:\/\/agora.xtec.cat\/ies-santa-eulalia\/wp-json\/wp\/v2\/posts\/2163\/revisions"}],"predecessor-version":[{"id":2167,"href":"https:\/\/agora.xtec.cat\/ies-santa-eulalia\/wp-json\/wp\/v2\/posts\/2163\/revisions\/2167"}],"wp:featuredmedia":[{"embeddable":true,"href":"https:\/\/agora.xtec.cat\/ies-santa-eulalia\/wp-json\/wp\/v2\/media\/2164"}],"wp:attachment":[{"href":"https:\/\/agora.xtec.cat\/ies-santa-eulalia\/wp-json\/wp\/v2\/media?parent=2163"}],"wp:term":[{"taxonomy":"category","embeddable":true,"href":"https:\/\/agora.xtec.cat\/ies-santa-eulalia\/wp-json\/wp\/v2\/categories?post=2163"},{"taxonomy":"post_tag","embeddable":true,"href":"https:\/\/agora.xtec.cat\/ies-santa-eulalia\/wp-json\/wp\/v2\/tags?post=2163"}],"curies":[{"name":"wp","href":"https:\/\/api.w.org\/{rel}","templated":true}]}}