{"id":2027,"date":"2018-03-08T14:37:22","date_gmt":"2018-03-08T13:37:22","guid":{"rendered":"http:\/\/agora.xtec.cat\/ies-santa-eulalia\/?p=2027"},"modified":"2018-10-03T09:40:39","modified_gmt":"2018-10-03T07:40:39","slug":"bases-dels-concurs-de-micro-relats-cientifics-i-conte-illustrat-sant-jordi-2018","status":"publish","type":"post","link":"https:\/\/agora.xtec.cat\/ies-santa-eulalia\/general\/bases-dels-concurs-de-micro-relats-cientifics-i-conte-illustrat-sant-jordi-2018\/","title":{"rendered":"Bases dels concurs de Micro-relats cient\u00edfics i Conte Il\u00b7lustrat Sant Jordi 2018"},"content":{"rendered":"<p>Amb motiu de la <strong>Diada de Sant Jordi 2018<\/strong>, els departaments de <strong>Ci\u00e8ncies<\/strong> i <strong>Visual i Pl\u00e0stica<\/strong> de l&#8217;Institut Santa Eul\u00e0lia de l&#8217;Hospitalet de Llobregat convoquen el <strong>1r Concurs de Micro-relats cient\u00edfics<\/strong>, d&#8217;acord amb les seg\u00fcents <strong>bases<\/strong>:<\/p>\n<ul>\n<li><a href=\"https:\/\/drive.google.com\/file\/d\/1EsbuCMDbTqWxPn-Pi6AhqMW2Z2-ZtkjG\/view?usp=sharing\" target=\"_blank\" rel=\"noopener noreferrer\">1r Concurs de Micro-relats cient\u00edfics i Conte il\u00b7lustrat<\/a><\/li>\n<\/ul>\n<figure class=\"figure wp-caption aligncenter\"><a href=\"http:\/\/blocs.xtec.cat\/homeostasi\/files\/2018\/03\/QR-Bases-Relats-2018.png\"><img loading=\"lazy\" decoding=\"async\" class=\"size-medium wp-image-4220\" src=\"http:\/\/blocs.xtec.cat\/homeostasi\/files\/2018\/03\/QR-Bases-Relats-2018-300x300.png\" alt=\"\" width=\"300\" height=\"300\" \/><\/a><figcaption class=\"wp-caption-text\"><strong>Bases Concurs Relats 2018<\/strong><\/figcaption><\/figure>\n<p>Les principals dades a tindre en compte s\u00f3n les seg\u00fcents:<\/p>\n<ul>\n<li>La convocat\u00f2ria del concurs de MICRO-RELATS \u00e9s restringida a l&#8217;<strong>alumnat del centre<\/strong>.<\/li>\n<li>El concurs de relats t\u00e9 dues modalitats competitives:<br \/>\n(a) Relat curt.<br \/>\n(b) Conte il\u00b7lustrat.<\/li>\n<li>La <strong>data l\u00edmit<\/strong> d\u2019admissi\u00f3 d&#8217;imatges i obres ser\u00e0 el <strong>dilluns 9 d&#8217;Abril de 2018.<\/strong><\/li>\n<li>Al concurs de MICRO-RELATS hi haur\u00e0 <strong>dos premis per categoria<\/strong>. I tamb\u00e9 un a l&#8217;obra m\u00e9s creativa.<\/li>\n<\/ul>\n<p>Si voleu tamb\u00e9 podeu descarregar-vos el <a href=\"https:\/\/drive.google.com\/file\/d\/12WX14Pru8pk7UTonB2S7bFUc7lHXHBAQ\/view?usp=sharing\" target=\"_blank\" rel=\"noopener noreferrer\">d\u00edptic <\/a>i un <a href=\"https:\/\/drive.google.com\/file\/d\/1tfTIhze2VMyp-MadHkBLS81tM-6nrcO8\/view?usp=sharing\" target=\"_blank\" rel=\"noopener noreferrer\">cartell <\/a>per fer-ne difusi\u00f3.<\/p>\n","protected":false},"excerpt":{"rendered":"<p>Amb motiu de la Diada de Sant Jordi 2018, els departaments de Ci\u00e8ncies i Visual i Pl\u00e0stica de l&#8217;Institut Santa Eul\u00e0lia de l&#8217;Hospitalet de Llobregat convoquen el 1r Concurs de Micro-relats cient\u00edfics, d&#8217;acord amb les seg\u00fcents bases:<\/p>\n<ul>\n<li><a href=\"https:\/\/drive.google.com\/file\/d\/1EsbuCMDbTqWxPn-Pi6AhqMW2Z2-ZtkjG\/view?usp=sharing\" target=\"_blank\" rel=\"noopener noreferrer\">1r Concurs de Micro-relats cient\u00edfics&hellip;  <a href=\"https:\/\/agora.xtec.cat\/ies-santa-eulalia\/general\/bases-dels-concurs-de-micro-relats-cientifics-i-conte-illustrat-sant-jordi-2018\/\" title=\"Read Bases dels concurs de Micro-relats cient\u00edfics i Conte Il\u00b7lustrat Sant Jordi 2018\">Llegeix m\u00e9s\u00bb<\/a><br \/>\n","protected":false},"author":35,"featured_media":2028,"comment_status":"open","ping_status":"closed","sticky":false,"template":"","format":"standard","meta":{"_bbp_topic_count":0,"_bbp_reply_count":0,"_bbp_total_topic_count":0,"_bbp_total_reply_count":0,"_bbp_voice_count":0,"_bbp_anonymous_reply_count":0,"_bbp_topic_count_hidden":0,"_bbp_reply_count_hidden":0,"_bbp_forum_subforum_count":0,"footnotes":""},"categories":[144,150,1,166],"tags":[124,167,172,38],"class_list":["post-2027","post","type-post","status-publish","format-standard","has-post-thumbnail","hentry","category-novetats-ciencies-naturals","category-novetats-visual-i-plastica","category-general","category-sant-jordi","tag-2017-2018","tag-concursos","tag-relats","tag-sant-jordi"],"post_mailing_queue_ids":[],"_links":{"self":[{"href":"https:\/\/agora.xtec.cat\/ies-santa-eulalia\/wp-json\/wp\/v2\/posts\/2027","targetHints":{"allow":["GET"]}}],"collection":[{"href":"https:\/\/agora.xtec.cat\/ies-santa-eulalia\/wp-json\/wp\/v2\/posts"}],"about":[{"href":"https:\/\/agora.xtec.cat\/ies-santa-eulalia\/wp-json\/wp\/v2\/types\/post"}],"author":[{"embeddable":true,"href":"https:\/\/agora.xtec.cat\/ies-santa-eulalia\/wp-json\/wp\/v2\/users\/35"}],"replies":[{"embeddable":true,"href":"https:\/\/agora.xtec.cat\/ies-santa-eulalia\/wp-json\/wp\/v2\/comments?post=2027"}],"version-history":[{"count":1,"href":"https:\/\/agora.xtec.cat\/ies-santa-eulalia\/wp-json\/wp\/v2\/posts\/2027\/revisions"}],"predecessor-version":[{"id":2029,"href":"https:\/\/agora.xtec.cat\/ies-santa-eulalia\/wp-json\/wp\/v2\/posts\/2027\/revisions\/2029"}],"wp:featuredmedia":[{"embeddable":true,"href":"https:\/\/agora.xtec.cat\/ies-santa-eulalia\/wp-json\/wp\/v2\/media\/2028"}],"wp:attachment":[{"href":"https:\/\/agora.xtec.cat\/ies-santa-eulalia\/wp-json\/wp\/v2\/media?parent=2027"}],"wp:term":[{"taxonomy":"category","embeddable":true,"href":"https:\/\/agora.xtec.cat\/ies-santa-eulalia\/wp-json\/wp\/v2\/categories?post=2027"},{"taxonomy":"post_tag","embeddable":true,"href":"https:\/\/agora.xtec.cat\/ies-santa-eulalia\/wp-json\/wp\/v2\/tags?post=2027"}],"curies":[{"name":"wp","href":"https:\/\/api.w.org\/{rel}","templated":true}]}}