{"id":1818,"date":"2018-02-15T16:26:57","date_gmt":"2018-02-15T15:26:57","guid":{"rendered":"http:\/\/agora.xtec.cat\/ies-santa-eulalia\/?p=1818"},"modified":"2018-10-03T09:48:10","modified_gmt":"2018-10-03T07:48:10","slug":"4rt-a-caixaforum-sortida-catala-i-socials","status":"publish","type":"post","link":"https:\/\/agora.xtec.cat\/ies-santa-eulalia\/general\/4rt-a-caixaforum-sortida-catala-i-socials\/","title":{"rendered":"4t A Caixaf\u00f2rum Sortida catal\u00e0 i socials"},"content":{"rendered":"<p>Aqu\u00ed teniu una petita mostra de la nostra sortida al Caixaf\u00f2rum on hem participat en un taller de catal\u00e0 i en una visita guiada d&#8217;art contemporani.<\/p>\n<p>&nbsp;<\/p>\n<p>Fotos\u00a0<a href=\"https:\/\/photos.app.goo.gl\/om7QGjWFSEk8tf5J3\">https:\/\/photos.app.goo.gl\/om7QGjWFSEk8tf5J3<\/a><\/p>\n<p><a href=\"http:\/\/agora.xtec.cat\/ies-santa-eulalia\/wp-content\/uploads\/usu1612\/2018\/02\/IMG_2062.jpg\"><img loading=\"lazy\" decoding=\"async\" class=\"alignnone size-large wp-image-1819\" src=\"http:\/\/agora.xtec.cat\/ies-santa-eulalia\/wp-content\/uploads\/usu1612\/2018\/02\/IMG_2062-1024x768.jpg\" alt=\"\" width=\"1024\" height=\"768\" srcset=\"https:\/\/agora.xtec.cat\/ies-santa-eulalia\/wp-content\/uploads\/usu1612\/2018\/02\/IMG_2062-1024x768.jpg 1024w, https:\/\/agora.xtec.cat\/ies-santa-eulalia\/wp-content\/uploads\/usu1612\/2018\/02\/IMG_2062-300x225.jpg 300w, https:\/\/agora.xtec.cat\/ies-santa-eulalia\/wp-content\/uploads\/usu1612\/2018\/02\/IMG_2062-768x576.jpg 768w, https:\/\/agora.xtec.cat\/ies-santa-eulalia\/wp-content\/uploads\/usu1612\/2018\/02\/IMG_2062-200x150.jpg 200w\" sizes=\"auto, (max-width: 1024px) 100vw, 1024px\" \/><\/a><\/p>\n","protected":false},"excerpt":{"rendered":"<p>Aqu\u00ed teniu una petita mostra de la nostra sortida al Caixaf\u00f2rum on hem participat en un taller de catal\u00e0 i en una visita guiada d&#8217;art contemporani.<br \/>\n&nbsp;<br \/>\nFotos\u00a0<a href=\"https:\/\/photos.app.goo.gl\/om7QGjWFSEk8tf5J3\">https:\/\/photos.app.goo.gl\/om7QGjWFSEk8tf5J3<\/a><br \/>\n<a href=\"http:\/\/agora.xtec.cat\/ies-santa-eulalia\/wp-content\/uploads\/usu1612\/2018\/02\/IMG_2062.jpg\"><\/a><\/p>\n","protected":false},"author":52,"featured_media":1819,"comment_status":"open","ping_status":"closed","sticky":false,"template":"","format":"standard","meta":{"_bbp_topic_count":0,"_bbp_reply_count":0,"_bbp_total_topic_count":0,"_bbp_total_reply_count":0,"_bbp_voice_count":0,"_bbp_anonymous_reply_count":0,"_bbp_topic_count_hidden":0,"_bbp_reply_count_hidden":0,"_bbp_forum_subforum_count":0,"footnotes":""},"categories":[136,147,1],"tags":[],"class_list":["post-1818","post","type-post","status-publish","format-standard","has-post-thumbnail","hentry","category-novetats-catala","category-novetats-geografia-i-historia","category-general"],"post_mailing_queue_ids":[],"_links":{"self":[{"href":"https:\/\/agora.xtec.cat\/ies-santa-eulalia\/wp-json\/wp\/v2\/posts\/1818","targetHints":{"allow":["GET"]}}],"collection":[{"href":"https:\/\/agora.xtec.cat\/ies-santa-eulalia\/wp-json\/wp\/v2\/posts"}],"about":[{"href":"https:\/\/agora.xtec.cat\/ies-santa-eulalia\/wp-json\/wp\/v2\/types\/post"}],"author":[{"embeddable":true,"href":"https:\/\/agora.xtec.cat\/ies-santa-eulalia\/wp-json\/wp\/v2\/users\/52"}],"replies":[{"embeddable":true,"href":"https:\/\/agora.xtec.cat\/ies-santa-eulalia\/wp-json\/wp\/v2\/comments?post=1818"}],"version-history":[{"count":3,"href":"https:\/\/agora.xtec.cat\/ies-santa-eulalia\/wp-json\/wp\/v2\/posts\/1818\/revisions"}],"predecessor-version":[{"id":1869,"href":"https:\/\/agora.xtec.cat\/ies-santa-eulalia\/wp-json\/wp\/v2\/posts\/1818\/revisions\/1869"}],"wp:featuredmedia":[{"embeddable":true,"href":"https:\/\/agora.xtec.cat\/ies-santa-eulalia\/wp-json\/wp\/v2\/media\/1819"}],"wp:attachment":[{"href":"https:\/\/agora.xtec.cat\/ies-santa-eulalia\/wp-json\/wp\/v2\/media?parent=1818"}],"wp:term":[{"taxonomy":"category","embeddable":true,"href":"https:\/\/agora.xtec.cat\/ies-santa-eulalia\/wp-json\/wp\/v2\/categories?post=1818"},{"taxonomy":"post_tag","embeddable":true,"href":"https:\/\/agora.xtec.cat\/ies-santa-eulalia\/wp-json\/wp\/v2\/tags?post=1818"}],"curies":[{"name":"wp","href":"https:\/\/api.w.org\/{rel}","templated":true}]}}