{"id":1730,"date":"2018-02-11T12:42:44","date_gmt":"2018-02-11T11:42:44","guid":{"rendered":"http:\/\/agora.xtec.cat\/ies-santa-eulalia\/?p=1730"},"modified":"2018-10-03T09:49:37","modified_gmt":"2018-10-03T07:49:37","slug":"4rt-a-eso-carnaval-2017-2018","status":"publish","type":"post","link":"https:\/\/agora.xtec.cat\/ies-santa-eulalia\/general\/4rt-a-eso-carnaval-2017-2018\/","title":{"rendered":"4rt A ESO &#8211; Carnaval 2017-2918"},"content":{"rendered":"<p>El passat divendres 9 v\u00e0rem celebrar el carnaval a l&#8217;Institut. Aqu\u00ed teniu una petita mostra del\u00a0<a href=\"https:\/\/photos.app.goo.gl\/n4YdK8ZSa7LJuzTv2\">4rt ESO Carnaval 9 Febrer 2018<\/a><\/p>\n<p><img loading=\"lazy\" decoding=\"async\" class=\"attachment-266x266 size-266x266 aligncenter\" src=\"http:\/\/agora.xtec.cat\/ies-santa-eulalia\/wp-content\/uploads\/usu1612\/2018\/02\/IMG_6724-1.jpg\" alt=\"\" width=\"266\" height=\"197\" \/><\/p>\n<p>Tamb\u00e9 v\u00e0rem preparar una coreografia. Aqu\u00ed podeu veure el <a href=\"https:\/\/drive.google.com\/open?id=1v4K0Av9w8bnj0DzDah3fsNZJobJyeN4O\">Video coreografia 4rt A 2017-2018<\/a><\/p>\n<p>&nbsp;<\/p>\n","protected":false},"excerpt":{"rendered":"<p>El passat divendres 9 v\u00e0rem celebrar el carnaval a l&#8217;Institut. Aqu\u00ed teniu una petita mostra del\u00a0<a href=\"https:\/\/photos.app.goo.gl\/n4YdK8ZSa7LJuzTv2\">4rt ESO Carnaval 9 Febrer 2018<\/a><\/p>\n<p>Tamb\u00e9 v\u00e0rem preparar una coreografia. Aqu\u00ed podeu veure el <a href=\"https:\/\/drive.google.com\/open?id=1v4K0Av9w8bnj0DzDah3fsNZJobJyeN4O\">Video coreografia 4rt A 2017-2018<\/a><br \/>\n&nbsp;<\/p>\n","protected":false},"author":52,"featured_media":1811,"comment_status":"open","ping_status":"closed","sticky":false,"template":"","format":"standard","meta":{"_bbp_topic_count":0,"_bbp_reply_count":0,"_bbp_total_topic_count":0,"_bbp_total_reply_count":0,"_bbp_voice_count":0,"_bbp_anonymous_reply_count":0,"_bbp_topic_count_hidden":0,"_bbp_reply_count_hidden":0,"_bbp_forum_subforum_count":0,"footnotes":""},"categories":[1],"tags":[],"class_list":["post-1730","post","type-post","status-publish","format-standard","has-post-thumbnail","hentry","category-general"],"post_mailing_queue_ids":[],"_links":{"self":[{"href":"https:\/\/agora.xtec.cat\/ies-santa-eulalia\/wp-json\/wp\/v2\/posts\/1730","targetHints":{"allow":["GET"]}}],"collection":[{"href":"https:\/\/agora.xtec.cat\/ies-santa-eulalia\/wp-json\/wp\/v2\/posts"}],"about":[{"href":"https:\/\/agora.xtec.cat\/ies-santa-eulalia\/wp-json\/wp\/v2\/types\/post"}],"author":[{"embeddable":true,"href":"https:\/\/agora.xtec.cat\/ies-santa-eulalia\/wp-json\/wp\/v2\/users\/52"}],"replies":[{"embeddable":true,"href":"https:\/\/agora.xtec.cat\/ies-santa-eulalia\/wp-json\/wp\/v2\/comments?post=1730"}],"version-history":[{"count":4,"href":"https:\/\/agora.xtec.cat\/ies-santa-eulalia\/wp-json\/wp\/v2\/posts\/1730\/revisions"}],"predecessor-version":[{"id":1769,"href":"https:\/\/agora.xtec.cat\/ies-santa-eulalia\/wp-json\/wp\/v2\/posts\/1730\/revisions\/1769"}],"wp:featuredmedia":[{"embeddable":true,"href":"https:\/\/agora.xtec.cat\/ies-santa-eulalia\/wp-json\/wp\/v2\/media\/1811"}],"wp:attachment":[{"href":"https:\/\/agora.xtec.cat\/ies-santa-eulalia\/wp-json\/wp\/v2\/media?parent=1730"}],"wp:term":[{"taxonomy":"category","embeddable":true,"href":"https:\/\/agora.xtec.cat\/ies-santa-eulalia\/wp-json\/wp\/v2\/categories?post=1730"},{"taxonomy":"post_tag","embeddable":true,"href":"https:\/\/agora.xtec.cat\/ies-santa-eulalia\/wp-json\/wp\/v2\/tags?post=1730"}],"curies":[{"name":"wp","href":"https:\/\/api.w.org\/{rel}","templated":true}]}}