{"id":1667,"date":"2018-02-05T13:29:30","date_gmt":"2018-02-05T12:29:30","guid":{"rendered":"http:\/\/agora.xtec.cat\/ies-santa-eulalia\/?p=1667"},"modified":"2018-03-02T10:33:47","modified_gmt":"2018-03-02T09:33:47","slug":"27-de-febrer-nova-sessio-de-lescola-de-mares-i-pares","status":"publish","type":"post","link":"https:\/\/agora.xtec.cat\/ies-santa-eulalia\/general\/27-de-febrer-nova-sessio-de-lescola-de-mares-i-pares\/","title":{"rendered":"27 de febrer: nova sessi\u00f3 de l&#8217;Escola de Mares i Pares"},"content":{"rendered":"<p>El passat 30 de gener vam fer la quarta sessi\u00f3 de l&#8217;Escola de Mares i Pares de l&#8217;Institut Santa Eul\u00e0lia dedicada a &#8220;Com educar per la felicitat: influ\u00e8ncia del llenguatge i dels estils explicatius&#8221;. Va ser un taller molt profit\u00f3s i no ens va donar temps d&#8217;acabar: per aix\u00f2, el dimarts 27 de febrer ens reunirem de nou per seguir treballant el que ens va faltar. En la sessi\u00f3 de febrer, tamb\u00e9, fixarem la data de la sessi\u00f3 de mar\u00e7, amb el tema &#8220;Creences que emmalalteixen i creences que sanen&#8221;.<\/p>\n<p><span id=\"sample-permalink\"><a href=\"http:\/\/agora.xtec.cat\/ies-santa-eulalia\/serveis\/escola-de-mares-i-pares\/\">http:\/\/agora.xtec.cat\/ies-santa-eulalia\/serveis\/<span id=\"editable-post-name\">escola-de-mares-i-pares<\/span>\/<\/a><\/span> \u200e<\/p>\n<p><a href=\"https:\/\/photos.app.goo.gl\/EqNnA1hAbuRoQB3r2\">Fotos<\/a><\/p>\n","protected":false},"excerpt":{"rendered":"<p>El passat 30 de gener vam fer la quarta sessi\u00f3 de l&#8217;Escola de Mares i Pares de l&#8217;Institut Santa Eul\u00e0lia dedicada a &#8220;Com educar per la felicitat: influ\u00e8ncia del llenguatge i dels estils explicatius&#8221;. Va ser un taller molt profit\u00f3s i no ens va donar&hellip;  <a href=\"https:\/\/agora.xtec.cat\/ies-santa-eulalia\/general\/27-de-febrer-nova-sessio-de-lescola-de-mares-i-pares\/\" title=\"Read 27 de febrer: nova sessi\u00f3 de l&#8217;Escola de Mares i Pares\">Llegeix m\u00e9s\u00bb<\/a><\/p>\n","protected":false},"author":1,"featured_media":0,"comment_status":"open","ping_status":"closed","sticky":false,"template":"","format":"standard","meta":{"_bbp_topic_count":0,"_bbp_reply_count":0,"_bbp_total_topic_count":0,"_bbp_total_reply_count":0,"_bbp_voice_count":0,"_bbp_anonymous_reply_count":0,"_bbp_topic_count_hidden":0,"_bbp_reply_count_hidden":0,"_bbp_forum_subforum_count":0,"footnotes":""},"categories":[1],"tags":[],"class_list":["post-1667","post","type-post","status-publish","format-standard","hentry","category-general"],"post_mailing_queue_ids":[],"_links":{"self":[{"href":"https:\/\/agora.xtec.cat\/ies-santa-eulalia\/wp-json\/wp\/v2\/posts\/1667","targetHints":{"allow":["GET"]}}],"collection":[{"href":"https:\/\/agora.xtec.cat\/ies-santa-eulalia\/wp-json\/wp\/v2\/posts"}],"about":[{"href":"https:\/\/agora.xtec.cat\/ies-santa-eulalia\/wp-json\/wp\/v2\/types\/post"}],"author":[{"embeddable":true,"href":"https:\/\/agora.xtec.cat\/ies-santa-eulalia\/wp-json\/wp\/v2\/users\/1"}],"replies":[{"embeddable":true,"href":"https:\/\/agora.xtec.cat\/ies-santa-eulalia\/wp-json\/wp\/v2\/comments?post=1667"}],"version-history":[{"count":3,"href":"https:\/\/agora.xtec.cat\/ies-santa-eulalia\/wp-json\/wp\/v2\/posts\/1667\/revisions"}],"predecessor-version":[{"id":1671,"href":"https:\/\/agora.xtec.cat\/ies-santa-eulalia\/wp-json\/wp\/v2\/posts\/1667\/revisions\/1671"}],"wp:attachment":[{"href":"https:\/\/agora.xtec.cat\/ies-santa-eulalia\/wp-json\/wp\/v2\/media?parent=1667"}],"wp:term":[{"taxonomy":"category","embeddable":true,"href":"https:\/\/agora.xtec.cat\/ies-santa-eulalia\/wp-json\/wp\/v2\/categories?post=1667"},{"taxonomy":"post_tag","embeddable":true,"href":"https:\/\/agora.xtec.cat\/ies-santa-eulalia\/wp-json\/wp\/v2\/tags?post=1667"}],"curies":[{"name":"wp","href":"https:\/\/api.w.org\/{rel}","templated":true}]}}