{"id":1557,"date":"2018-01-26T12:17:46","date_gmt":"2018-01-26T11:17:46","guid":{"rendered":"http:\/\/agora.xtec.cat\/ies-santa-eulalia\/?p=1557"},"modified":"2018-02-23T10:41:33","modified_gmt":"2018-02-23T09:41:33","slug":"sortida-de-batxillerat-a-la-ub","status":"publish","type":"post","link":"https:\/\/agora.xtec.cat\/ies-santa-eulalia\/batxillerat\/sortida-de-batxillerat-a-la-ub\/","title":{"rendered":"Sortida de Batxillerat a la UB"},"content":{"rendered":"<p>Els alumnes de Batxillerat de la via cient\u00edfico-t\u00e8cnica van assistir a la confer\u00e8ncia &#8220;Sistemes de recomanaci\u00f3 i la seva integraci\u00f3 en interf\u00edcies 2D i 3D&#8221; que va tenir lloc a la facultat de Matem\u00e0tiques de la Universitat de Barcelona el passat dia 17 de gener de 2018.\u00a0 La confer\u00e8ncia va anar seguida d&#8217;un taller pr\u00e0ctic on els alumnes van poder interactuar en un m\u00f3n virtual 3D.<\/p>\n<p><a href=\"http:\/\/agora.xtec.cat\/ies-santa-eulalia\/wp-content\/uploads\/usu1612\/2018\/01\/Foto_UB_2_mod.jpg\"><img loading=\"lazy\" decoding=\"async\" class=\"wp-image-1560 size-medium aligncenter\" src=\"http:\/\/agora.xtec.cat\/ies-santa-eulalia\/wp-content\/uploads\/usu1612\/2018\/01\/Foto_UB_2_mod-300x225.jpg\" alt=\"\" width=\"300\" height=\"225\" srcset=\"https:\/\/agora.xtec.cat\/ies-santa-eulalia\/wp-content\/uploads\/usu1612\/2018\/01\/Foto_UB_2_mod-300x225.jpg 300w, https:\/\/agora.xtec.cat\/ies-santa-eulalia\/wp-content\/uploads\/usu1612\/2018\/01\/Foto_UB_2_mod-768x576.jpg 768w, https:\/\/agora.xtec.cat\/ies-santa-eulalia\/wp-content\/uploads\/usu1612\/2018\/01\/Foto_UB_2_mod-200x150.jpg 200w, https:\/\/agora.xtec.cat\/ies-santa-eulalia\/wp-content\/uploads\/usu1612\/2018\/01\/Foto_UB_2_mod.jpg 900w\" sizes=\"auto, (max-width: 300px) 100vw, 300px\" \/><\/a><\/p>\n<p><a href=\"http:\/\/agora.xtec.cat\/ies-santa-eulalia\/wp-content\/uploads\/usu1612\/2018\/01\/Foto_UB_1_mod.jpg\"><img loading=\"lazy\" decoding=\"async\" class=\"size-medium wp-image-1563 aligncenter\" src=\"http:\/\/agora.xtec.cat\/ies-santa-eulalia\/wp-content\/uploads\/usu1612\/2018\/01\/Foto_UB_1_mod-300x225.jpg\" alt=\"\" width=\"300\" height=\"225\" srcset=\"https:\/\/agora.xtec.cat\/ies-santa-eulalia\/wp-content\/uploads\/usu1612\/2018\/01\/Foto_UB_1_mod-300x225.jpg 300w, https:\/\/agora.xtec.cat\/ies-santa-eulalia\/wp-content\/uploads\/usu1612\/2018\/01\/Foto_UB_1_mod-768x576.jpg 768w, https:\/\/agora.xtec.cat\/ies-santa-eulalia\/wp-content\/uploads\/usu1612\/2018\/01\/Foto_UB_1_mod-200x150.jpg 200w, https:\/\/agora.xtec.cat\/ies-santa-eulalia\/wp-content\/uploads\/usu1612\/2018\/01\/Foto_UB_1_mod.jpg 900w\" sizes=\"auto, (max-width: 300px) 100vw, 300px\" \/><\/a><\/p>\n","protected":false},"excerpt":{"rendered":"<p>Els alumnes de Batxillerat de la via cient\u00edfico-t\u00e8cnica van assistir a la confer\u00e8ncia &#8220;Sistemes de recomanaci\u00f3 i la seva integraci\u00f3 en interf\u00edcies 2D i 3D&#8221; que va tenir lloc a la facultat de Matem\u00e0tiques de la Universitat de Barcelona el passat dia 17 de gener&hellip;  <a href=\"https:\/\/agora.xtec.cat\/ies-santa-eulalia\/batxillerat\/sortida-de-batxillerat-a-la-ub\/\" title=\"Read Sortida de Batxillerat a la UB\">Llegeix m\u00e9s\u00bb<\/a><\/p>\n","protected":false},"author":14,"featured_media":1560,"comment_status":"open","ping_status":"closed","sticky":false,"template":"","format":"standard","meta":{"_bbp_topic_count":0,"_bbp_reply_count":0,"_bbp_total_topic_count":0,"_bbp_total_reply_count":0,"_bbp_voice_count":0,"_bbp_anonymous_reply_count":0,"_bbp_topic_count_hidden":0,"_bbp_reply_count_hidden":0,"_bbp_forum_subforum_count":0,"footnotes":""},"categories":[8],"tags":[],"class_list":["post-1557","post","type-post","status-publish","format-standard","has-post-thumbnail","hentry","category-batxillerat"],"post_mailing_queue_ids":[],"_links":{"self":[{"href":"https:\/\/agora.xtec.cat\/ies-santa-eulalia\/wp-json\/wp\/v2\/posts\/1557","targetHints":{"allow":["GET"]}}],"collection":[{"href":"https:\/\/agora.xtec.cat\/ies-santa-eulalia\/wp-json\/wp\/v2\/posts"}],"about":[{"href":"https:\/\/agora.xtec.cat\/ies-santa-eulalia\/wp-json\/wp\/v2\/types\/post"}],"author":[{"embeddable":true,"href":"https:\/\/agora.xtec.cat\/ies-santa-eulalia\/wp-json\/wp\/v2\/users\/14"}],"replies":[{"embeddable":true,"href":"https:\/\/agora.xtec.cat\/ies-santa-eulalia\/wp-json\/wp\/v2\/comments?post=1557"}],"version-history":[{"count":3,"href":"https:\/\/agora.xtec.cat\/ies-santa-eulalia\/wp-json\/wp\/v2\/posts\/1557\/revisions"}],"predecessor-version":[{"id":1568,"href":"https:\/\/agora.xtec.cat\/ies-santa-eulalia\/wp-json\/wp\/v2\/posts\/1557\/revisions\/1568"}],"wp:featuredmedia":[{"embeddable":true,"href":"https:\/\/agora.xtec.cat\/ies-santa-eulalia\/wp-json\/wp\/v2\/media\/1560"}],"wp:attachment":[{"href":"https:\/\/agora.xtec.cat\/ies-santa-eulalia\/wp-json\/wp\/v2\/media?parent=1557"}],"wp:term":[{"taxonomy":"category","embeddable":true,"href":"https:\/\/agora.xtec.cat\/ies-santa-eulalia\/wp-json\/wp\/v2\/categories?post=1557"},{"taxonomy":"post_tag","embeddable":true,"href":"https:\/\/agora.xtec.cat\/ies-santa-eulalia\/wp-json\/wp\/v2\/tags?post=1557"}],"curies":[{"name":"wp","href":"https:\/\/api.w.org\/{rel}","templated":true}]}}