{"id":1413,"date":"2018-01-29T11:44:41","date_gmt":"2018-01-29T10:44:41","guid":{"rendered":"http:\/\/agora.xtec.cat\/ies-santa-eulalia\/?p=1413"},"modified":"2018-01-29T11:48:28","modified_gmt":"2018-01-29T10:48:28","slug":"servei-de-mediacio-escolar","status":"publish","type":"post","link":"https:\/\/agora.xtec.cat\/ies-santa-eulalia\/comissions\/servei-de-mediacio-escolar\/","title":{"rendered":"SERVEI DE MEDIACI\u00d3 ESCOLAR"},"content":{"rendered":"<p><strong>QU\u00c8 \u00c9S LA MEDIACI\u00d3?<\/strong><\/p>\n<p>La mediaci\u00f3 \u00e9s una forma de resoldre conflictes amb l\u00b4ajut dels mediadors. S\u00f3n neutrals, no opinen i ajuden a solucionar els problemes de manera pac\u00edfica i equitativa.<\/p>\n<p><a href=\"http:\/\/agora.xtec.cat\/ies-santa-eulalia\/wp-content\/uploads\/usu1612\/2018\/01\/LOGO-MEDIACIO-3-DEFINITIU.png\"><img loading=\"lazy\" decoding=\"async\" class=\"wp-image-1410 alignleft\" src=\"http:\/\/agora.xtec.cat\/ies-santa-eulalia\/wp-content\/uploads\/usu1612\/2018\/01\/LOGO-MEDIACIO-3-DEFINITIU-724x1024.png\" alt=\"\" width=\"208\" height=\"294\" srcset=\"https:\/\/agora.xtec.cat\/ies-santa-eulalia\/wp-content\/uploads\/usu1612\/2018\/01\/LOGO-MEDIACIO-3-DEFINITIU-724x1024.png 724w, https:\/\/agora.xtec.cat\/ies-santa-eulalia\/wp-content\/uploads\/usu1612\/2018\/01\/LOGO-MEDIACIO-3-DEFINITIU-212x300.png 212w, https:\/\/agora.xtec.cat\/ies-santa-eulalia\/wp-content\/uploads\/usu1612\/2018\/01\/LOGO-MEDIACIO-3-DEFINITIU.png 744w\" sizes=\"auto, (max-width: 208px) 100vw, 208px\" \/><\/a><\/p>\n<p>&nbsp;<\/p>\n<p>&nbsp;<\/p>\n<p>&nbsp;<\/p>\n<p>&nbsp;<\/p>\n<p>&nbsp;<\/p>\n<p>&nbsp;<\/p>\n<p>&nbsp;<\/p>\n<p><strong>PER A QU\u00c8 SERVEIX?<\/strong><\/p>\n<ul>\n<li>Ajuda a resoldre conflictes.<\/li>\n<li>Redueix la viol\u00e8ncia.<\/li>\n<li>Facilita el di\u00e0leg.<\/li>\n<li>Millora la conviv\u00e8ncia.<\/li>\n<\/ul>\n<p><strong>QUAN PUC DEMANAR UNA MEDIACI\u00d3?<\/strong><\/p>\n<p>Quan tinguis un conflicte amb un company, en el que no hi hagi hagut una agressi\u00f3 o amena\u00e7a, i el vulguis resoldre de manera pac\u00edfica.<\/p>\n<p><strong>QUAN DEMANAR UNA MEDIACI\u00d3?<\/strong><\/p>\n<ul>\n<li>Parlar amb el teu tutor o tutora.<\/li>\n<li>Omplir l\u00b4impr\u00e8s per demanar una mediaci\u00f3 i deixar-ho a la b\u00fastia de consergeria.\u00a0\u00a0<a href=\"http:\/\/agora.xtec.cat\/ies-santa-eulalia\/wp-content\/uploads\/usu1612\/2018\/01\/b\u00fastia.jpg\"><img loading=\"lazy\" decoding=\"async\" class=\"wp-image-1593 aligncenter\" src=\"http:\/\/agora.xtec.cat\/ies-santa-eulalia\/wp-content\/uploads\/usu1612\/2018\/01\/b\u00fastia-1024x576.jpg\" alt=\"\" width=\"388\" height=\"218\" srcset=\"https:\/\/agora.xtec.cat\/ies-santa-eulalia\/wp-content\/uploads\/usu1612\/2018\/01\/b\u00fastia-1024x576.jpg 1024w, https:\/\/agora.xtec.cat\/ies-santa-eulalia\/wp-content\/uploads\/usu1612\/2018\/01\/b\u00fastia-300x169.jpg 300w, https:\/\/agora.xtec.cat\/ies-santa-eulalia\/wp-content\/uploads\/usu1612\/2018\/01\/b\u00fastia-768x432.jpg 768w\" sizes=\"auto, (max-width: 388px) 100vw, 388px\" \/><\/a><\/li>\n<\/ul>\n<p><strong>QUI S\u00d3N ELS MEDIADORS?<\/strong><\/p>\n<p>S\u00f3n alumnes que s\u00b4han format a l\u00b4alternativa de mediaci\u00f3\u00a0 3r d\u00b4ESO.<\/p>\n<p>Participem a les trobades de Centres Mediadors de l\u00b4Hospitalet.<\/p>\n\n\t\t<style type=\"text\/css\">\n\t\t\t#gallery-1 {\n\t\t\t\tmargin: auto;\n\t\t\t}\n\t\t\t#gallery-1 .gallery-item {\n\t\t\t\tfloat: left;\n\t\t\t\tmargin-top: 10px;\n\t\t\t\ttext-align: center;\n\t\t\t\twidth: 33%;\n\t\t\t}\n\t\t\t#gallery-1 img {\n\t\t\t\tborder: 2px solid #cfcfcf;\n\t\t\t}\n\t\t\t#gallery-1 .gallery-caption {\n\t\t\t\tmargin-left: 0;\n\t\t\t}\n\t\t\t\/* see gallery_shortcode() in wp-includes\/media.php *\/\n\t\t<\/style>\n\t\t<div id='gallery-1' class='gallery galleryid-1413 gallery-columns-3 gallery-size-thumbnail'><dl class='gallery-item'>\n\t\t\t<dt class='gallery-icon landscape'>\n\t\t\t\t<a href='https:\/\/agora.xtec.cat\/ies-santa-eulalia\/comissions\/servei-de-mediacio-escolar\/attachment\/1a-promocio-altern-mediacio\/'><img loading=\"lazy\" decoding=\"async\" width=\"150\" height=\"150\" src=\"https:\/\/agora.xtec.cat\/ies-santa-eulalia\/wp-content\/uploads\/usu1612\/2018\/01\/1A-PROMOCI\u00d3-ALTERN-MEDIACI\u00d3-150x150.jpg\" class=\"attachment-thumbnail size-thumbnail\" alt=\"\" aria-describedby=\"gallery-1-1590\" \/><\/a>\n\t\t\t<\/dt>\n\t\t\t\t<dd class='wp-caption-text gallery-caption' id='gallery-1-1590'>\n\t\t\t\tIV Trobada Centres Mediadors de l\u00b4H\n\t\t\t\t<\/dd><\/dl><dl class='gallery-item'>\n\t\t\t<dt class='gallery-icon landscape'>\n\t\t\t\t<a href='https:\/\/agora.xtec.cat\/ies-santa-eulalia\/comissions\/servei-de-mediacio-escolar\/attachment\/2a-promocio-altern-2\/'><img loading=\"lazy\" decoding=\"async\" width=\"150\" height=\"150\" src=\"https:\/\/agora.xtec.cat\/ies-santa-eulalia\/wp-content\/uploads\/usu1612\/2018\/01\/2A-PROMOCI\u00d3-ALTERN-2-150x150.jpg\" class=\"attachment-thumbnail size-thumbnail\" alt=\"\" aria-describedby=\"gallery-1-1591\" \/><\/a>\n\t\t\t<\/dt>\n\t\t\t\t<dd class='wp-caption-text gallery-caption' id='gallery-1-1591'>\n\t\t\t\tV Trobada Centres Mediadors de l\u00b4H\n\t\t\t\t<\/dd><\/dl>\n\t\t\t<br style='clear: both' \/>\n\t\t<\/div>\n\n<p>&nbsp;<\/p>\n","protected":false},"excerpt":{"rendered":"<p>QU\u00c8 \u00c9S LA MEDIACI\u00d3?<br \/>\nLa mediaci\u00f3 \u00e9s una forma de resoldre conflictes amb l\u00b4ajut dels mediadors. S\u00f3n neutrals, no opinen i ajuden a solucionar els problemes de manera pac\u00edfica i equitativa.<br \/>\n<a href=\"http:\/\/agora.xtec.cat\/ies-santa-eulalia\/wp-content\/uploads\/usu1612\/2018\/01\/LOGO-MEDIACIO-3-DEFINITIU.png\"><\/a><br \/>\n&nbsp;<br \/>\n&nbsp;<br \/>\n&nbsp;<br \/>\n&nbsp;<br \/>\n&nbsp;<br \/>\n&nbsp;<br \/>\n&nbsp;<br \/>\nPER A QU\u00c8 SERVEIX?<\/p>\n<ul>\n<li>Ajuda a resoldre conflictes.<\/li>\n<li>Redueix la viol\u00e8ncia.<\/li>\n<li>Facilita el di\u00e0leg.<\/li>\n<li>Millora la conviv\u00e8ncia.<\/li>\n<\/ul>\n<p>QUAN PUC DEMANAR&hellip;  <a href=\"https:\/\/agora.xtec.cat\/ies-santa-eulalia\/comissions\/servei-de-mediacio-escolar\/\" title=\"Read SERVEI DE MEDIACI\u00d3 ESCOLAR\">Llegeix m\u00e9s\u00bb<\/a><\/p>\n","protected":false},"author":60,"featured_media":0,"comment_status":"open","ping_status":"closed","sticky":false,"template":"","format":"standard","meta":{"_bbp_topic_count":0,"_bbp_reply_count":0,"_bbp_total_topic_count":0,"_bbp_total_reply_count":0,"_bbp_voice_count":0,"_bbp_anonymous_reply_count":0,"_bbp_topic_count_hidden":0,"_bbp_reply_count_hidden":0,"_bbp_forum_subforum_count":0,"footnotes":""},"categories":[106,129],"tags":[],"class_list":["post-1413","post","type-post","status-publish","format-standard","hentry","category-comissions","category-mediacio"],"post_mailing_queue_ids":[],"_links":{"self":[{"href":"https:\/\/agora.xtec.cat\/ies-santa-eulalia\/wp-json\/wp\/v2\/posts\/1413","targetHints":{"allow":["GET"]}}],"collection":[{"href":"https:\/\/agora.xtec.cat\/ies-santa-eulalia\/wp-json\/wp\/v2\/posts"}],"about":[{"href":"https:\/\/agora.xtec.cat\/ies-santa-eulalia\/wp-json\/wp\/v2\/types\/post"}],"author":[{"embeddable":true,"href":"https:\/\/agora.xtec.cat\/ies-santa-eulalia\/wp-json\/wp\/v2\/users\/60"}],"replies":[{"embeddable":true,"href":"https:\/\/agora.xtec.cat\/ies-santa-eulalia\/wp-json\/wp\/v2\/comments?post=1413"}],"version-history":[{"count":3,"href":"https:\/\/agora.xtec.cat\/ies-santa-eulalia\/wp-json\/wp\/v2\/posts\/1413\/revisions"}],"predecessor-version":[{"id":1595,"href":"https:\/\/agora.xtec.cat\/ies-santa-eulalia\/wp-json\/wp\/v2\/posts\/1413\/revisions\/1595"}],"wp:attachment":[{"href":"https:\/\/agora.xtec.cat\/ies-santa-eulalia\/wp-json\/wp\/v2\/media?parent=1413"}],"wp:term":[{"taxonomy":"category","embeddable":true,"href":"https:\/\/agora.xtec.cat\/ies-santa-eulalia\/wp-json\/wp\/v2\/categories?post=1413"},{"taxonomy":"post_tag","embeddable":true,"href":"https:\/\/agora.xtec.cat\/ies-santa-eulalia\/wp-json\/wp\/v2\/tags?post=1413"}],"curies":[{"name":"wp","href":"https:\/\/api.w.org\/{rel}","templated":true}]}}