{"id":13775,"date":"2026-04-24T12:12:42","date_gmt":"2026-04-24T10:12:42","guid":{"rendered":"https:\/\/agora.xtec.cat\/ies-santa-eulalia\/?p=13775"},"modified":"2026-04-24T12:12:43","modified_gmt":"2026-04-24T10:12:43","slug":"lalumnat-de-2n-deso-descobreix-el-passat-medieval-de-montblanc","status":"publish","type":"post","link":"https:\/\/agora.xtec.cat\/ies-santa-eulalia\/eso\/eso-2\/lalumnat-de-2n-deso-descobreix-el-passat-medieval-de-montblanc\/","title":{"rendered":"L\u2019alumnat de 2n d\u2019ESO descobreix el passat medieval de Montblanc"},"content":{"rendered":"\n<p>Aquesta setmana, els grups de 2n d\u2019ESO han gaudit d\u2019una sortida cultural i pedag\u00f2gica a la Vila de Montblanc, a la Conca de Barber\u00e0. L\u2019objectiu de la jornada ha estat apropar l\u2019alumnat a la hist\u00f2ria medieval de Catalunya d\u2019una manera l\u00fadica i participativa, transformant la vila en un gran escenari d\u2019aprenentatge.<\/p>\n\n\n\n<figure class=\"wp-block-image size-large\"><a href=\"https:\/\/agora.xtec.cat\/ies-santa-eulalia\/wp-content\/uploads\/usu1612\/2026\/04\/20260420_121604-scaled.jpg\"><img loading=\"lazy\" decoding=\"async\" width=\"1024\" height=\"576\" src=\"https:\/\/agora.xtec.cat\/ies-santa-eulalia\/wp-content\/uploads\/usu1612\/2026\/04\/20260420_121604-1024x576.jpg\" alt=\"\" class=\"wp-image-13777\" srcset=\"https:\/\/agora.xtec.cat\/ies-santa-eulalia\/wp-content\/uploads\/usu1612\/2026\/04\/20260420_121604-1024x576.jpg 1024w, https:\/\/agora.xtec.cat\/ies-santa-eulalia\/wp-content\/uploads\/usu1612\/2026\/04\/20260420_121604-300x169.jpg 300w, https:\/\/agora.xtec.cat\/ies-santa-eulalia\/wp-content\/uploads\/usu1612\/2026\/04\/20260420_121604-768x432.jpg 768w, https:\/\/agora.xtec.cat\/ies-santa-eulalia\/wp-content\/uploads\/usu1612\/2026\/04\/20260420_121604-1536x864.jpg 1536w, https:\/\/agora.xtec.cat\/ies-santa-eulalia\/wp-content\/uploads\/usu1612\/2026\/04\/20260420_121604-2048x1152.jpg 2048w\" sizes=\"auto, (max-width: 1024px) 100vw, 1024px\" \/><\/a><\/figure>\n\n\n\n<p>L\u2019activitat central de la jornada ha consistit en una gincana de patrimoni que ha perm\u00e8s als nostres alumnes explorar els racons m\u00e9s emblem\u00e0tics del municipi. Dividits en equips, els &#8220;joves exploradors&#8221; han hagut de resoldre enigmes i superar proves localitzades en punts clau com:<\/p>\n\n\n\n<ul class=\"wp-block-list\">\n<li>L\u2019impressionant pont vell i l\u2019antic hospital.<\/li>\n\n\n\n<li>Les esgl\u00e9sies rom\u00e0niques i g\u00f2tiques, on han pogut observar les difer\u00e8ncies arquitect\u00f2niques estudiades a l\u2019aula.<\/li>\n\n\n\n<li>La Casa de la Vila i el recinte emmurallat, un dels conjunts medievals m\u00e9s ben conservats de Catalunya.<\/li>\n<\/ul>\n\n\n\n<p>Des del centre, valorem molt positivament aquestes sortides que combinen la descoberta del territori amb la conviv\u00e8ncia entre companys i companyes. Sens dubte, ha estat una experi\u00e8ncia medieval inoblidable per als nostres estudiants.<\/p>\n\n\n\n<figure class=\"wp-block-image size-large\"><a href=\"https:\/\/agora.xtec.cat\/ies-santa-eulalia\/wp-content\/uploads\/usu1612\/2026\/04\/20260420_112206-scaled.jpg\"><img loading=\"lazy\" decoding=\"async\" width=\"576\" height=\"1024\" src=\"https:\/\/agora.xtec.cat\/ies-santa-eulalia\/wp-content\/uploads\/usu1612\/2026\/04\/20260420_112206-576x1024.jpg\" alt=\"\" class=\"wp-image-13778\" srcset=\"https:\/\/agora.xtec.cat\/ies-santa-eulalia\/wp-content\/uploads\/usu1612\/2026\/04\/20260420_112206-576x1024.jpg 576w, https:\/\/agora.xtec.cat\/ies-santa-eulalia\/wp-content\/uploads\/usu1612\/2026\/04\/20260420_112206-169x300.jpg 169w, https:\/\/agora.xtec.cat\/ies-santa-eulalia\/wp-content\/uploads\/usu1612\/2026\/04\/20260420_112206-768x1365.jpg 768w, https:\/\/agora.xtec.cat\/ies-santa-eulalia\/wp-content\/uploads\/usu1612\/2026\/04\/20260420_112206-864x1536.jpg 864w, https:\/\/agora.xtec.cat\/ies-santa-eulalia\/wp-content\/uploads\/usu1612\/2026\/04\/20260420_112206-1152x2048.jpg 1152w, https:\/\/agora.xtec.cat\/ies-santa-eulalia\/wp-content\/uploads\/usu1612\/2026\/04\/20260420_112206-scaled.jpg 1440w\" sizes=\"auto, (max-width: 576px) 100vw, 576px\" \/><\/a><\/figure>\n","protected":false},"excerpt":{"rendered":"<p>Aquesta setmana, els grups de 2n d\u2019ESO han gaudit d\u2019una sortida cultural i pedag\u00f2gica a la Vila de Montblanc, a la Conca de Barber\u00e0. L\u2019objectiu de la jornada ha estat apropar l\u2019alumnat a la hist\u00f2ria medieval de Catalunya d\u2019una manera l\u00fadica i participativa, transformant la&hellip;  <a href=\"https:\/\/agora.xtec.cat\/ies-santa-eulalia\/eso\/eso-2\/lalumnat-de-2n-deso-descobreix-el-passat-medieval-de-montblanc\/\" title=\"Read L\u2019alumnat de 2n d\u2019ESO descobreix el passat medieval de Montblanc\">Llegeix m\u00e9s\u00bb<\/a><\/p>\n","protected":false},"author":1,"featured_media":13776,"comment_status":"open","ping_status":"open","sticky":true,"template":"","format":"standard","meta":{"_bbp_topic_count":0,"_bbp_reply_count":0,"_bbp_total_topic_count":0,"_bbp_total_reply_count":0,"_bbp_voice_count":0,"_bbp_anonymous_reply_count":0,"_bbp_topic_count_hidden":0,"_bbp_reply_count_hidden":0,"_bbp_forum_subforum_count":0,"footnotes":""},"categories":[147,5,29],"tags":[234,647,205,646,39],"class_list":["post-13775","post","type-post","status-publish","format-standard","has-post-thumbnail","hentry","category-novetats-geografia-i-historia","category-eso-2","category-portada","tag-copem","tag-conca-de-barbera","tag-ins-santa-eulalia","tag-montblanc","tag-sortides"],"post_mailing_queue_ids":[],"_links":{"self":[{"href":"https:\/\/agora.xtec.cat\/ies-santa-eulalia\/wp-json\/wp\/v2\/posts\/13775","targetHints":{"allow":["GET"]}}],"collection":[{"href":"https:\/\/agora.xtec.cat\/ies-santa-eulalia\/wp-json\/wp\/v2\/posts"}],"about":[{"href":"https:\/\/agora.xtec.cat\/ies-santa-eulalia\/wp-json\/wp\/v2\/types\/post"}],"author":[{"embeddable":true,"href":"https:\/\/agora.xtec.cat\/ies-santa-eulalia\/wp-json\/wp\/v2\/users\/1"}],"replies":[{"embeddable":true,"href":"https:\/\/agora.xtec.cat\/ies-santa-eulalia\/wp-json\/wp\/v2\/comments?post=13775"}],"version-history":[{"count":1,"href":"https:\/\/agora.xtec.cat\/ies-santa-eulalia\/wp-json\/wp\/v2\/posts\/13775\/revisions"}],"predecessor-version":[{"id":13779,"href":"https:\/\/agora.xtec.cat\/ies-santa-eulalia\/wp-json\/wp\/v2\/posts\/13775\/revisions\/13779"}],"wp:featuredmedia":[{"embeddable":true,"href":"https:\/\/agora.xtec.cat\/ies-santa-eulalia\/wp-json\/wp\/v2\/media\/13776"}],"wp:attachment":[{"href":"https:\/\/agora.xtec.cat\/ies-santa-eulalia\/wp-json\/wp\/v2\/media?parent=13775"}],"wp:term":[{"taxonomy":"category","embeddable":true,"href":"https:\/\/agora.xtec.cat\/ies-santa-eulalia\/wp-json\/wp\/v2\/categories?post=13775"},{"taxonomy":"post_tag","embeddable":true,"href":"https:\/\/agora.xtec.cat\/ies-santa-eulalia\/wp-json\/wp\/v2\/tags?post=13775"}],"curies":[{"name":"wp","href":"https:\/\/api.w.org\/{rel}","templated":true}]}}