{"id":13740,"date":"2026-04-24T10:47:15","date_gmt":"2026-04-24T08:47:15","guid":{"rendered":"https:\/\/agora.xtec.cat\/ies-santa-eulalia\/?p=13740"},"modified":"2026-04-24T10:48:50","modified_gmt":"2026-04-24T08:48:50","slug":"visita-geologica-de-4t-deso-a-montjuic","status":"publish","type":"post","link":"https:\/\/agora.xtec.cat\/ies-santa-eulalia\/eso\/visita-geologica-de-4t-deso-a-montjuic\/","title":{"rendered":"Visita geol\u00f2gica de 4t d&#8217;ESO a Montju\u00efc"},"content":{"rendered":"\n<p>Dimecres passat l&#8217;alumnat de la mat\u00e8ria de Biologia i Geologia ha fet una <strong>sortida de camp a Montju\u00efc<\/strong> per estudiar les roques de la nostra muntanya m\u00e9s propera. <\/p>\n\n\n\n<p>Van visitar <strong>antigues pedredes<\/strong> que des del temps dels romans han estat explotades per construir els edificis m\u00e9s importants de l&#8217;\u00e0rea de Barcelona. Aprofitant el bon temps, ens vam acostar <strong>al Jard\u00ed bot\u00e0nic hist\u00f2ric.<\/strong><\/p>\n\n\n\n<figure class=\"wp-block-image\"><img loading=\"lazy\" decoding=\"async\" width=\"1200\" height=\"1600\" src=\"https:\/\/agora.xtec.cat\/ies-santa-eulalia\/wp-content\/uploads\/usu1612\/2026\/04\/IMG-20260417-WA0006.jpg\" alt=\"\" class=\"wp-image-13747\" srcset=\"https:\/\/agora.xtec.cat\/ies-santa-eulalia\/wp-content\/uploads\/usu1612\/2026\/04\/IMG-20260417-WA0006.jpg 1200w, https:\/\/agora.xtec.cat\/ies-santa-eulalia\/wp-content\/uploads\/usu1612\/2026\/04\/IMG-20260417-WA0006-225x300.jpg 225w, https:\/\/agora.xtec.cat\/ies-santa-eulalia\/wp-content\/uploads\/usu1612\/2026\/04\/IMG-20260417-WA0006-768x1024.jpg 768w, https:\/\/agora.xtec.cat\/ies-santa-eulalia\/wp-content\/uploads\/usu1612\/2026\/04\/IMG-20260417-WA0006-1152x1536.jpg 1152w\" sizes=\"auto, (max-width: 1200px) 100vw, 1200px\" \/><\/figure>\n\n\n\n<p><\/p>\n\n\n\n<figure class=\"wp-block-image\"><img loading=\"lazy\" decoding=\"async\" width=\"1600\" height=\"1200\" src=\"https:\/\/agora.xtec.cat\/ies-santa-eulalia\/wp-content\/uploads\/usu1612\/2026\/04\/IMG-20260417-WA0004-1.jpg\" alt=\"\" class=\"wp-image-13745\" srcset=\"https:\/\/agora.xtec.cat\/ies-santa-eulalia\/wp-content\/uploads\/usu1612\/2026\/04\/IMG-20260417-WA0004-1.jpg 1600w, https:\/\/agora.xtec.cat\/ies-santa-eulalia\/wp-content\/uploads\/usu1612\/2026\/04\/IMG-20260417-WA0004-1-300x225.jpg 300w, https:\/\/agora.xtec.cat\/ies-santa-eulalia\/wp-content\/uploads\/usu1612\/2026\/04\/IMG-20260417-WA0004-1-1024x768.jpg 1024w, https:\/\/agora.xtec.cat\/ies-santa-eulalia\/wp-content\/uploads\/usu1612\/2026\/04\/IMG-20260417-WA0004-1-768x576.jpg 768w, https:\/\/agora.xtec.cat\/ies-santa-eulalia\/wp-content\/uploads\/usu1612\/2026\/04\/IMG-20260417-WA0004-1-1536x1152.jpg 1536w, https:\/\/agora.xtec.cat\/ies-santa-eulalia\/wp-content\/uploads\/usu1612\/2026\/04\/IMG-20260417-WA0004-1-200x150.jpg 200w\" sizes=\"auto, (max-width: 1600px) 100vw, 1600px\" \/><\/figure>\n\n\n\n<p><\/p>\n\n\n\n<figure class=\"wp-block-image\"><img loading=\"lazy\" decoding=\"async\" width=\"1600\" height=\"1200\" src=\"https:\/\/agora.xtec.cat\/ies-santa-eulalia\/wp-content\/uploads\/usu1612\/2026\/04\/IMG-20260417-WA0003.jpg\" alt=\"\" class=\"wp-image-13742\" srcset=\"https:\/\/agora.xtec.cat\/ies-santa-eulalia\/wp-content\/uploads\/usu1612\/2026\/04\/IMG-20260417-WA0003.jpg 1600w, https:\/\/agora.xtec.cat\/ies-santa-eulalia\/wp-content\/uploads\/usu1612\/2026\/04\/IMG-20260417-WA0003-300x225.jpg 300w, https:\/\/agora.xtec.cat\/ies-santa-eulalia\/wp-content\/uploads\/usu1612\/2026\/04\/IMG-20260417-WA0003-1024x768.jpg 1024w, https:\/\/agora.xtec.cat\/ies-santa-eulalia\/wp-content\/uploads\/usu1612\/2026\/04\/IMG-20260417-WA0003-768x576.jpg 768w, https:\/\/agora.xtec.cat\/ies-santa-eulalia\/wp-content\/uploads\/usu1612\/2026\/04\/IMG-20260417-WA0003-1536x1152.jpg 1536w, https:\/\/agora.xtec.cat\/ies-santa-eulalia\/wp-content\/uploads\/usu1612\/2026\/04\/IMG-20260417-WA0003-200x150.jpg 200w\" sizes=\"auto, (max-width: 1600px) 100vw, 1600px\" \/><\/figure>\n\n\n\n<p><\/p>\n\n\n\n<figure class=\"wp-block-image\"><img loading=\"lazy\" decoding=\"async\" width=\"1600\" height=\"1200\" src=\"https:\/\/agora.xtec.cat\/ies-santa-eulalia\/wp-content\/uploads\/usu1612\/2026\/04\/IMG-20260417-WA0002.jpg\" alt=\"\" class=\"wp-image-13741\" srcset=\"https:\/\/agora.xtec.cat\/ies-santa-eulalia\/wp-content\/uploads\/usu1612\/2026\/04\/IMG-20260417-WA0002.jpg 1600w, https:\/\/agora.xtec.cat\/ies-santa-eulalia\/wp-content\/uploads\/usu1612\/2026\/04\/IMG-20260417-WA0002-300x225.jpg 300w, https:\/\/agora.xtec.cat\/ies-santa-eulalia\/wp-content\/uploads\/usu1612\/2026\/04\/IMG-20260417-WA0002-1024x768.jpg 1024w, https:\/\/agora.xtec.cat\/ies-santa-eulalia\/wp-content\/uploads\/usu1612\/2026\/04\/IMG-20260417-WA0002-768x576.jpg 768w, https:\/\/agora.xtec.cat\/ies-santa-eulalia\/wp-content\/uploads\/usu1612\/2026\/04\/IMG-20260417-WA0002-1536x1152.jpg 1536w, https:\/\/agora.xtec.cat\/ies-santa-eulalia\/wp-content\/uploads\/usu1612\/2026\/04\/IMG-20260417-WA0002-200x150.jpg 200w\" sizes=\"auto, (max-width: 1600px) 100vw, 1600px\" \/><\/figure>\n","protected":false},"excerpt":{"rendered":"<p>Dimecres passat l&#8217;alumnat de la mat\u00e8ria de Biologia i Geologia ha fet una sortida de camp a Montju\u00efc per estudiar les roques de la nostra muntanya m\u00e9s propera. <\/p>\n<p>Van visitar antigues pedredes que des del temps dels romans han estat explotades per construir els edificis&hellip;  <a href=\"https:\/\/agora.xtec.cat\/ies-santa-eulalia\/eso\/visita-geologica-de-4t-deso-a-montjuic\/\" title=\"Read Visita geol\u00f2gica de 4t d&#8217;ESO a Montju\u00efc\">Llegeix m\u00e9s\u00bb<\/a><\/p>\n","protected":false},"author":1,"featured_media":13746,"comment_status":"open","ping_status":"open","sticky":true,"template":"","format":"standard","meta":{"_bbp_topic_count":0,"_bbp_reply_count":0,"_bbp_total_topic_count":0,"_bbp_total_reply_count":0,"_bbp_voice_count":0,"_bbp_anonymous_reply_count":0,"_bbp_topic_count_hidden":0,"_bbp_reply_count_hidden":0,"_bbp_forum_subforum_count":0,"footnotes":""},"categories":[144,3,7,29],"tags":[638,330,234,645,205],"class_list":["post-13740","post","type-post","status-publish","format-standard","has-post-thumbnail","hentry","category-novetats-ciencies-naturals","category-eso","category-eso-4","category-portada","tag-4teso-2","tag-cienciesnaturals","tag-copem","tag-geologia-2","tag-ins-santa-eulalia"],"post_mailing_queue_ids":[],"_links":{"self":[{"href":"https:\/\/agora.xtec.cat\/ies-santa-eulalia\/wp-json\/wp\/v2\/posts\/13740","targetHints":{"allow":["GET"]}}],"collection":[{"href":"https:\/\/agora.xtec.cat\/ies-santa-eulalia\/wp-json\/wp\/v2\/posts"}],"about":[{"href":"https:\/\/agora.xtec.cat\/ies-santa-eulalia\/wp-json\/wp\/v2\/types\/post"}],"author":[{"embeddable":true,"href":"https:\/\/agora.xtec.cat\/ies-santa-eulalia\/wp-json\/wp\/v2\/users\/1"}],"replies":[{"embeddable":true,"href":"https:\/\/agora.xtec.cat\/ies-santa-eulalia\/wp-json\/wp\/v2\/comments?post=13740"}],"version-history":[{"count":3,"href":"https:\/\/agora.xtec.cat\/ies-santa-eulalia\/wp-json\/wp\/v2\/posts\/13740\/revisions"}],"predecessor-version":[{"id":13750,"href":"https:\/\/agora.xtec.cat\/ies-santa-eulalia\/wp-json\/wp\/v2\/posts\/13740\/revisions\/13750"}],"wp:featuredmedia":[{"embeddable":true,"href":"https:\/\/agora.xtec.cat\/ies-santa-eulalia\/wp-json\/wp\/v2\/media\/13746"}],"wp:attachment":[{"href":"https:\/\/agora.xtec.cat\/ies-santa-eulalia\/wp-json\/wp\/v2\/media?parent=13740"}],"wp:term":[{"taxonomy":"category","embeddable":true,"href":"https:\/\/agora.xtec.cat\/ies-santa-eulalia\/wp-json\/wp\/v2\/categories?post=13740"},{"taxonomy":"post_tag","embeddable":true,"href":"https:\/\/agora.xtec.cat\/ies-santa-eulalia\/wp-json\/wp\/v2\/tags?post=13740"}],"curies":[{"name":"wp","href":"https:\/\/api.w.org\/{rel}","templated":true}]}}