{"id":13732,"date":"2026-04-17T11:22:56","date_gmt":"2026-04-17T09:22:56","guid":{"rendered":"https:\/\/agora.xtec.cat\/ies-santa-eulalia\/?p=13732"},"modified":"2026-04-17T11:22:57","modified_gmt":"2026-04-17T09:22:57","slug":"sortie-au-theatre","status":"publish","type":"post","link":"https:\/\/agora.xtec.cat\/ies-santa-eulalia\/eso\/sortie-au-theatre\/","title":{"rendered":"Sortie au th\u00e9\u00e2tre"},"content":{"rendered":"\n<p>Le 3 mars, les \u00e9l\u00e8ves de 3\u00ba et 4\u00ba de l\u2019ESO ont assist\u00e9 \u00e0 la repr\u00e9sentation Le Tour du monde en 80 jours \u00e0 l\u2019Auditorium Barradas de L\u2019Hospitalet.<\/p>\n\n\n\n<figure class=\"wp-block-image size-large\"><a href=\"https:\/\/agora.xtec.cat\/ies-santa-eulalia\/wp-content\/uploads\/usu1612\/2026\/04\/20260303_112324-1-scaled.jpg\"><img loading=\"lazy\" decoding=\"async\" width=\"1024\" height=\"768\" src=\"https:\/\/agora.xtec.cat\/ies-santa-eulalia\/wp-content\/uploads\/usu1612\/2026\/04\/20260303_112324-1-1024x768.jpg\" alt=\"\" class=\"wp-image-13734\" srcset=\"https:\/\/agora.xtec.cat\/ies-santa-eulalia\/wp-content\/uploads\/usu1612\/2026\/04\/20260303_112324-1-1024x768.jpg 1024w, https:\/\/agora.xtec.cat\/ies-santa-eulalia\/wp-content\/uploads\/usu1612\/2026\/04\/20260303_112324-1-300x225.jpg 300w, https:\/\/agora.xtec.cat\/ies-santa-eulalia\/wp-content\/uploads\/usu1612\/2026\/04\/20260303_112324-1-768x576.jpg 768w, https:\/\/agora.xtec.cat\/ies-santa-eulalia\/wp-content\/uploads\/usu1612\/2026\/04\/20260303_112324-1-1536x1152.jpg 1536w, https:\/\/agora.xtec.cat\/ies-santa-eulalia\/wp-content\/uploads\/usu1612\/2026\/04\/20260303_112324-1-2048x1536.jpg 2048w, https:\/\/agora.xtec.cat\/ies-santa-eulalia\/wp-content\/uploads\/usu1612\/2026\/04\/20260303_112324-1-200x150.jpg 200w\" sizes=\"auto, (max-width: 1024px) 100vw, 1024px\" \/><\/a><\/figure>\n\n\n\n<p>Cette adaptation en fran\u00e7ais, avec peu d\u2019acteurs et une mise en sc\u00e8ne simple, a su captiver le public gr\u00e2ce \u00e0 la qualit\u00e9 du jeu des com\u00e9diens. Dynamique et amusante, la pi\u00e8ce a permis aux \u00e9l\u00e8ves de suivre l\u2019histoire avec int\u00e9r\u00eat tout en pratiquant la langue fran\u00e7aise dans un contexte r\u00e9el et motivant.<\/p>\n\n\n\n<p>Cette sortie a \u00e9galement \u00e9t\u00e9 l\u2019occasion de d\u00e9couvrir un auteur classique de la litt\u00e9rature fran\u00e7aise, Jules Verne, et de sensibiliser les \u00e9l\u00e8ves \u00e0 la richesse culturelle francophone.<\/p>\n\n\n\n<p>Une exp\u00e9rience enrichissante que nous sommes ravis de partager avec vous!<\/p>\n\n\n\n<figure class=\"wp-block-image size-large\"><a href=\"https:\/\/agora.xtec.cat\/ies-santa-eulalia\/wp-content\/uploads\/usu1612\/2026\/04\/20260303_1123391-1-scaled.jpg\"><img loading=\"lazy\" decoding=\"async\" width=\"1024\" height=\"768\" src=\"https:\/\/agora.xtec.cat\/ies-santa-eulalia\/wp-content\/uploads\/usu1612\/2026\/04\/20260303_1123391-1-1024x768.jpg\" alt=\"\" class=\"wp-image-13736\" srcset=\"https:\/\/agora.xtec.cat\/ies-santa-eulalia\/wp-content\/uploads\/usu1612\/2026\/04\/20260303_1123391-1-1024x768.jpg 1024w, https:\/\/agora.xtec.cat\/ies-santa-eulalia\/wp-content\/uploads\/usu1612\/2026\/04\/20260303_1123391-1-300x225.jpg 300w, https:\/\/agora.xtec.cat\/ies-santa-eulalia\/wp-content\/uploads\/usu1612\/2026\/04\/20260303_1123391-1-768x576.jpg 768w, https:\/\/agora.xtec.cat\/ies-santa-eulalia\/wp-content\/uploads\/usu1612\/2026\/04\/20260303_1123391-1-1536x1152.jpg 1536w, https:\/\/agora.xtec.cat\/ies-santa-eulalia\/wp-content\/uploads\/usu1612\/2026\/04\/20260303_1123391-1-2048x1536.jpg 2048w, https:\/\/agora.xtec.cat\/ies-santa-eulalia\/wp-content\/uploads\/usu1612\/2026\/04\/20260303_1123391-1-200x150.jpg 200w\" sizes=\"auto, (max-width: 1024px) 100vw, 1024px\" \/><\/a><\/figure>\n","protected":false},"excerpt":{"rendered":"<p>Le 3 mars, les \u00e9l\u00e8ves de 3\u00ba et 4\u00ba de l\u2019ESO ont assist\u00e9 \u00e0 la repr\u00e9sentation Le Tour du monde en 80 jours \u00e0 l\u2019Auditorium Barradas de L\u2019Hospitalet.<\/p>\n<p><a href=\"https:\/\/agora.xtec.cat\/ies-santa-eulalia\/wp-content\/uploads\/usu1612\/2026\/04\/20260303_112324-1-scaled.jpg\"><\/a><\/p>\n<p>Cette adaptation en fran\u00e7ais, avec peu d\u2019acteurs et une mise en sc\u00e8ne simple, a su captiver le&hellip;  <a href=\"https:\/\/agora.xtec.cat\/ies-santa-eulalia\/eso\/sortie-au-theatre\/\" title=\"Read Sortie au th\u00e9\u00e2tre\">Llegeix m\u00e9s\u00bb<\/a><\/p>\n","protected":false},"author":1,"featured_media":13733,"comment_status":"open","ping_status":"open","sticky":true,"template":"","format":"standard","meta":{"_bbp_topic_count":0,"_bbp_reply_count":0,"_bbp_total_topic_count":0,"_bbp_total_reply_count":0,"_bbp_voice_count":0,"_bbp_anonymous_reply_count":0,"_bbp_topic_count_hidden":0,"_bbp_reply_count_hidden":0,"_bbp_forum_subforum_count":0,"footnotes":""},"categories":[139,3,29],"tags":[234,205,643,644,39,40],"class_list":["post-13732","post","type-post","status-publish","format-standard","has-post-thumbnail","hentry","category-novetats-llengues-estrangeres-frances","category-eso","category-portada","tag-copem","tag-ins-santa-eulalia","tag-julesverne","tag-lavoltaalmonen80dies","tag-sortides","tag-teatre"],"post_mailing_queue_ids":[],"_links":{"self":[{"href":"https:\/\/agora.xtec.cat\/ies-santa-eulalia\/wp-json\/wp\/v2\/posts\/13732","targetHints":{"allow":["GET"]}}],"collection":[{"href":"https:\/\/agora.xtec.cat\/ies-santa-eulalia\/wp-json\/wp\/v2\/posts"}],"about":[{"href":"https:\/\/agora.xtec.cat\/ies-santa-eulalia\/wp-json\/wp\/v2\/types\/post"}],"author":[{"embeddable":true,"href":"https:\/\/agora.xtec.cat\/ies-santa-eulalia\/wp-json\/wp\/v2\/users\/1"}],"replies":[{"embeddable":true,"href":"https:\/\/agora.xtec.cat\/ies-santa-eulalia\/wp-json\/wp\/v2\/comments?post=13732"}],"version-history":[{"count":1,"href":"https:\/\/agora.xtec.cat\/ies-santa-eulalia\/wp-json\/wp\/v2\/posts\/13732\/revisions"}],"predecessor-version":[{"id":13738,"href":"https:\/\/agora.xtec.cat\/ies-santa-eulalia\/wp-json\/wp\/v2\/posts\/13732\/revisions\/13738"}],"wp:featuredmedia":[{"embeddable":true,"href":"https:\/\/agora.xtec.cat\/ies-santa-eulalia\/wp-json\/wp\/v2\/media\/13733"}],"wp:attachment":[{"href":"https:\/\/agora.xtec.cat\/ies-santa-eulalia\/wp-json\/wp\/v2\/media?parent=13732"}],"wp:term":[{"taxonomy":"category","embeddable":true,"href":"https:\/\/agora.xtec.cat\/ies-santa-eulalia\/wp-json\/wp\/v2\/categories?post=13732"},{"taxonomy":"post_tag","embeddable":true,"href":"https:\/\/agora.xtec.cat\/ies-santa-eulalia\/wp-json\/wp\/v2\/tags?post=13732"}],"curies":[{"name":"wp","href":"https:\/\/api.w.org\/{rel}","templated":true}]}}