{"id":13712,"date":"2026-04-17T11:20:54","date_gmt":"2026-04-17T09:20:54","guid":{"rendered":"https:\/\/agora.xtec.cat\/ies-santa-eulalia\/?p=13712"},"modified":"2026-04-17T11:22:20","modified_gmt":"2026-04-17T09:22:20","slug":"2n-de-batxillerat-visita-la-model-un-viatge-a-traves-de-la-memoria-historica","status":"publish","type":"post","link":"https:\/\/agora.xtec.cat\/ies-santa-eulalia\/llengua-castellana-i-literatura\/portada\/2n-de-batxillerat-visita-la-model-un-viatge-a-traves-de-la-memoria-historica\/","title":{"rendered":"2n de Batxillerat visita La Model: un viatge a trav\u00e9s de la mem\u00f2ria hist\u00f2rica"},"content":{"rendered":"\n<p>Aquesta setmana, l&#8217;alumnat de <strong>2n de Batxillerat<\/strong> ha dut a terme una sortida de gran valor educatiu i hum\u00e0 per treballar la <strong>Mem\u00f2ria Hist\u00f2rica<\/strong> i els efectes de la <strong>repressi\u00f3 franquista<\/strong>. La primera part de la jornada ha transcorregut a l&#8217;antiga pres\u00f3 de La Model de Barcelona, on han gaudit d&#8217;una visita guiada molt especial a c\u00e0rrec de membres de l&#8217;Associaci\u00f3 Catalana d&#8217;Expresos Pol\u00edtics del Franquisme.<\/p>\n\n\n\n<p>El fil conductor d&#8217;aquesta visita no ha estat \u00fanicament l&#8217;an\u00e0lisi arquitect\u00f2nica o la construcci\u00f3 del recinte penitenciari, sin\u00f3 la <strong>repressi\u00f3 ideol\u00f2gica<\/strong> exercida pel r\u00e8gim dictatorial contra totes aquelles persones que pensaven diferent. Escoltar les explicacions a trav\u00e9s de la veu d&#8217;una entitat tan vinculada a la mem\u00f2ria democr\u00e0tica ha convertit l&#8217;activitat en una lli\u00e7\u00f3 magistral d&#8217;hist\u00f2ria, resultant enormement interessant, motivadora i did\u00e0ctica per als nostres estudiants.<\/p>\n\n\n\n<p>Un cop finalitzada l&#8217;estada a La Model, el grup s&#8217;ha despla\u00e7at a peu fins al <strong>memorial de la pres\u00f3 de dones de Les Corts<\/strong>, que ja no existeix. En aquest espai de record, l&#8217;alumnat ha treballat directament amb fonts prim\u00e0ries, llegint textos i testimonis directes per entendre de primera m\u00e0 com van viure i patir les dones empresonades en aquesta instituci\u00f3.<\/p>\n\n\n\n<p>Aquesta jornada fora de l&#8217;aula ha representat una oportunitat excepcional perqu\u00e8 l&#8217;alumnat connecti amb el passat recent de la nostra societat, fomentant l&#8217;esperit cr\u00edtic, l&#8217;empatia i la defensa dels valors democr\u00e0tics just abans d&#8217;afrontar la recta final de la seva etapa a l&#8217;institut.<\/p>\n\n\n\n<figure class=\"wp-block-image size-large\"><a href=\"https:\/\/agora.xtec.cat\/ies-santa-eulalia\/wp-content\/uploads\/usu1612\/2026\/04\/20260409_1125081-scaled.jpg\"><img loading=\"lazy\" decoding=\"async\" width=\"1024\" height=\"576\" src=\"https:\/\/agora.xtec.cat\/ies-santa-eulalia\/wp-content\/uploads\/usu1612\/2026\/04\/20260409_1125081-1024x576.jpg\" alt=\"\" class=\"wp-image-13725\" srcset=\"https:\/\/agora.xtec.cat\/ies-santa-eulalia\/wp-content\/uploads\/usu1612\/2026\/04\/20260409_1125081-1024x576.jpg 1024w, https:\/\/agora.xtec.cat\/ies-santa-eulalia\/wp-content\/uploads\/usu1612\/2026\/04\/20260409_1125081-300x169.jpg 300w, https:\/\/agora.xtec.cat\/ies-santa-eulalia\/wp-content\/uploads\/usu1612\/2026\/04\/20260409_1125081-768x432.jpg 768w, https:\/\/agora.xtec.cat\/ies-santa-eulalia\/wp-content\/uploads\/usu1612\/2026\/04\/20260409_1125081-1536x864.jpg 1536w, https:\/\/agora.xtec.cat\/ies-santa-eulalia\/wp-content\/uploads\/usu1612\/2026\/04\/20260409_1125081-2048x1152.jpg 2048w\" sizes=\"auto, (max-width: 1024px) 100vw, 1024px\" \/><\/a><\/figure>\n\n\n\n<p><\/p>\n\n\n\n<figure class=\"wp-block-image size-large\"><a href=\"https:\/\/agora.xtec.cat\/ies-santa-eulalia\/wp-content\/uploads\/usu1612\/2026\/04\/20260409_1112001-scaled-e1776417322939.jpg\"><img loading=\"lazy\" decoding=\"async\" width=\"576\" height=\"1024\" src=\"https:\/\/agora.xtec.cat\/ies-santa-eulalia\/wp-content\/uploads\/usu1612\/2026\/04\/20260409_1112001-scaled-e1776417322939-576x1024.jpg\" alt=\"\" class=\"wp-image-13721\" srcset=\"https:\/\/agora.xtec.cat\/ies-santa-eulalia\/wp-content\/uploads\/usu1612\/2026\/04\/20260409_1112001-scaled-e1776417322939-576x1024.jpg 576w, https:\/\/agora.xtec.cat\/ies-santa-eulalia\/wp-content\/uploads\/usu1612\/2026\/04\/20260409_1112001-scaled-e1776417322939-169x300.jpg 169w, https:\/\/agora.xtec.cat\/ies-santa-eulalia\/wp-content\/uploads\/usu1612\/2026\/04\/20260409_1112001-scaled-e1776417322939-768x1365.jpg 768w, https:\/\/agora.xtec.cat\/ies-santa-eulalia\/wp-content\/uploads\/usu1612\/2026\/04\/20260409_1112001-scaled-e1776417322939-864x1536.jpg 864w, https:\/\/agora.xtec.cat\/ies-santa-eulalia\/wp-content\/uploads\/usu1612\/2026\/04\/20260409_1112001-scaled-e1776417322939-1152x2048.jpg 1152w, https:\/\/agora.xtec.cat\/ies-santa-eulalia\/wp-content\/uploads\/usu1612\/2026\/04\/20260409_1112001-scaled-e1776417322939.jpg 1440w\" sizes=\"auto, (max-width: 576px) 100vw, 576px\" \/><\/a><\/figure>\n\n\n\n<p><\/p>\n\n\n\n<figure class=\"wp-block-image size-large\"><a href=\"https:\/\/agora.xtec.cat\/ies-santa-eulalia\/wp-content\/uploads\/usu1612\/2026\/04\/20260409_1119251-scaled.jpg\"><img loading=\"lazy\" decoding=\"async\" width=\"1024\" height=\"576\" src=\"https:\/\/agora.xtec.cat\/ies-santa-eulalia\/wp-content\/uploads\/usu1612\/2026\/04\/20260409_1119251-1024x576.jpg\" alt=\"\" class=\"wp-image-13724\" srcset=\"https:\/\/agora.xtec.cat\/ies-santa-eulalia\/wp-content\/uploads\/usu1612\/2026\/04\/20260409_1119251-1024x576.jpg 1024w, https:\/\/agora.xtec.cat\/ies-santa-eulalia\/wp-content\/uploads\/usu1612\/2026\/04\/20260409_1119251-300x169.jpg 300w, https:\/\/agora.xtec.cat\/ies-santa-eulalia\/wp-content\/uploads\/usu1612\/2026\/04\/20260409_1119251-768x432.jpg 768w, https:\/\/agora.xtec.cat\/ies-santa-eulalia\/wp-content\/uploads\/usu1612\/2026\/04\/20260409_1119251-1536x864.jpg 1536w, https:\/\/agora.xtec.cat\/ies-santa-eulalia\/wp-content\/uploads\/usu1612\/2026\/04\/20260409_1119251-2048x1153.jpg 2048w\" sizes=\"auto, (max-width: 1024px) 100vw, 1024px\" \/><\/a><\/figure>\n\n\n\n<p><\/p>\n\n\n\n<figure class=\"wp-block-image size-large\"><a href=\"https:\/\/agora.xtec.cat\/ies-santa-eulalia\/wp-content\/uploads\/usu1612\/2026\/04\/20260409_1116381-scaled-e1776417312146.jpg\"><img loading=\"lazy\" decoding=\"async\" width=\"576\" height=\"1024\" src=\"https:\/\/agora.xtec.cat\/ies-santa-eulalia\/wp-content\/uploads\/usu1612\/2026\/04\/20260409_1116381-scaled-e1776417312146-576x1024.jpg\" alt=\"\" class=\"wp-image-13723\" srcset=\"https:\/\/agora.xtec.cat\/ies-santa-eulalia\/wp-content\/uploads\/usu1612\/2026\/04\/20260409_1116381-scaled-e1776417312146-576x1024.jpg 576w, https:\/\/agora.xtec.cat\/ies-santa-eulalia\/wp-content\/uploads\/usu1612\/2026\/04\/20260409_1116381-scaled-e1776417312146-169x300.jpg 169w, https:\/\/agora.xtec.cat\/ies-santa-eulalia\/wp-content\/uploads\/usu1612\/2026\/04\/20260409_1116381-scaled-e1776417312146-768x1364.jpg 768w, https:\/\/agora.xtec.cat\/ies-santa-eulalia\/wp-content\/uploads\/usu1612\/2026\/04\/20260409_1116381-scaled-e1776417312146-865x1536.jpg 865w, https:\/\/agora.xtec.cat\/ies-santa-eulalia\/wp-content\/uploads\/usu1612\/2026\/04\/20260409_1116381-scaled-e1776417312146-1153x2048.jpg 1153w, https:\/\/agora.xtec.cat\/ies-santa-eulalia\/wp-content\/uploads\/usu1612\/2026\/04\/20260409_1116381-scaled-e1776417312146.jpg 1441w\" sizes=\"auto, (max-width: 576px) 100vw, 576px\" \/><\/a><\/figure>\n\n\n\n<p><\/p>\n\n\n\n<figure class=\"wp-block-image size-large\"><a href=\"https:\/\/agora.xtec.cat\/ies-santa-eulalia\/wp-content\/uploads\/usu1612\/2026\/04\/20260409_1051091-scaled-e1776417333729.jpg\"><img loading=\"lazy\" decoding=\"async\" width=\"1024\" height=\"576\" src=\"https:\/\/agora.xtec.cat\/ies-santa-eulalia\/wp-content\/uploads\/usu1612\/2026\/04\/20260409_1051091-scaled-e1776417333729-1024x576.jpg\" alt=\"\" class=\"wp-image-13719\" srcset=\"https:\/\/agora.xtec.cat\/ies-santa-eulalia\/wp-content\/uploads\/usu1612\/2026\/04\/20260409_1051091-scaled-e1776417333729-1024x576.jpg 1024w, https:\/\/agora.xtec.cat\/ies-santa-eulalia\/wp-content\/uploads\/usu1612\/2026\/04\/20260409_1051091-scaled-e1776417333729-300x169.jpg 300w, https:\/\/agora.xtec.cat\/ies-santa-eulalia\/wp-content\/uploads\/usu1612\/2026\/04\/20260409_1051091-scaled-e1776417333729-768x432.jpg 768w, https:\/\/agora.xtec.cat\/ies-santa-eulalia\/wp-content\/uploads\/usu1612\/2026\/04\/20260409_1051091-scaled-e1776417333729-1536x864.jpg 1536w, https:\/\/agora.xtec.cat\/ies-santa-eulalia\/wp-content\/uploads\/usu1612\/2026\/04\/20260409_1051091-scaled-e1776417333729-2048x1152.jpg 2048w\" sizes=\"auto, (max-width: 1024px) 100vw, 1024px\" \/><\/a><\/figure>\n\n\n\n<p><\/p>\n\n\n\n<figure class=\"wp-block-image size-large\"><a href=\"https:\/\/agora.xtec.cat\/ies-santa-eulalia\/wp-content\/uploads\/usu1612\/2026\/04\/20260409_1222391-scaled-e1776417227702.jpg\"><img loading=\"lazy\" decoding=\"async\" width=\"576\" height=\"1024\" src=\"https:\/\/agora.xtec.cat\/ies-santa-eulalia\/wp-content\/uploads\/usu1612\/2026\/04\/20260409_1222391-scaled-e1776417227702-576x1024.jpg\" alt=\"\" class=\"wp-image-13730\" srcset=\"https:\/\/agora.xtec.cat\/ies-santa-eulalia\/wp-content\/uploads\/usu1612\/2026\/04\/20260409_1222391-scaled-e1776417227702-576x1024.jpg 576w, https:\/\/agora.xtec.cat\/ies-santa-eulalia\/wp-content\/uploads\/usu1612\/2026\/04\/20260409_1222391-scaled-e1776417227702-169x300.jpg 169w, https:\/\/agora.xtec.cat\/ies-santa-eulalia\/wp-content\/uploads\/usu1612\/2026\/04\/20260409_1222391-scaled-e1776417227702-768x1364.jpg 768w, https:\/\/agora.xtec.cat\/ies-santa-eulalia\/wp-content\/uploads\/usu1612\/2026\/04\/20260409_1222391-scaled-e1776417227702-865x1536.jpg 865w, https:\/\/agora.xtec.cat\/ies-santa-eulalia\/wp-content\/uploads\/usu1612\/2026\/04\/20260409_1222391-scaled-e1776417227702-1153x2048.jpg 1153w, https:\/\/agora.xtec.cat\/ies-santa-eulalia\/wp-content\/uploads\/usu1612\/2026\/04\/20260409_1222391-scaled-e1776417227702.jpg 1441w\" sizes=\"auto, (max-width: 576px) 100vw, 576px\" \/><\/a><\/figure>\n\n\n\n<p><\/p>\n\n\n\n<figure class=\"wp-block-image size-large\"><a href=\"https:\/\/agora.xtec.cat\/ies-santa-eulalia\/wp-content\/uploads\/usu1612\/2026\/04\/20260409_1127281-scaled-e1776417296703.jpg\"><img loading=\"lazy\" decoding=\"async\" width=\"1024\" height=\"576\" src=\"https:\/\/agora.xtec.cat\/ies-santa-eulalia\/wp-content\/uploads\/usu1612\/2026\/04\/20260409_1127281-scaled-e1776417296703-1024x576.jpg\" alt=\"\" class=\"wp-image-13726\" srcset=\"https:\/\/agora.xtec.cat\/ies-santa-eulalia\/wp-content\/uploads\/usu1612\/2026\/04\/20260409_1127281-scaled-e1776417296703-1024x576.jpg 1024w, https:\/\/agora.xtec.cat\/ies-santa-eulalia\/wp-content\/uploads\/usu1612\/2026\/04\/20260409_1127281-scaled-e1776417296703-300x169.jpg 300w, https:\/\/agora.xtec.cat\/ies-santa-eulalia\/wp-content\/uploads\/usu1612\/2026\/04\/20260409_1127281-scaled-e1776417296703-768x432.jpg 768w, https:\/\/agora.xtec.cat\/ies-santa-eulalia\/wp-content\/uploads\/usu1612\/2026\/04\/20260409_1127281-scaled-e1776417296703-1536x864.jpg 1536w, https:\/\/agora.xtec.cat\/ies-santa-eulalia\/wp-content\/uploads\/usu1612\/2026\/04\/20260409_1127281-scaled-e1776417296703-2048x1152.jpg 2048w\" sizes=\"auto, (max-width: 1024px) 100vw, 1024px\" \/><\/a><\/figure>\n\n\n\n<p><\/p>\n\n\n\n<figure class=\"wp-block-image size-large\"><a href=\"https:\/\/agora.xtec.cat\/ies-santa-eulalia\/wp-content\/uploads\/usu1612\/2026\/04\/20260409_1150511-scaled-e1776417257190.jpg\"><img loading=\"lazy\" decoding=\"async\" width=\"576\" height=\"1024\" src=\"https:\/\/agora.xtec.cat\/ies-santa-eulalia\/wp-content\/uploads\/usu1612\/2026\/04\/20260409_1150511-scaled-e1776417257190-576x1024.jpg\" alt=\"\" class=\"wp-image-13729\" srcset=\"https:\/\/agora.xtec.cat\/ies-santa-eulalia\/wp-content\/uploads\/usu1612\/2026\/04\/20260409_1150511-scaled-e1776417257190-576x1024.jpg 576w, https:\/\/agora.xtec.cat\/ies-santa-eulalia\/wp-content\/uploads\/usu1612\/2026\/04\/20260409_1150511-scaled-e1776417257190-169x300.jpg 169w, https:\/\/agora.xtec.cat\/ies-santa-eulalia\/wp-content\/uploads\/usu1612\/2026\/04\/20260409_1150511-scaled-e1776417257190-768x1365.jpg 768w, https:\/\/agora.xtec.cat\/ies-santa-eulalia\/wp-content\/uploads\/usu1612\/2026\/04\/20260409_1150511-scaled-e1776417257190-864x1536.jpg 864w, https:\/\/agora.xtec.cat\/ies-santa-eulalia\/wp-content\/uploads\/usu1612\/2026\/04\/20260409_1150511-scaled-e1776417257190-1152x2048.jpg 1152w, https:\/\/agora.xtec.cat\/ies-santa-eulalia\/wp-content\/uploads\/usu1612\/2026\/04\/20260409_1150511-scaled-e1776417257190.jpg 1440w\" sizes=\"auto, (max-width: 576px) 100vw, 576px\" \/><\/a><\/figure>\n\n\n\n<p><\/p>\n\n\n\n<figure class=\"wp-block-image size-large\"><a href=\"https:\/\/agora.xtec.cat\/ies-santa-eulalia\/wp-content\/uploads\/usu1612\/2026\/04\/20260409_1143211-scaled-e1776417270807.jpg\"><img loading=\"lazy\" decoding=\"async\" width=\"576\" height=\"1024\" src=\"https:\/\/agora.xtec.cat\/ies-santa-eulalia\/wp-content\/uploads\/usu1612\/2026\/04\/20260409_1143211-scaled-e1776417270807-576x1024.jpg\" alt=\"\" class=\"wp-image-13728\" srcset=\"https:\/\/agora.xtec.cat\/ies-santa-eulalia\/wp-content\/uploads\/usu1612\/2026\/04\/20260409_1143211-scaled-e1776417270807-576x1024.jpg 576w, https:\/\/agora.xtec.cat\/ies-santa-eulalia\/wp-content\/uploads\/usu1612\/2026\/04\/20260409_1143211-scaled-e1776417270807-169x300.jpg 169w, https:\/\/agora.xtec.cat\/ies-santa-eulalia\/wp-content\/uploads\/usu1612\/2026\/04\/20260409_1143211-scaled-e1776417270807-768x1364.jpg 768w, https:\/\/agora.xtec.cat\/ies-santa-eulalia\/wp-content\/uploads\/usu1612\/2026\/04\/20260409_1143211-scaled-e1776417270807-865x1536.jpg 865w, https:\/\/agora.xtec.cat\/ies-santa-eulalia\/wp-content\/uploads\/usu1612\/2026\/04\/20260409_1143211-scaled-e1776417270807-1153x2048.jpg 1153w, https:\/\/agora.xtec.cat\/ies-santa-eulalia\/wp-content\/uploads\/usu1612\/2026\/04\/20260409_1143211-scaled-e1776417270807.jpg 1441w\" sizes=\"auto, (max-width: 576px) 100vw, 576px\" \/><\/a><\/figure>\n\n\n\n<p><\/p>\n\n\n\n<figure class=\"wp-block-image size-large\"><a href=\"https:\/\/agora.xtec.cat\/ies-santa-eulalia\/wp-content\/uploads\/usu1612\/2026\/04\/20260409_1335541-scaled-e1776417283217.jpg\"><img loading=\"lazy\" decoding=\"async\" width=\"576\" height=\"1024\" src=\"https:\/\/agora.xtec.cat\/ies-santa-eulalia\/wp-content\/uploads\/usu1612\/2026\/04\/20260409_1335541-scaled-e1776417283217-576x1024.jpg\" alt=\"\" class=\"wp-image-13727\" srcset=\"https:\/\/agora.xtec.cat\/ies-santa-eulalia\/wp-content\/uploads\/usu1612\/2026\/04\/20260409_1335541-scaled-e1776417283217-576x1024.jpg 576w, https:\/\/agora.xtec.cat\/ies-santa-eulalia\/wp-content\/uploads\/usu1612\/2026\/04\/20260409_1335541-scaled-e1776417283217-169x300.jpg 169w, https:\/\/agora.xtec.cat\/ies-santa-eulalia\/wp-content\/uploads\/usu1612\/2026\/04\/20260409_1335541-scaled-e1776417283217-768x1365.jpg 768w, https:\/\/agora.xtec.cat\/ies-santa-eulalia\/wp-content\/uploads\/usu1612\/2026\/04\/20260409_1335541-scaled-e1776417283217-864x1536.jpg 864w, https:\/\/agora.xtec.cat\/ies-santa-eulalia\/wp-content\/uploads\/usu1612\/2026\/04\/20260409_1335541-scaled-e1776417283217-1152x2048.jpg 1152w, https:\/\/agora.xtec.cat\/ies-santa-eulalia\/wp-content\/uploads\/usu1612\/2026\/04\/20260409_1335541-scaled-e1776417283217.jpg 1440w\" sizes=\"auto, (max-width: 576px) 100vw, 576px\" \/><\/a><\/figure>\n","protected":false},"excerpt":{"rendered":"<p>Aquesta setmana, l&#8217;alumnat de 2n de Batxillerat ha dut a terme una sortida de gran valor educatiu i hum\u00e0 per treballar la Mem\u00f2ria Hist\u00f2rica i els efectes de la repressi\u00f3 franquista. La primera part de la jornada ha transcorregut a l&#8217;antiga pres\u00f3 de La Model&hellip;  <a href=\"https:\/\/agora.xtec.cat\/ies-santa-eulalia\/llengua-castellana-i-literatura\/portada\/2n-de-batxillerat-visita-la-model-un-viatge-a-traves-de-la-memoria-historica\/\" title=\"Read 2n de Batxillerat visita La Model: un viatge a trav\u00e9s de la mem\u00f2ria hist\u00f2rica\">Llegeix m\u00e9s\u00bb<\/a><\/p>\n","protected":false},"author":1,"featured_media":13731,"comment_status":"open","ping_status":"open","sticky":true,"template":"","format":"standard","meta":{"_bbp_topic_count":0,"_bbp_reply_count":0,"_bbp_total_topic_count":0,"_bbp_total_reply_count":0,"_bbp_voice_count":0,"_bbp_anonymous_reply_count":0,"_bbp_topic_count_hidden":0,"_bbp_reply_count_hidden":0,"_bbp_forum_subforum_count":0,"footnotes":""},"categories":[174,147,29],"tags":[330,618,234,125,205],"class_list":["post-13712","post","type-post","status-publish","format-standard","has-post-thumbnail","hentry","category-2n-batxillerat","category-novetats-geografia-i-historia","category-portada","tag-cienciesnaturals","tag-cienciessocials","tag-copem","tag-batxillerat","tag-ins-santa-eulalia"],"post_mailing_queue_ids":[],"_links":{"self":[{"href":"https:\/\/agora.xtec.cat\/ies-santa-eulalia\/wp-json\/wp\/v2\/posts\/13712","targetHints":{"allow":["GET"]}}],"collection":[{"href":"https:\/\/agora.xtec.cat\/ies-santa-eulalia\/wp-json\/wp\/v2\/posts"}],"about":[{"href":"https:\/\/agora.xtec.cat\/ies-santa-eulalia\/wp-json\/wp\/v2\/types\/post"}],"author":[{"embeddable":true,"href":"https:\/\/agora.xtec.cat\/ies-santa-eulalia\/wp-json\/wp\/v2\/users\/1"}],"replies":[{"embeddable":true,"href":"https:\/\/agora.xtec.cat\/ies-santa-eulalia\/wp-json\/wp\/v2\/comments?post=13712"}],"version-history":[{"count":2,"href":"https:\/\/agora.xtec.cat\/ies-santa-eulalia\/wp-json\/wp\/v2\/posts\/13712\/revisions"}],"predecessor-version":[{"id":13737,"href":"https:\/\/agora.xtec.cat\/ies-santa-eulalia\/wp-json\/wp\/v2\/posts\/13712\/revisions\/13737"}],"wp:featuredmedia":[{"embeddable":true,"href":"https:\/\/agora.xtec.cat\/ies-santa-eulalia\/wp-json\/wp\/v2\/media\/13731"}],"wp:attachment":[{"href":"https:\/\/agora.xtec.cat\/ies-santa-eulalia\/wp-json\/wp\/v2\/media?parent=13712"}],"wp:term":[{"taxonomy":"category","embeddable":true,"href":"https:\/\/agora.xtec.cat\/ies-santa-eulalia\/wp-json\/wp\/v2\/categories?post=13712"},{"taxonomy":"post_tag","embeddable":true,"href":"https:\/\/agora.xtec.cat\/ies-santa-eulalia\/wp-json\/wp\/v2\/tags?post=13712"}],"curies":[{"name":"wp","href":"https:\/\/api.w.org\/{rel}","templated":true}]}}