{"id":13645,"date":"2026-03-13T11:22:16","date_gmt":"2026-03-13T10:22:16","guid":{"rendered":"https:\/\/agora.xtec.cat\/ies-santa-eulalia\/?p=13645"},"modified":"2026-03-27T12:20:18","modified_gmt":"2026-03-27T11:20:18","slug":"treballem-la-celestina-a-traves-de-mapes-visuals","status":"publish","type":"post","link":"https:\/\/agora.xtec.cat\/ies-santa-eulalia\/eso\/eso-3\/treballem-la-celestina-a-traves-de-mapes-visuals\/","title":{"rendered":"Treballem La Celestina a trav\u00e9s de mapes visuals"},"content":{"rendered":"\n<p>A la mat\u00e8ria de Llengua i literatura castellana, l\u2019alumnat de 3r d\u2019ESO A de l\u2019institut ha treballat, dins l\u2019\u00e0mbit de l\u2019educaci\u00f3 liter\u00e0ria, una de les obres m\u00e9s importants de la literatura castellana: <em>La Celestina<\/em>, de Fernando de Rojas.<\/p>\n\n\n\n<p>Amb l\u2019objectiu d\u2019aprofundir en la comprensi\u00f3 de l\u2019obra i, al mateix temps, fomentar la creativitat, els alumnes han elaborat mapes visuals treballant en grups cooperatius. Aquesta metodologia els ha perm\u00e8s organitzar les idees principals de l\u2019obra, analitzar els personatges, entendre les relacions entre ells i destacar els temes m\u00e9s rellevants del llibre d\u2019una manera visual i entenedora.<\/p>\n\n\n\n<p>A m\u00e9s, aquesta activitat ha potenciat compet\u00e8ncies importants com el treball en equip, la capacitat de s\u00edntesi i l\u2019expressi\u00f3 visual de la informaci\u00f3, tot afavorint una manera d\u2019aprendre m\u00e9s din\u00e0mica i participativa.<\/p>\n\n\n\n<p>Els resultats han estat molt positius, amb treballs molt elaborats i originals que demostren la implicaci\u00f3 de l\u2019alumnat i la seva bona comprensi\u00f3 d\u2019aquesta obra cl\u00e0ssica. Sens dubte, una manera diferent i creativa d\u2019apropar la literatura a l\u2019aula.<\/p>\n\n\n\n<figure class=\"wp-block-image size-large\"><a href=\"https:\/\/agora.xtec.cat\/ies-santa-eulalia\/wp-content\/uploads\/usu1612\/2026\/03\/IMG_4785-1-scaled.jpeg\"><img loading=\"lazy\" decoding=\"async\" width=\"1024\" height=\"698\" src=\"https:\/\/agora.xtec.cat\/ies-santa-eulalia\/wp-content\/uploads\/usu1612\/2026\/03\/IMG_4785-1-1024x698.jpeg\" alt=\"\" class=\"wp-image-13647\" srcset=\"https:\/\/agora.xtec.cat\/ies-santa-eulalia\/wp-content\/uploads\/usu1612\/2026\/03\/IMG_4785-1-1024x698.jpeg 1024w, https:\/\/agora.xtec.cat\/ies-santa-eulalia\/wp-content\/uploads\/usu1612\/2026\/03\/IMG_4785-1-300x204.jpeg 300w, https:\/\/agora.xtec.cat\/ies-santa-eulalia\/wp-content\/uploads\/usu1612\/2026\/03\/IMG_4785-1-768x523.jpeg 768w, https:\/\/agora.xtec.cat\/ies-santa-eulalia\/wp-content\/uploads\/usu1612\/2026\/03\/IMG_4785-1-1536x1047.jpeg 1536w, https:\/\/agora.xtec.cat\/ies-santa-eulalia\/wp-content\/uploads\/usu1612\/2026\/03\/IMG_4785-1-2048x1396.jpeg 2048w\" sizes=\"auto, (max-width: 1024px) 100vw, 1024px\" \/><\/a><\/figure>\n","protected":false},"excerpt":{"rendered":"<p>A la mat\u00e8ria de Llengua i literatura castellana, l\u2019alumnat de 3r d\u2019ESO A de l\u2019institut ha treballat, dins l\u2019\u00e0mbit de l\u2019educaci\u00f3 liter\u00e0ria, una de les obres m\u00e9s importants de la literatura castellana: La Celestina, de Fernando de Rojas.<\/p>\n<p>Amb l\u2019objectiu d\u2019aprofundir en la comprensi\u00f3 de l\u2019obra&hellip;  <a href=\"https:\/\/agora.xtec.cat\/ies-santa-eulalia\/eso\/eso-3\/treballem-la-celestina-a-traves-de-mapes-visuals\/\" title=\"Read Treballem La Celestina a trav\u00e9s de mapes visuals\">Llegeix m\u00e9s\u00bb<\/a><\/p>\n","protected":false},"author":1,"featured_media":13646,"comment_status":"open","ping_status":"open","sticky":true,"template":"","format":"standard","meta":{"_bbp_topic_count":0,"_bbp_reply_count":0,"_bbp_total_topic_count":0,"_bbp_total_reply_count":0,"_bbp_voice_count":0,"_bbp_anonymous_reply_count":0,"_bbp_topic_count_hidden":0,"_bbp_reply_count_hidden":0,"_bbp_forum_subforum_count":0,"footnotes":""},"categories":[214,137,6,29],"tags":[616,234,205,633],"class_list":["post-13645","post","type-post","status-publish","format-standard","has-post-thumbnail","hentry","category-activitats-castella","category-llengua-castellana-i-literatura","category-eso-3","category-portada","tag-3reso","tag-copem","tag-ins-santa-eulalia","tag-literatura"],"post_mailing_queue_ids":[],"_links":{"self":[{"href":"https:\/\/agora.xtec.cat\/ies-santa-eulalia\/wp-json\/wp\/v2\/posts\/13645","targetHints":{"allow":["GET"]}}],"collection":[{"href":"https:\/\/agora.xtec.cat\/ies-santa-eulalia\/wp-json\/wp\/v2\/posts"}],"about":[{"href":"https:\/\/agora.xtec.cat\/ies-santa-eulalia\/wp-json\/wp\/v2\/types\/post"}],"author":[{"embeddable":true,"href":"https:\/\/agora.xtec.cat\/ies-santa-eulalia\/wp-json\/wp\/v2\/users\/1"}],"replies":[{"embeddable":true,"href":"https:\/\/agora.xtec.cat\/ies-santa-eulalia\/wp-json\/wp\/v2\/comments?post=13645"}],"version-history":[{"count":1,"href":"https:\/\/agora.xtec.cat\/ies-santa-eulalia\/wp-json\/wp\/v2\/posts\/13645\/revisions"}],"predecessor-version":[{"id":13648,"href":"https:\/\/agora.xtec.cat\/ies-santa-eulalia\/wp-json\/wp\/v2\/posts\/13645\/revisions\/13648"}],"wp:featuredmedia":[{"embeddable":true,"href":"https:\/\/agora.xtec.cat\/ies-santa-eulalia\/wp-json\/wp\/v2\/media\/13646"}],"wp:attachment":[{"href":"https:\/\/agora.xtec.cat\/ies-santa-eulalia\/wp-json\/wp\/v2\/media?parent=13645"}],"wp:term":[{"taxonomy":"category","embeddable":true,"href":"https:\/\/agora.xtec.cat\/ies-santa-eulalia\/wp-json\/wp\/v2\/categories?post=13645"},{"taxonomy":"post_tag","embeddable":true,"href":"https:\/\/agora.xtec.cat\/ies-santa-eulalia\/wp-json\/wp\/v2\/tags?post=13645"}],"curies":[{"name":"wp","href":"https:\/\/api.w.org\/{rel}","templated":true}]}}