{"id":13589,"date":"2026-03-27T12:21:04","date_gmt":"2026-03-27T11:21:04","guid":{"rendered":"https:\/\/agora.xtec.cat\/ies-santa-eulalia\/?p=13589"},"modified":"2026-03-27T12:21:04","modified_gmt":"2026-03-27T11:21:04","slug":"preinscripcio-2026","status":"publish","type":"post","link":"https:\/\/agora.xtec.cat\/ies-santa-eulalia\/general\/preinscripcio-2026\/","title":{"rendered":"PREINSCRIPCI\u00d3 2026"},"content":{"rendered":"\n<p><\/p>\n\n\n\n<p>Aqu\u00ed podeu anar veient la informaci\u00f3 relativa al proc\u00e9s de preinscripci\u00f3 i matriculaci\u00f3 per 1r ESO<\/p>\n\n\n\n<ul class=\"wp-block-list\">\n<li> 3 de mar\u00e7 de 2026: oferta inicial de places escolars. Us adjuntem l\u2019<a href=\"https:\/\/drive.google.com\/file\/d\/1EVSXt6a3_llEY0IXICoMLZBTbN1cIQSE\/view?usp=sharing\" data-type=\"link\" data-id=\"https:\/\/drive.google.com\/file\/d\/1EVSXt6a3_llEY0IXICoMLZBTbN1cIQSE\/view?usp=sharing\">oferta inicial de places<\/a>\u00a0\u2013 amb data 3 de mar\u00e7<\/li>\n\n\n\n<li>Del 6 al 18 de mar\u00e7 de 2026 (a partir de les 9 hores): presentaci\u00f3 de sol\u00b7licituds<\/li>\n\n\n\n<li>Fins al 19 de mar\u00e7 de 2026: presentaci\u00f3 de documentaci\u00f3<\/li>\n\n\n\n<li>15 d\u2019abril de 2026:\u00a0llista de sol\u00b7licituds amb puntuaci\u00f3 provisional<\/li>\n\n\n\n<li>Del 15 al 20 d\u2019abril de 2026: presentaci\u00f3 de reclamacions<\/li>\n\n\n\n<li>23 d&#8217;abril de 2026:\u00a0llista de sol\u00b7licituds amb la puntuaci\u00f3 un cop resoltes les reclamacions<\/li>\n\n\n\n<li>28 d&#8217;abril de 2026: sorteig per resoldre les sol\u00b7licituds de preinscripci\u00f3 empatades en punts<\/li>\n\n\n\n<li>29 d&#8217;abril de 2026:\u00a0publicaci\u00f3 de la llista ordenada<\/li>\n\n\n\n<li>De l&#8217;1 al 3 de juny de 2026: ampliaci\u00f3 de peticions de preinscripci\u00f3 per a alumnes sense pla\u00e7a assignada a cap centre<\/li>\n\n\n\n<li>10 de juny de 2026: oferta final de places escolars<\/li>\n\n\n\n<li>10 de juny de 2026:\u00a0llista d\u2019alumnes admesos\u00a0i\u00a0llista d\u2019espera<\/li>\n\n\n\n<li>Del 10 al 12 de juny de 2026: reclamacions a les llistes d&#8217;alumnes amb pla\u00e7a assignada davant la comissi\u00f3 de garanties d&#8217;admissi\u00f3 (CGA)<\/li>\n\n\n\n<li>Del 22 al 30 de juny de 2026: matriculaci\u00f3 ESO<\/li>\n<\/ul>\n","protected":false},"excerpt":{"rendered":"<p>Aqu\u00ed podeu anar veient la informaci\u00f3 relativa al proc\u00e9s de preinscripci\u00f3 i matriculaci\u00f3 per 1r ESO<\/p>\n<ul class=\"wp-block-list\">\n<li> 3 de mar\u00e7 de 2026: oferta inicial de places escolars. Us adjuntem l\u2019<a href=\"https:\/\/drive.google.com\/file\/d\/1EVSXt6a3_llEY0IXICoMLZBTbN1cIQSE\/view?usp=sharing\" data-type=\"link\" data-id=\"https:\/\/drive.google.com\/file\/d\/1EVSXt6a3_llEY0IXICoMLZBTbN1cIQSE\/view?usp=sharing\">oferta inicial de places<\/a>\u00a0\u2013 amb data 3 de mar\u00e7<\/li>\n<li>Del 6 al 18 de&hellip;  <a href=\"https:\/\/agora.xtec.cat\/ies-santa-eulalia\/general\/preinscripcio-2026\/\" title=\"Read PREINSCRIPCI\u00d3 2026\">Llegeix m\u00e9s\u00bb<\/a><br \/>\n","protected":false},"author":76,"featured_media":0,"comment_status":"open","ping_status":"open","sticky":true,"template":"","format":"standard","meta":{"_bbp_topic_count":0,"_bbp_reply_count":0,"_bbp_total_topic_count":0,"_bbp_total_reply_count":0,"_bbp_voice_count":0,"_bbp_anonymous_reply_count":0,"_bbp_topic_count_hidden":0,"_bbp_reply_count_hidden":0,"_bbp_forum_subforum_count":0,"footnotes":""},"categories":[1,29,626],"tags":[628,442],"class_list":["post-13589","post","type-post","status-publish","format-standard","hentry","category-general","category-portada","category-preinscripcio","tag-curs-26-27","tag-preinscripcio"],"post_mailing_queue_ids":[],"_links":{"self":[{"href":"https:\/\/agora.xtec.cat\/ies-santa-eulalia\/wp-json\/wp\/v2\/posts\/13589","targetHints":{"allow":["GET"]}}],"collection":[{"href":"https:\/\/agora.xtec.cat\/ies-santa-eulalia\/wp-json\/wp\/v2\/posts"}],"about":[{"href":"https:\/\/agora.xtec.cat\/ies-santa-eulalia\/wp-json\/wp\/v2\/types\/post"}],"author":[{"embeddable":true,"href":"https:\/\/agora.xtec.cat\/ies-santa-eulalia\/wp-json\/wp\/v2\/users\/76"}],"replies":[{"embeddable":true,"href":"https:\/\/agora.xtec.cat\/ies-santa-eulalia\/wp-json\/wp\/v2\/comments?post=13589"}],"version-history":[{"count":1,"href":"https:\/\/agora.xtec.cat\/ies-santa-eulalia\/wp-json\/wp\/v2\/posts\/13589\/revisions"}],"predecessor-version":[{"id":13590,"href":"https:\/\/agora.xtec.cat\/ies-santa-eulalia\/wp-json\/wp\/v2\/posts\/13589\/revisions\/13590"}],"wp:attachment":[{"href":"https:\/\/agora.xtec.cat\/ies-santa-eulalia\/wp-json\/wp\/v2\/media?parent=13589"}],"wp:term":[{"taxonomy":"category","embeddable":true,"href":"https:\/\/agora.xtec.cat\/ies-santa-eulalia\/wp-json\/wp\/v2\/categories?post=13589"},{"taxonomy":"post_tag","embeddable":true,"href":"https:\/\/agora.xtec.cat\/ies-santa-eulalia\/wp-json\/wp\/v2\/tags?post=13589"}],"curies":[{"name":"wp","href":"https:\/\/api.w.org\/{rel}","templated":true}]}}