{"id":13345,"date":"2025-12-19T18:55:09","date_gmt":"2025-12-19T17:55:09","guid":{"rendered":"https:\/\/agora.xtec.cat\/ies-santa-eulalia\/?p=13345"},"modified":"2026-01-09T09:36:01","modified_gmt":"2026-01-09T08:36:01","slug":"jornada-de-nadal-al-copem","status":"publish","type":"post","link":"https:\/\/agora.xtec.cat\/ies-santa-eulalia\/general\/jornada-de-nadal-al-copem\/","title":{"rendered":"Jornada de Nadal al COPEM!"},"content":{"rendered":"\n<p>A l\u2019Institut Santa Eul\u00e0lia hem celebrat avui la darrera jornada del primer trimestre amb una programaci\u00f3 especial que ha combinat m\u00fasica, creativitat i conviv\u00e8ncia.<\/p>\n\n\n\n<p>El moment central del mat\u00ed ha estat el concert de nadales protagonitzat per l&#8217;alumnat de 1r i 3r d\u2019ESO al pati del centre. Els estudiants han interpretat diverses peces amb xil\u00f2fons i altres instruments, fruit de la tasca feta a l&#8217;assignatura de M\u00fasica. Des de la direcci\u00f3, volem expressar un agra\u00efment especial a l\u2019Enrique, docent de l\u2019especialitat, per la seva dedicaci\u00f3 i per la impecable organitzaci\u00f3 d\u2019aquest esdeveniment que ha estat el punt \u00e0lgid de la celebraci\u00f3. Aix\u00ed mateix, s\u2019ha procedit al lliurament dels premis del Concurs d\u2019Arbres de Nadal, un projecte en qu\u00e8 l\u2019alumnat de 1r d\u2019ESO ha demostrat una gran capacitat de treball col\u00b7laboratiu.<\/p>\n\n\n\n<p>La jornada s\u2019ha completat amb una oferta molt diversa de tallers i propostes culturals. L&#8217;alumnat ha pogut gaudir del taller de dramatitzaci\u00f3 &#8220;Creem hist\u00f2ries amb el teatre&#8221; a c\u00e0rrec d\u2019Ela-\u03b5\u03bb\u03b1 Teatre, aix\u00ed com de sessions de cinema i curtmetratges. Simult\u00e0niament, s&#8217;han dut a terme tallers de programaci\u00f3 amb Scratch, escacs, manualitats, avions de paper, <em>hamma beads<\/em>, polseres i maquillatge. L&#8217;activitat f\u00edsica i el joc tamb\u00e9 han estat presents amb partides de tenis taula, jocs populars al pati i sessions de Just Dance.<\/p>\n\n\n\n<p>Aquesta jornada ha representat una excel\u00b7lent cloenda per a aquest per\u00edode lectiu. Des de l\u2019institut us desitgem unes bones festes, bones vacances i un feli\u00e7 inici de l&#8217;any nou.<\/p>\n\n\n\n<p>PD: aqu\u00ed us deixem un seguit d\u2019imatges que podeu lliscar per veure-les totes.<\/p>\n\n\n\n<div class=\"wp-block-getwid-images-slider has-arrows-inside has-dots-outside has-images-center has-cropped-images\"><div class=\"wp-block-getwid-images-slider__wrapper\" data-effect=\"slide\" data-slides-show=\"1\" data-slides-show-laptop=\"1\" data-slides-show-tablet=\"1\" data-slides-show-mobile=\"1\" data-slides-scroll=\"1\" data-autoplay=\"false\" data-pause-hover=\"false\" data-autoplay-speed=\"6000\" data-infinite=\"true\" data-animation-speed=\"6\" data-center-mode=\"true\" data-variable-width=\"false\" data-arrows=\"inside\" data-dots=\"outside\" data-spacing=\"none\"><div class=\"wp-block-getwid-images-slider__item\"><figure><img loading=\"lazy\" decoding=\"async\" width=\"2560\" height=\"1440\" src=\"https:\/\/agora.xtec.cat\/ies-santa-eulalia\/wp-content\/uploads\/usu1612\/2025\/12\/20251219_095436-scaled.jpg\" data-id=\"13346\" data-link=\"https:\/\/agora.xtec.cat\/ies-santa-eulalia\/general\/jornada-de-nadal-al-copem\/attachment\/20251219_095436\/\" data-original-link=\"https:\/\/agora.xtec.cat\/ies-santa-eulalia\/wp-content\/uploads\/usu1612\/2025\/12\/20251219_095436-scaled.jpg\" class=\"wp-block-getwid-images-slider__image wp-image-13346\" srcset=\"https:\/\/agora.xtec.cat\/ies-santa-eulalia\/wp-content\/uploads\/usu1612\/2025\/12\/20251219_095436-scaled.jpg 2560w, https:\/\/agora.xtec.cat\/ies-santa-eulalia\/wp-content\/uploads\/usu1612\/2025\/12\/20251219_095436-300x169.jpg 300w, https:\/\/agora.xtec.cat\/ies-santa-eulalia\/wp-content\/uploads\/usu1612\/2025\/12\/20251219_095436-1024x576.jpg 1024w, https:\/\/agora.xtec.cat\/ies-santa-eulalia\/wp-content\/uploads\/usu1612\/2025\/12\/20251219_095436-768x432.jpg 768w, https:\/\/agora.xtec.cat\/ies-santa-eulalia\/wp-content\/uploads\/usu1612\/2025\/12\/20251219_095436-1536x864.jpg 1536w, https:\/\/agora.xtec.cat\/ies-santa-eulalia\/wp-content\/uploads\/usu1612\/2025\/12\/20251219_095436-2048x1152.jpg 2048w\" sizes=\"auto, (max-width: 2560px) 100vw, 2560px\" \/><figcaption class=\"wp-block-getwid-images-slider__caption\">Torneig de tennis taula organitzat com a part de les activitats esportives de la jornada cultural.<\/figcaption><\/figure><\/div><div class=\"wp-block-getwid-images-slider__item\"><figure><img loading=\"lazy\" decoding=\"async\" width=\"2560\" height=\"1440\" src=\"https:\/\/agora.xtec.cat\/ies-santa-eulalia\/wp-content\/uploads\/usu1612\/2025\/12\/20251219_095629-scaled.jpg\" data-id=\"13347\" data-link=\"https:\/\/agora.xtec.cat\/ies-santa-eulalia\/general\/jornada-de-nadal-al-copem\/attachment\/20251219_095629\/\" data-original-link=\"https:\/\/agora.xtec.cat\/ies-santa-eulalia\/wp-content\/uploads\/usu1612\/2025\/12\/20251219_095629-scaled.jpg\" class=\"wp-block-getwid-images-slider__image wp-image-13347\" srcset=\"https:\/\/agora.xtec.cat\/ies-santa-eulalia\/wp-content\/uploads\/usu1612\/2025\/12\/20251219_095629-scaled.jpg 2560w, https:\/\/agora.xtec.cat\/ies-santa-eulalia\/wp-content\/uploads\/usu1612\/2025\/12\/20251219_095629-300x169.jpg 300w, https:\/\/agora.xtec.cat\/ies-santa-eulalia\/wp-content\/uploads\/usu1612\/2025\/12\/20251219_095629-1024x576.jpg 1024w, https:\/\/agora.xtec.cat\/ies-santa-eulalia\/wp-content\/uploads\/usu1612\/2025\/12\/20251219_095629-768x432.jpg 768w, https:\/\/agora.xtec.cat\/ies-santa-eulalia\/wp-content\/uploads\/usu1612\/2025\/12\/20251219_095629-1536x864.jpg 1536w, https:\/\/agora.xtec.cat\/ies-santa-eulalia\/wp-content\/uploads\/usu1612\/2025\/12\/20251219_095629-2048x1152.jpg 2048w\" sizes=\"auto, (max-width: 2560px) 100vw, 2560px\" \/><figcaption class=\"wp-block-getwid-images-slider__caption\">Sessi\u00f3 d\u2019aprenentatge din\u00e0mic i competici\u00f3 de coneixements generals mitjan\u00e7ant la plataforma interactiva Kahoot.<\/figcaption><\/figure><\/div><div class=\"wp-block-getwid-images-slider__item\"><figure><img loading=\"lazy\" decoding=\"async\" width=\"2560\" height=\"1440\" src=\"https:\/\/agora.xtec.cat\/ies-santa-eulalia\/wp-content\/uploads\/usu1612\/2025\/12\/20251219_095802-scaled.jpg\" data-id=\"13350\" data-link=\"https:\/\/agora.xtec.cat\/ies-santa-eulalia\/general\/jornada-de-nadal-al-copem\/attachment\/20251219_095802\/\" data-original-link=\"https:\/\/agora.xtec.cat\/ies-santa-eulalia\/wp-content\/uploads\/usu1612\/2025\/12\/20251219_095802-scaled.jpg\" class=\"wp-block-getwid-images-slider__image wp-image-13350\" srcset=\"https:\/\/agora.xtec.cat\/ies-santa-eulalia\/wp-content\/uploads\/usu1612\/2025\/12\/20251219_095802-scaled.jpg 2560w, https:\/\/agora.xtec.cat\/ies-santa-eulalia\/wp-content\/uploads\/usu1612\/2025\/12\/20251219_095802-300x169.jpg 300w, https:\/\/agora.xtec.cat\/ies-santa-eulalia\/wp-content\/uploads\/usu1612\/2025\/12\/20251219_095802-1024x576.jpg 1024w, https:\/\/agora.xtec.cat\/ies-santa-eulalia\/wp-content\/uploads\/usu1612\/2025\/12\/20251219_095802-768x432.jpg 768w, https:\/\/agora.xtec.cat\/ies-santa-eulalia\/wp-content\/uploads\/usu1612\/2025\/12\/20251219_095802-1536x864.jpg 1536w, https:\/\/agora.xtec.cat\/ies-santa-eulalia\/wp-content\/uploads\/usu1612\/2025\/12\/20251219_095802-2048x1152.jpg 2048w\" sizes=\"auto, (max-width: 2560px) 100vw, 2560px\" \/><figcaption class=\"wp-block-getwid-images-slider__caption\">Hamma beads L&#8217;alumnat exercitant la psicomotricitat fina i el disseny gr\u00e0fic en la creaci\u00f3 de figures amb el taller de Hamma beads.<\/figcaption><\/figure><\/div><div class=\"wp-block-getwid-images-slider__item\"><figure><img loading=\"lazy\" decoding=\"async\" width=\"2560\" height=\"1440\" src=\"https:\/\/agora.xtec.cat\/ies-santa-eulalia\/wp-content\/uploads\/usu1612\/2025\/12\/20251219_095830-scaled.jpg\" data-id=\"13351\" data-link=\"https:\/\/agora.xtec.cat\/ies-santa-eulalia\/general\/jornada-de-nadal-al-copem\/attachment\/20251219_095830\/\" data-original-link=\"https:\/\/agora.xtec.cat\/ies-santa-eulalia\/wp-content\/uploads\/usu1612\/2025\/12\/20251219_095830-scaled.jpg\" class=\"wp-block-getwid-images-slider__image wp-image-13351\" srcset=\"https:\/\/agora.xtec.cat\/ies-santa-eulalia\/wp-content\/uploads\/usu1612\/2025\/12\/20251219_095830-scaled.jpg 2560w, https:\/\/agora.xtec.cat\/ies-santa-eulalia\/wp-content\/uploads\/usu1612\/2025\/12\/20251219_095830-300x169.jpg 300w, https:\/\/agora.xtec.cat\/ies-santa-eulalia\/wp-content\/uploads\/usu1612\/2025\/12\/20251219_095830-1024x576.jpg 1024w, https:\/\/agora.xtec.cat\/ies-santa-eulalia\/wp-content\/uploads\/usu1612\/2025\/12\/20251219_095830-768x432.jpg 768w, https:\/\/agora.xtec.cat\/ies-santa-eulalia\/wp-content\/uploads\/usu1612\/2025\/12\/20251219_095830-1536x864.jpg 1536w, https:\/\/agora.xtec.cat\/ies-santa-eulalia\/wp-content\/uploads\/usu1612\/2025\/12\/20251219_095830-2048x1152.jpg 2048w\" sizes=\"auto, (max-width: 2560px) 100vw, 2560px\" \/><figcaption class=\"wp-block-getwid-images-slider__caption\">Jocs de taula L&#8217;alumnat posa en pr\u00e0ctica habilitats de cooperaci\u00f3 i pensament l\u00f2gic durant les partides de jocs de taula organitzades a l&#8217;aula.<\/figcaption><\/figure><\/div><div class=\"wp-block-getwid-images-slider__item\"><figure><img loading=\"lazy\" decoding=\"async\" width=\"2560\" height=\"1440\" src=\"https:\/\/agora.xtec.cat\/ies-santa-eulalia\/wp-content\/uploads\/usu1612\/2025\/12\/20251219_095859-scaled.jpg\" data-id=\"13348\" data-link=\"https:\/\/agora.xtec.cat\/ies-santa-eulalia\/general\/jornada-de-nadal-al-copem\/attachment\/20251219_095859\/\" data-original-link=\"https:\/\/agora.xtec.cat\/ies-santa-eulalia\/wp-content\/uploads\/usu1612\/2025\/12\/20251219_095859-scaled.jpg\" class=\"wp-block-getwid-images-slider__image wp-image-13348\" srcset=\"https:\/\/agora.xtec.cat\/ies-santa-eulalia\/wp-content\/uploads\/usu1612\/2025\/12\/20251219_095859-scaled.jpg 2560w, https:\/\/agora.xtec.cat\/ies-santa-eulalia\/wp-content\/uploads\/usu1612\/2025\/12\/20251219_095859-300x169.jpg 300w, https:\/\/agora.xtec.cat\/ies-santa-eulalia\/wp-content\/uploads\/usu1612\/2025\/12\/20251219_095859-1024x576.jpg 1024w, https:\/\/agora.xtec.cat\/ies-santa-eulalia\/wp-content\/uploads\/usu1612\/2025\/12\/20251219_095859-768x432.jpg 768w, https:\/\/agora.xtec.cat\/ies-santa-eulalia\/wp-content\/uploads\/usu1612\/2025\/12\/20251219_095859-1536x864.jpg 1536w, https:\/\/agora.xtec.cat\/ies-santa-eulalia\/wp-content\/uploads\/usu1612\/2025\/12\/20251219_095859-2048x1152.jpg 2048w\" sizes=\"auto, (max-width: 2560px) 100vw, 2560px\" \/><figcaption class=\"wp-block-getwid-images-slider__caption\">Polseres L&#8217;alumnat treballant en l&#8217;elaboraci\u00f3 artesanal de polseres durant les activitats del mat\u00ed.<\/figcaption><\/figure><\/div><div class=\"wp-block-getwid-images-slider__item\"><figure><img loading=\"lazy\" decoding=\"async\" width=\"2560\" height=\"1440\" src=\"https:\/\/agora.xtec.cat\/ies-santa-eulalia\/wp-content\/uploads\/usu1612\/2025\/12\/20251219_101057-scaled.jpg\" data-id=\"13352\" data-link=\"https:\/\/agora.xtec.cat\/ies-santa-eulalia\/general\/jornada-de-nadal-al-copem\/attachment\/20251219_101057\/\" data-original-link=\"https:\/\/agora.xtec.cat\/ies-santa-eulalia\/wp-content\/uploads\/usu1612\/2025\/12\/20251219_101057-scaled.jpg\" class=\"wp-block-getwid-images-slider__image wp-image-13352\" srcset=\"https:\/\/agora.xtec.cat\/ies-santa-eulalia\/wp-content\/uploads\/usu1612\/2025\/12\/20251219_101057-scaled.jpg 2560w, https:\/\/agora.xtec.cat\/ies-santa-eulalia\/wp-content\/uploads\/usu1612\/2025\/12\/20251219_101057-300x169.jpg 300w, https:\/\/agora.xtec.cat\/ies-santa-eulalia\/wp-content\/uploads\/usu1612\/2025\/12\/20251219_101057-1024x576.jpg 1024w, https:\/\/agora.xtec.cat\/ies-santa-eulalia\/wp-content\/uploads\/usu1612\/2025\/12\/20251219_101057-768x432.jpg 768w, https:\/\/agora.xtec.cat\/ies-santa-eulalia\/wp-content\/uploads\/usu1612\/2025\/12\/20251219_101057-1536x864.jpg 1536w, https:\/\/agora.xtec.cat\/ies-santa-eulalia\/wp-content\/uploads\/usu1612\/2025\/12\/20251219_101057-2048x1152.jpg 2048w\" sizes=\"auto, (max-width: 2560px) 100vw, 2560px\" \/><\/figure><\/div><div class=\"wp-block-getwid-images-slider__item\"><figure><img loading=\"lazy\" decoding=\"async\" width=\"2560\" height=\"1441\" src=\"https:\/\/agora.xtec.cat\/ies-santa-eulalia\/wp-content\/uploads\/usu1612\/2025\/12\/20251219_102951-scaled.jpg\" data-id=\"13366\" data-link=\"https:\/\/agora.xtec.cat\/ies-santa-eulalia\/general\/jornada-de-nadal-al-copem\/attachment\/20251219_102951\/\" data-original-link=\"https:\/\/agora.xtec.cat\/ies-santa-eulalia\/wp-content\/uploads\/usu1612\/2025\/12\/20251219_102951-scaled.jpg\" class=\"wp-block-getwid-images-slider__image wp-image-13366\" srcset=\"https:\/\/agora.xtec.cat\/ies-santa-eulalia\/wp-content\/uploads\/usu1612\/2025\/12\/20251219_102951-scaled.jpg 2560w, https:\/\/agora.xtec.cat\/ies-santa-eulalia\/wp-content\/uploads\/usu1612\/2025\/12\/20251219_102951-300x169.jpg 300w, https:\/\/agora.xtec.cat\/ies-santa-eulalia\/wp-content\/uploads\/usu1612\/2025\/12\/20251219_102951-1024x576.jpg 1024w, https:\/\/agora.xtec.cat\/ies-santa-eulalia\/wp-content\/uploads\/usu1612\/2025\/12\/20251219_102951-768x432.jpg 768w, https:\/\/agora.xtec.cat\/ies-santa-eulalia\/wp-content\/uploads\/usu1612\/2025\/12\/20251219_102951-1536x864.jpg 1536w, https:\/\/agora.xtec.cat\/ies-santa-eulalia\/wp-content\/uploads\/usu1612\/2025\/12\/20251219_102951-2048x1153.jpg 2048w\" sizes=\"auto, (max-width: 2560px) 100vw, 2560px\" \/><figcaption class=\"wp-block-getwid-images-slider__caption\">Concerts de 1r i 3r d&#8217;ESO L&#8217;alumnat de 1r i 3r d&#8217;ESO durant la interpretaci\u00f3 de nadales amb xil\u00f2fons al pati del centre, sota la direcci\u00f3 del departament de M\u00fasica.<\/figcaption><\/figure><\/div><div class=\"wp-block-getwid-images-slider__item\"><figure><img loading=\"lazy\" decoding=\"async\" width=\"2560\" height=\"1441\" src=\"https:\/\/agora.xtec.cat\/ies-santa-eulalia\/wp-content\/uploads\/usu1612\/2025\/12\/20251219_103053-scaled.jpg\" data-id=\"13369\" data-link=\"https:\/\/agora.xtec.cat\/ies-santa-eulalia\/general\/jornada-de-nadal-al-copem\/attachment\/20251219_103053\/\" data-original-link=\"https:\/\/agora.xtec.cat\/ies-santa-eulalia\/wp-content\/uploads\/usu1612\/2025\/12\/20251219_103053-scaled.jpg\" class=\"wp-block-getwid-images-slider__image wp-image-13369\" srcset=\"https:\/\/agora.xtec.cat\/ies-santa-eulalia\/wp-content\/uploads\/usu1612\/2025\/12\/20251219_103053-scaled.jpg 2560w, https:\/\/agora.xtec.cat\/ies-santa-eulalia\/wp-content\/uploads\/usu1612\/2025\/12\/20251219_103053-300x169.jpg 300w, https:\/\/agora.xtec.cat\/ies-santa-eulalia\/wp-content\/uploads\/usu1612\/2025\/12\/20251219_103053-1024x576.jpg 1024w, https:\/\/agora.xtec.cat\/ies-santa-eulalia\/wp-content\/uploads\/usu1612\/2025\/12\/20251219_103053-768x432.jpg 768w, https:\/\/agora.xtec.cat\/ies-santa-eulalia\/wp-content\/uploads\/usu1612\/2025\/12\/20251219_103053-1536x864.jpg 1536w, https:\/\/agora.xtec.cat\/ies-santa-eulalia\/wp-content\/uploads\/usu1612\/2025\/12\/20251219_103053-2048x1153.jpg 2048w\" sizes=\"auto, (max-width: 2560px) 100vw, 2560px\" \/><figcaption class=\"wp-block-getwid-images-slider__caption\">Concerts de 1r i 3r d&#8217;ESO L&#8217;alumnat de 1r i 3r d&#8217;ESO durant la interpretaci\u00f3 de nadales amb xil\u00f2fons al pati del centre, sota la direcci\u00f3 del departament de M\u00fasica.<\/figcaption><\/figure><\/div><div class=\"wp-block-getwid-images-slider__item\"><figure><img loading=\"lazy\" decoding=\"async\" width=\"2560\" height=\"1441\" src=\"https:\/\/agora.xtec.cat\/ies-santa-eulalia\/wp-content\/uploads\/usu1612\/2025\/12\/20251219_105455-scaled.jpg\" data-id=\"13362\" data-link=\"https:\/\/agora.xtec.cat\/ies-santa-eulalia\/general\/jornada-de-nadal-al-copem\/attachment\/20251219_105455\/\" data-original-link=\"https:\/\/agora.xtec.cat\/ies-santa-eulalia\/wp-content\/uploads\/usu1612\/2025\/12\/20251219_105455-scaled.jpg\" class=\"wp-block-getwid-images-slider__image wp-image-13362\" srcset=\"https:\/\/agora.xtec.cat\/ies-santa-eulalia\/wp-content\/uploads\/usu1612\/2025\/12\/20251219_105455-scaled.jpg 2560w, https:\/\/agora.xtec.cat\/ies-santa-eulalia\/wp-content\/uploads\/usu1612\/2025\/12\/20251219_105455-300x169.jpg 300w, https:\/\/agora.xtec.cat\/ies-santa-eulalia\/wp-content\/uploads\/usu1612\/2025\/12\/20251219_105455-1024x576.jpg 1024w, https:\/\/agora.xtec.cat\/ies-santa-eulalia\/wp-content\/uploads\/usu1612\/2025\/12\/20251219_105455-768x432.jpg 768w, https:\/\/agora.xtec.cat\/ies-santa-eulalia\/wp-content\/uploads\/usu1612\/2025\/12\/20251219_105455-1536x864.jpg 1536w, https:\/\/agora.xtec.cat\/ies-santa-eulalia\/wp-content\/uploads\/usu1612\/2025\/12\/20251219_105455-2048x1153.jpg 2048w\" sizes=\"auto, (max-width: 2560px) 100vw, 2560px\" \/><figcaption class=\"wp-block-getwid-images-slider__caption\">Entrega de premis (Arbres de Nadal) Acte de lliurament de guardons als grups guanyadors del concurs de creaci\u00f3 d&#8217;arbres de Nadal realitzats per l&#8217;alumnat de 1r d&#8217;ESO.<\/figcaption><\/figure><\/div><div class=\"wp-block-getwid-images-slider__item\"><figure><img loading=\"lazy\" decoding=\"async\" width=\"2560\" height=\"1441\" src=\"https:\/\/agora.xtec.cat\/ies-santa-eulalia\/wp-content\/uploads\/usu1612\/2025\/12\/20251219_113316-scaled.jpg\" data-id=\"13359\" data-link=\"https:\/\/agora.xtec.cat\/ies-santa-eulalia\/general\/jornada-de-nadal-al-copem\/attachment\/20251219_113316\/\" data-original-link=\"https:\/\/agora.xtec.cat\/ies-santa-eulalia\/wp-content\/uploads\/usu1612\/2025\/12\/20251219_113316-scaled.jpg\" class=\"wp-block-getwid-images-slider__image wp-image-13359\" srcset=\"https:\/\/agora.xtec.cat\/ies-santa-eulalia\/wp-content\/uploads\/usu1612\/2025\/12\/20251219_113316-scaled.jpg 2560w, https:\/\/agora.xtec.cat\/ies-santa-eulalia\/wp-content\/uploads\/usu1612\/2025\/12\/20251219_113316-300x169.jpg 300w, https:\/\/agora.xtec.cat\/ies-santa-eulalia\/wp-content\/uploads\/usu1612\/2025\/12\/20251219_113316-1024x576.jpg 1024w, https:\/\/agora.xtec.cat\/ies-santa-eulalia\/wp-content\/uploads\/usu1612\/2025\/12\/20251219_113316-768x432.jpg 768w, https:\/\/agora.xtec.cat\/ies-santa-eulalia\/wp-content\/uploads\/usu1612\/2025\/12\/20251219_113316-1536x864.jpg 1536w, https:\/\/agora.xtec.cat\/ies-santa-eulalia\/wp-content\/uploads\/usu1612\/2025\/12\/20251219_113316-2048x1153.jpg 2048w\" sizes=\"auto, (max-width: 2560px) 100vw, 2560px\" \/><figcaption class=\"wp-block-getwid-images-slider__caption\">Taller de teatre amb Ela-Ela teatre. Sessi\u00f3 de dramatitzaci\u00f3 &#8220;Creem hist\u00f2ries amb el teatre&#8221; on l&#8217;alumnat ha treballat l&#8217;expressi\u00f3 corporal i la improvisaci\u00f3.<\/figcaption><\/figure><\/div><div class=\"wp-block-getwid-images-slider__item\"><figure><img loading=\"lazy\" decoding=\"async\" width=\"2560\" height=\"1441\" src=\"https:\/\/agora.xtec.cat\/ies-santa-eulalia\/wp-content\/uploads\/usu1612\/2025\/12\/20251219_115930-scaled.jpg\" data-id=\"13358\" data-link=\"https:\/\/agora.xtec.cat\/ies-santa-eulalia\/general\/jornada-de-nadal-al-copem\/attachment\/20251219_115930\/\" data-original-link=\"https:\/\/agora.xtec.cat\/ies-santa-eulalia\/wp-content\/uploads\/usu1612\/2025\/12\/20251219_115930-scaled.jpg\" class=\"wp-block-getwid-images-slider__image wp-image-13358\" srcset=\"https:\/\/agora.xtec.cat\/ies-santa-eulalia\/wp-content\/uploads\/usu1612\/2025\/12\/20251219_115930-scaled.jpg 2560w, https:\/\/agora.xtec.cat\/ies-santa-eulalia\/wp-content\/uploads\/usu1612\/2025\/12\/20251219_115930-300x169.jpg 300w, https:\/\/agora.xtec.cat\/ies-santa-eulalia\/wp-content\/uploads\/usu1612\/2025\/12\/20251219_115930-1024x576.jpg 1024w, https:\/\/agora.xtec.cat\/ies-santa-eulalia\/wp-content\/uploads\/usu1612\/2025\/12\/20251219_115930-768x432.jpg 768w, https:\/\/agora.xtec.cat\/ies-santa-eulalia\/wp-content\/uploads\/usu1612\/2025\/12\/20251219_115930-1536x864.jpg 1536w, https:\/\/agora.xtec.cat\/ies-santa-eulalia\/wp-content\/uploads\/usu1612\/2025\/12\/20251219_115930-2048x1153.jpg 2048w\" sizes=\"auto, (max-width: 2560px) 100vw, 2560px\" \/><figcaption class=\"wp-block-getwid-images-slider__caption\">Taller de teatre amb Ela-Ela teatre. Sessi\u00f3 de dramatitzaci\u00f3 &#8220;Creem hist\u00f2ries amb el teatre&#8221; on l&#8217;alumnat ha treballat l&#8217;expressi\u00f3 corporal i la improvisaci\u00f3.<\/figcaption><\/figure><\/div><div class=\"wp-block-getwid-images-slider__item\"><figure><img loading=\"lazy\" decoding=\"async\" width=\"2560\" height=\"1440\" src=\"https:\/\/agora.xtec.cat\/ies-santa-eulalia\/wp-content\/uploads\/usu1612\/2025\/12\/20251219_095927-scaled.jpg\" data-id=\"13371\" data-link=\"https:\/\/agora.xtec.cat\/ies-santa-eulalia\/general\/jornada-de-nadal-al-copem\/attachment\/20251219_095927\/\" data-original-link=\"https:\/\/agora.xtec.cat\/ies-santa-eulalia\/wp-content\/uploads\/usu1612\/2025\/12\/20251219_095927-scaled.jpg\" class=\"wp-block-getwid-images-slider__image wp-image-13371\" srcset=\"https:\/\/agora.xtec.cat\/ies-santa-eulalia\/wp-content\/uploads\/usu1612\/2025\/12\/20251219_095927-scaled.jpg 2560w, https:\/\/agora.xtec.cat\/ies-santa-eulalia\/wp-content\/uploads\/usu1612\/2025\/12\/20251219_095927-300x169.jpg 300w, https:\/\/agora.xtec.cat\/ies-santa-eulalia\/wp-content\/uploads\/usu1612\/2025\/12\/20251219_095927-1024x576.jpg 1024w, https:\/\/agora.xtec.cat\/ies-santa-eulalia\/wp-content\/uploads\/usu1612\/2025\/12\/20251219_095927-768x432.jpg 768w, https:\/\/agora.xtec.cat\/ies-santa-eulalia\/wp-content\/uploads\/usu1612\/2025\/12\/20251219_095927-1536x864.jpg 1536w, https:\/\/agora.xtec.cat\/ies-santa-eulalia\/wp-content\/uploads\/usu1612\/2025\/12\/20251219_095927-2048x1152.jpg 2048w\" sizes=\"auto, (max-width: 2560px) 100vw, 2560px\" \/><figcaption class=\"wp-block-getwid-images-slider__caption\">Escacs Desenvolupament de la concentraci\u00f3 i la visi\u00f3 estrat\u00e8gica en el taller d&#8217;escacs celebrat durant la jornada cultural de Nadal.<\/figcaption><\/figure><\/div><div class=\"wp-block-getwid-images-slider__item\"><figure><img loading=\"lazy\" decoding=\"async\" width=\"2560\" height=\"1441\" src=\"https:\/\/agora.xtec.cat\/ies-santa-eulalia\/wp-content\/uploads\/usu1612\/2025\/12\/20251219_100352-scaled.jpg\" data-id=\"13375\" data-link=\"https:\/\/agora.xtec.cat\/ies-santa-eulalia\/general\/jornada-de-nadal-al-copem\/attachment\/20251219_100352\/\" data-original-link=\"https:\/\/agora.xtec.cat\/ies-santa-eulalia\/wp-content\/uploads\/usu1612\/2025\/12\/20251219_100352-scaled.jpg\" class=\"wp-block-getwid-images-slider__image wp-image-13375\" srcset=\"https:\/\/agora.xtec.cat\/ies-santa-eulalia\/wp-content\/uploads\/usu1612\/2025\/12\/20251219_100352-scaled.jpg 2560w, https:\/\/agora.xtec.cat\/ies-santa-eulalia\/wp-content\/uploads\/usu1612\/2025\/12\/20251219_100352-300x169.jpg 300w, https:\/\/agora.xtec.cat\/ies-santa-eulalia\/wp-content\/uploads\/usu1612\/2025\/12\/20251219_100352-1024x576.jpg 1024w, https:\/\/agora.xtec.cat\/ies-santa-eulalia\/wp-content\/uploads\/usu1612\/2025\/12\/20251219_100352-768x432.jpg 768w, https:\/\/agora.xtec.cat\/ies-santa-eulalia\/wp-content\/uploads\/usu1612\/2025\/12\/20251219_100352-1536x864.jpg 1536w, https:\/\/agora.xtec.cat\/ies-santa-eulalia\/wp-content\/uploads\/usu1612\/2025\/12\/20251219_100352-2048x1153.jpg 2048w\" sizes=\"auto, (max-width: 2560px) 100vw, 2560px\" \/><figcaption class=\"wp-block-getwid-images-slider__caption\">Scratch Sessi\u00f3 de programaci\u00f3 inform\u00e0tica amb Scratch, on s&#8217;han posat en pr\u00e0ctica conceptes de l\u00f2gica i pensament computacional.<\/figcaption><\/figure><\/div><div class=\"wp-block-getwid-images-slider__item\"><figure><img loading=\"lazy\" decoding=\"async\" width=\"2560\" height=\"1440\" src=\"https:\/\/agora.xtec.cat\/ies-santa-eulalia\/wp-content\/uploads\/usu1612\/2025\/12\/20251219_101108-scaled.jpg\" data-id=\"13374\" data-link=\"https:\/\/agora.xtec.cat\/ies-santa-eulalia\/general\/jornada-de-nadal-al-copem\/attachment\/20251219_101108\/\" data-original-link=\"https:\/\/agora.xtec.cat\/ies-santa-eulalia\/wp-content\/uploads\/usu1612\/2025\/12\/20251219_101108-scaled.jpg\" class=\"wp-block-getwid-images-slider__image wp-image-13374\" srcset=\"https:\/\/agora.xtec.cat\/ies-santa-eulalia\/wp-content\/uploads\/usu1612\/2025\/12\/20251219_101108-scaled.jpg 2560w, https:\/\/agora.xtec.cat\/ies-santa-eulalia\/wp-content\/uploads\/usu1612\/2025\/12\/20251219_101108-300x169.jpg 300w, https:\/\/agora.xtec.cat\/ies-santa-eulalia\/wp-content\/uploads\/usu1612\/2025\/12\/20251219_101108-1024x576.jpg 1024w, https:\/\/agora.xtec.cat\/ies-santa-eulalia\/wp-content\/uploads\/usu1612\/2025\/12\/20251219_101108-768x432.jpg 768w, https:\/\/agora.xtec.cat\/ies-santa-eulalia\/wp-content\/uploads\/usu1612\/2025\/12\/20251219_101108-1536x864.jpg 1536w, https:\/\/agora.xtec.cat\/ies-santa-eulalia\/wp-content\/uploads\/usu1612\/2025\/12\/20251219_101108-2048x1152.jpg 2048w\" sizes=\"auto, (max-width: 2560px) 100vw, 2560px\" \/><figcaption class=\"wp-block-getwid-images-slider__caption\">Just Dance Activitat de coreografia i expressi\u00f3 r\u00edtmica realitzada al gimn\u00e0s del centre.<\/figcaption><\/figure><\/div><div class=\"wp-block-getwid-images-slider__item\"><figure><img loading=\"lazy\" decoding=\"async\" width=\"2560\" height=\"1441\" src=\"https:\/\/agora.xtec.cat\/ies-santa-eulalia\/wp-content\/uploads\/usu1612\/2025\/12\/20251219_102522-scaled.jpg\" data-id=\"13383\" data-link=\"https:\/\/agora.xtec.cat\/ies-santa-eulalia\/general\/jornada-de-nadal-al-copem\/attachment\/20251219_102522\/\" data-original-link=\"https:\/\/agora.xtec.cat\/ies-santa-eulalia\/wp-content\/uploads\/usu1612\/2025\/12\/20251219_102522-scaled.jpg\" class=\"wp-block-getwid-images-slider__image wp-image-13383\" srcset=\"https:\/\/agora.xtec.cat\/ies-santa-eulalia\/wp-content\/uploads\/usu1612\/2025\/12\/20251219_102522-scaled.jpg 2560w, https:\/\/agora.xtec.cat\/ies-santa-eulalia\/wp-content\/uploads\/usu1612\/2025\/12\/20251219_102522-300x169.jpg 300w, https:\/\/agora.xtec.cat\/ies-santa-eulalia\/wp-content\/uploads\/usu1612\/2025\/12\/20251219_102522-1024x576.jpg 1024w, https:\/\/agora.xtec.cat\/ies-santa-eulalia\/wp-content\/uploads\/usu1612\/2025\/12\/20251219_102522-768x432.jpg 768w, https:\/\/agora.xtec.cat\/ies-santa-eulalia\/wp-content\/uploads\/usu1612\/2025\/12\/20251219_102522-1536x864.jpg 1536w, https:\/\/agora.xtec.cat\/ies-santa-eulalia\/wp-content\/uploads\/usu1612\/2025\/12\/20251219_102522-2048x1153.jpg 2048w\" sizes=\"auto, (max-width: 2560px) 100vw, 2560px\" \/><figcaption class=\"wp-block-getwid-images-slider__caption\">Concerts de 1r i 3r d&#8217;ESO L&#8217;alumnat de 1r i 3r d&#8217;ESO durant la interpretaci\u00f3 de nadales amb xil\u00f2fons al pati del centre, sota la direcci\u00f3 del departament de M\u00fasica.<\/figcaption><\/figure><\/div><div class=\"wp-block-getwid-images-slider__item\"><figure><img loading=\"lazy\" decoding=\"async\" width=\"2560\" height=\"1440\" src=\"https:\/\/agora.xtec.cat\/ies-santa-eulalia\/wp-content\/uploads\/usu1612\/2025\/12\/20251219_102957-scaled.jpg\" data-id=\"13377\" data-link=\"https:\/\/agora.xtec.cat\/ies-santa-eulalia\/general\/jornada-de-nadal-al-copem\/attachment\/20251219_102957\/\" data-original-link=\"https:\/\/agora.xtec.cat\/ies-santa-eulalia\/wp-content\/uploads\/usu1612\/2025\/12\/20251219_102957-scaled.jpg\" class=\"wp-block-getwid-images-slider__image wp-image-13377\" srcset=\"https:\/\/agora.xtec.cat\/ies-santa-eulalia\/wp-content\/uploads\/usu1612\/2025\/12\/20251219_102957-scaled.jpg 2560w, https:\/\/agora.xtec.cat\/ies-santa-eulalia\/wp-content\/uploads\/usu1612\/2025\/12\/20251219_102957-300x169.jpg 300w, https:\/\/agora.xtec.cat\/ies-santa-eulalia\/wp-content\/uploads\/usu1612\/2025\/12\/20251219_102957-1024x576.jpg 1024w, https:\/\/agora.xtec.cat\/ies-santa-eulalia\/wp-content\/uploads\/usu1612\/2025\/12\/20251219_102957-768x432.jpg 768w, https:\/\/agora.xtec.cat\/ies-santa-eulalia\/wp-content\/uploads\/usu1612\/2025\/12\/20251219_102957-1536x864.jpg 1536w, https:\/\/agora.xtec.cat\/ies-santa-eulalia\/wp-content\/uploads\/usu1612\/2025\/12\/20251219_102957-2048x1152.jpg 2048w\" sizes=\"auto, (max-width: 2560px) 100vw, 2560px\" \/><figcaption class=\"wp-block-getwid-images-slider__caption\">Concerts de 1r i 3r d&#8217;ESO L&#8217;alumnat de 1r i 3r d&#8217;ESO durant la interpretaci\u00f3 de nadales amb xil\u00f2fons al pati del centre, sota la direcci\u00f3 del departament de M\u00fasica.<\/figcaption><\/figure><\/div><div class=\"wp-block-getwid-images-slider__item\"><figure><img loading=\"lazy\" decoding=\"async\" width=\"2560\" height=\"1441\" src=\"https:\/\/agora.xtec.cat\/ies-santa-eulalia\/wp-content\/uploads\/usu1612\/2025\/12\/20251219_103218-scaled.jpg\" data-id=\"13385\" data-link=\"https:\/\/agora.xtec.cat\/ies-santa-eulalia\/general\/jornada-de-nadal-al-copem\/attachment\/20251219_103218\/\" data-original-link=\"https:\/\/agora.xtec.cat\/ies-santa-eulalia\/wp-content\/uploads\/usu1612\/2025\/12\/20251219_103218-scaled.jpg\" class=\"wp-block-getwid-images-slider__image wp-image-13385\" srcset=\"https:\/\/agora.xtec.cat\/ies-santa-eulalia\/wp-content\/uploads\/usu1612\/2025\/12\/20251219_103218-scaled.jpg 2560w, https:\/\/agora.xtec.cat\/ies-santa-eulalia\/wp-content\/uploads\/usu1612\/2025\/12\/20251219_103218-300x169.jpg 300w, https:\/\/agora.xtec.cat\/ies-santa-eulalia\/wp-content\/uploads\/usu1612\/2025\/12\/20251219_103218-1024x576.jpg 1024w, https:\/\/agora.xtec.cat\/ies-santa-eulalia\/wp-content\/uploads\/usu1612\/2025\/12\/20251219_103218-768x432.jpg 768w, https:\/\/agora.xtec.cat\/ies-santa-eulalia\/wp-content\/uploads\/usu1612\/2025\/12\/20251219_103218-1536x864.jpg 1536w, https:\/\/agora.xtec.cat\/ies-santa-eulalia\/wp-content\/uploads\/usu1612\/2025\/12\/20251219_103218-2048x1153.jpg 2048w\" sizes=\"auto, (max-width: 2560px) 100vw, 2560px\" \/><figcaption class=\"wp-block-getwid-images-slider__caption\">Concerts de 1r i 3r d&#8217;ESO L&#8217;alumnat de 1r i 3r d&#8217;ESO durant la interpretaci\u00f3 de nadales amb xil\u00f2fons al pati del centre, sota la direcci\u00f3 del departament de M\u00fasica.<\/figcaption><\/figure><\/div><div class=\"wp-block-getwid-images-slider__item\"><figure><img loading=\"lazy\" decoding=\"async\" width=\"2560\" height=\"1441\" src=\"https:\/\/agora.xtec.cat\/ies-santa-eulalia\/wp-content\/uploads\/usu1612\/2025\/12\/20251219_103521-scaled.jpg\" data-id=\"13382\" data-link=\"https:\/\/agora.xtec.cat\/ies-santa-eulalia\/general\/jornada-de-nadal-al-copem\/attachment\/20251219_103521\/\" data-original-link=\"https:\/\/agora.xtec.cat\/ies-santa-eulalia\/wp-content\/uploads\/usu1612\/2025\/12\/20251219_103521-scaled.jpg\" class=\"wp-block-getwid-images-slider__image wp-image-13382\" srcset=\"https:\/\/agora.xtec.cat\/ies-santa-eulalia\/wp-content\/uploads\/usu1612\/2025\/12\/20251219_103521-scaled.jpg 2560w, https:\/\/agora.xtec.cat\/ies-santa-eulalia\/wp-content\/uploads\/usu1612\/2025\/12\/20251219_103521-300x169.jpg 300w, https:\/\/agora.xtec.cat\/ies-santa-eulalia\/wp-content\/uploads\/usu1612\/2025\/12\/20251219_103521-1024x576.jpg 1024w, https:\/\/agora.xtec.cat\/ies-santa-eulalia\/wp-content\/uploads\/usu1612\/2025\/12\/20251219_103521-768x432.jpg 768w, https:\/\/agora.xtec.cat\/ies-santa-eulalia\/wp-content\/uploads\/usu1612\/2025\/12\/20251219_103521-1536x864.jpg 1536w, https:\/\/agora.xtec.cat\/ies-santa-eulalia\/wp-content\/uploads\/usu1612\/2025\/12\/20251219_103521-2048x1153.jpg 2048w\" sizes=\"auto, (max-width: 2560px) 100vw, 2560px\" \/><figcaption class=\"wp-block-getwid-images-slider__caption\">Concerts de 1r i 3r d&#8217;ESO L&#8217;alumnat de 1r i 3r d&#8217;ESO durant la interpretaci\u00f3 de nadales amb xil\u00f2fons al pati del centre, sota la direcci\u00f3 del departament de M\u00fasica.<\/figcaption><\/figure><\/div><div class=\"wp-block-getwid-images-slider__item\"><figure><img loading=\"lazy\" decoding=\"async\" width=\"2560\" height=\"1441\" src=\"https:\/\/agora.xtec.cat\/ies-santa-eulalia\/wp-content\/uploads\/usu1612\/2025\/12\/20251219_104250-scaled.jpg\" data-id=\"13380\" data-link=\"https:\/\/agora.xtec.cat\/ies-santa-eulalia\/general\/jornada-de-nadal-al-copem\/attachment\/20251219_104250\/\" data-original-link=\"https:\/\/agora.xtec.cat\/ies-santa-eulalia\/wp-content\/uploads\/usu1612\/2025\/12\/20251219_104250-scaled.jpg\" class=\"wp-block-getwid-images-slider__image wp-image-13380\" srcset=\"https:\/\/agora.xtec.cat\/ies-santa-eulalia\/wp-content\/uploads\/usu1612\/2025\/12\/20251219_104250-scaled.jpg 2560w, https:\/\/agora.xtec.cat\/ies-santa-eulalia\/wp-content\/uploads\/usu1612\/2025\/12\/20251219_104250-300x169.jpg 300w, https:\/\/agora.xtec.cat\/ies-santa-eulalia\/wp-content\/uploads\/usu1612\/2025\/12\/20251219_104250-1024x576.jpg 1024w, https:\/\/agora.xtec.cat\/ies-santa-eulalia\/wp-content\/uploads\/usu1612\/2025\/12\/20251219_104250-768x432.jpg 768w, https:\/\/agora.xtec.cat\/ies-santa-eulalia\/wp-content\/uploads\/usu1612\/2025\/12\/20251219_104250-1536x864.jpg 1536w, https:\/\/agora.xtec.cat\/ies-santa-eulalia\/wp-content\/uploads\/usu1612\/2025\/12\/20251219_104250-2048x1153.jpg 2048w\" sizes=\"auto, (max-width: 2560px) 100vw, 2560px\" \/><figcaption class=\"wp-block-getwid-images-slider__caption\">Concerts de 1r i 3r d&#8217;ESO L&#8217;alumnat de 1r i 3r d&#8217;ESO durant la interpretaci\u00f3 de nadales amb xil\u00f2fons al pati del centre, sota la direcci\u00f3 del departament de M\u00fasica.<\/figcaption><\/figure><\/div><div class=\"wp-block-getwid-images-slider__item\"><figure><img loading=\"lazy\" decoding=\"async\" width=\"2560\" height=\"1441\" src=\"https:\/\/agora.xtec.cat\/ies-santa-eulalia\/wp-content\/uploads\/usu1612\/2025\/12\/20251219_104831-scaled.jpg\" data-id=\"13384\" data-link=\"https:\/\/agora.xtec.cat\/ies-santa-eulalia\/general\/jornada-de-nadal-al-copem\/attachment\/20251219_104831\/\" data-original-link=\"https:\/\/agora.xtec.cat\/ies-santa-eulalia\/wp-content\/uploads\/usu1612\/2025\/12\/20251219_104831-scaled.jpg\" class=\"wp-block-getwid-images-slider__image wp-image-13384\" srcset=\"https:\/\/agora.xtec.cat\/ies-santa-eulalia\/wp-content\/uploads\/usu1612\/2025\/12\/20251219_104831-scaled.jpg 2560w, https:\/\/agora.xtec.cat\/ies-santa-eulalia\/wp-content\/uploads\/usu1612\/2025\/12\/20251219_104831-300x169.jpg 300w, https:\/\/agora.xtec.cat\/ies-santa-eulalia\/wp-content\/uploads\/usu1612\/2025\/12\/20251219_104831-1024x576.jpg 1024w, https:\/\/agora.xtec.cat\/ies-santa-eulalia\/wp-content\/uploads\/usu1612\/2025\/12\/20251219_104831-768x432.jpg 768w, https:\/\/agora.xtec.cat\/ies-santa-eulalia\/wp-content\/uploads\/usu1612\/2025\/12\/20251219_104831-1536x864.jpg 1536w, https:\/\/agora.xtec.cat\/ies-santa-eulalia\/wp-content\/uploads\/usu1612\/2025\/12\/20251219_104831-2048x1153.jpg 2048w\" sizes=\"auto, (max-width: 2560px) 100vw, 2560px\" \/><figcaption class=\"wp-block-getwid-images-slider__caption\">Concerts de 1r i 3r d&#8217;ESO L&#8217;alumnat de 1r i 3r d&#8217;ESO durant la interpretaci\u00f3 de nadales amb xil\u00f2fons al pati del centre, sota la direcci\u00f3 del departament de M\u00fasica.<\/figcaption><\/figure><\/div><\/div><\/div>\n\n\n\n<figure class=\"wp-block-gallery has-nested-images columns-default is-cropped wp-block-gallery-1 is-layout-flex wp-block-gallery-is-layout-flex\">\n\n\n\n\n\n\n\n\n\n\n\n\n\n\n\n\n\n\n\n\n\n\n\n\n\n\n\n\n\n\n\n\n\n\n\n\n\n\n\n\n\n\n\n\n\n\n\n\n\n\n\n\n\n\n\n\n\n\n\n\n\n\n\n\n\n\n\n\n\n\n\n\n\n\n\n\n\n\n\n\n\n<\/figure>\n\n\n","protected":false},"excerpt":{"rendered":"<p>A l\u2019Institut Santa Eul\u00e0lia hem celebrat avui la darrera jornada del primer trimestre amb una programaci\u00f3 especial que ha combinat m\u00fasica, creativitat i conviv\u00e8ncia.<\/p>\n<p>El moment central del mat\u00ed ha estat el concert de nadales protagonitzat per l&#8217;alumnat de 1r i 3r d\u2019ESO al pati del&hellip;  <a href=\"https:\/\/agora.xtec.cat\/ies-santa-eulalia\/general\/jornada-de-nadal-al-copem\/\" title=\"Read Jornada de Nadal al COPEM!\">Llegeix m\u00e9s\u00bb<\/a><\/p>\n","protected":false},"author":1,"featured_media":13377,"comment_status":"open","ping_status":"open","sticky":false,"template":"","format":"standard","meta":{"_bbp_topic_count":0,"_bbp_reply_count":0,"_bbp_total_topic_count":0,"_bbp_total_reply_count":0,"_bbp_voice_count":0,"_bbp_anonymous_reply_count":0,"_bbp_topic_count_hidden":0,"_bbp_reply_count_hidden":0,"_bbp_forum_subforum_count":0,"footnotes":""},"categories":[151,1,165,29],"tags":[234,610,205,609,392,226,58,40],"class_list":["post-13345","post","type-post","status-publish","format-standard","has-post-thumbnail","hentry","category-novetats-musica","category-general","category-nadal","category-portada","tag-copem","tag-concert-de-nadal","tag-ins-santa-eulalia","tag-jornada-de-nadal","tag-musica","tag-nadal","tag-tallers","tag-teatre"],"post_mailing_queue_ids":[],"_links":{"self":[{"href":"https:\/\/agora.xtec.cat\/ies-santa-eulalia\/wp-json\/wp\/v2\/posts\/13345","targetHints":{"allow":["GET"]}}],"collection":[{"href":"https:\/\/agora.xtec.cat\/ies-santa-eulalia\/wp-json\/wp\/v2\/posts"}],"about":[{"href":"https:\/\/agora.xtec.cat\/ies-santa-eulalia\/wp-json\/wp\/v2\/types\/post"}],"author":[{"embeddable":true,"href":"https:\/\/agora.xtec.cat\/ies-santa-eulalia\/wp-json\/wp\/v2\/users\/1"}],"replies":[{"embeddable":true,"href":"https:\/\/agora.xtec.cat\/ies-santa-eulalia\/wp-json\/wp\/v2\/comments?post=13345"}],"version-history":[{"count":3,"href":"https:\/\/agora.xtec.cat\/ies-santa-eulalia\/wp-json\/wp\/v2\/posts\/13345\/revisions"}],"predecessor-version":[{"id":13390,"href":"https:\/\/agora.xtec.cat\/ies-santa-eulalia\/wp-json\/wp\/v2\/posts\/13345\/revisions\/13390"}],"wp:featuredmedia":[{"embeddable":true,"href":"https:\/\/agora.xtec.cat\/ies-santa-eulalia\/wp-json\/wp\/v2\/media\/13377"}],"wp:attachment":[{"href":"https:\/\/agora.xtec.cat\/ies-santa-eulalia\/wp-json\/wp\/v2\/media?parent=13345"}],"wp:term":[{"taxonomy":"category","embeddable":true,"href":"https:\/\/agora.xtec.cat\/ies-santa-eulalia\/wp-json\/wp\/v2\/categories?post=13345"},{"taxonomy":"post_tag","embeddable":true,"href":"https:\/\/agora.xtec.cat\/ies-santa-eulalia\/wp-json\/wp\/v2\/tags?post=13345"}],"curies":[{"name":"wp","href":"https:\/\/api.w.org\/{rel}","templated":true}]}}