{"id":13333,"date":"2025-12-16T14:17:47","date_gmt":"2025-12-16T13:17:47","guid":{"rendered":"https:\/\/agora.xtec.cat\/ies-santa-eulalia\/?p=13333"},"modified":"2025-12-16T14:27:12","modified_gmt":"2025-12-16T13:27:12","slug":"felicitacio-de-nadal-dels-de-ciencies","status":"publish","type":"post","link":"https:\/\/agora.xtec.cat\/ies-santa-eulalia\/general\/felicitacio-de-nadal-dels-de-ciencies\/","title":{"rendered":"Felicitaci\u00f3 de Nadal dels de Ci\u00e8ncies"},"content":{"rendered":"\n<p>Un cop m\u00e9s s&#8217;acosta el solstici d&#8217;hivern i \u00e9s moment de fer balan\u00e7.<\/p>\n\n\n\n<p>Des dels departaments de Ci\u00e8ncies us desitgem bon solstici d&#8217;hivern i feli\u00e7 translaci\u00f3 nova amb la imatge guanyadora del 9\u00e8 Concurs de Fotografia Cient\u00edfica del COPEM, feta per l&#8217;Helena Paz-Pe\u00f1uelas de 1r B d&#8217;ESO.<\/p>\n\n\n\n<p>Salutacions i fins a l&#8217;any que ve.<\/p>\n\n\n\n<figure class=\"wp-block-image size-large\"><a href=\"https:\/\/agora.xtec.cat\/ies-santa-eulalia\/wp-content\/uploads\/usu1612\/2025\/12\/Felicitaciosolsticidepartament2025.jpg\"><img loading=\"lazy\" decoding=\"async\" width=\"797\" height=\"1024\" src=\"https:\/\/agora.xtec.cat\/ies-santa-eulalia\/wp-content\/uploads\/usu1612\/2025\/12\/Felicitaciosolsticidepartament2025-797x1024.jpg\" alt=\"\" class=\"wp-image-13334\" srcset=\"https:\/\/agora.xtec.cat\/ies-santa-eulalia\/wp-content\/uploads\/usu1612\/2025\/12\/Felicitaciosolsticidepartament2025-797x1024.jpg 797w, https:\/\/agora.xtec.cat\/ies-santa-eulalia\/wp-content\/uploads\/usu1612\/2025\/12\/Felicitaciosolsticidepartament2025-233x300.jpg 233w, https:\/\/agora.xtec.cat\/ies-santa-eulalia\/wp-content\/uploads\/usu1612\/2025\/12\/Felicitaciosolsticidepartament2025-768x987.jpg 768w, https:\/\/agora.xtec.cat\/ies-santa-eulalia\/wp-content\/uploads\/usu1612\/2025\/12\/Felicitaciosolsticidepartament2025.jpg 1169w\" sizes=\"auto, (max-width: 797px) 100vw, 797px\" \/><\/a><figcaption class=\"wp-element-caption\"><em>Felicitaci\u00f3 de Nadal del Departament de Ci\u00e8ncies<\/em><\/figcaption><\/figure>\n","protected":false},"excerpt":{"rendered":"<p>Un cop m\u00e9s s&#8217;acosta el solstici d&#8217;hivern i \u00e9s moment de fer balan\u00e7.<\/p>\n<p>Des dels departaments de Ci\u00e8ncies us desitgem bon solstici d&#8217;hivern i feli\u00e7 translaci\u00f3 nova amb la imatge guanyadora del 9\u00e8 Concurs de Fotografia Cient\u00edfica del COPEM, feta per l&#8217;Helena Paz-Pe\u00f1uelas de 1r B&hellip;  <a href=\"https:\/\/agora.xtec.cat\/ies-santa-eulalia\/general\/felicitacio-de-nadal-dels-de-ciencies\/\" title=\"Read Felicitaci\u00f3 de Nadal dels de Ci\u00e8ncies\">Llegeix m\u00e9s\u00bb<\/a><\/p>\n","protected":false},"author":1,"featured_media":13334,"comment_status":"open","ping_status":"open","sticky":false,"template":"","format":"standard","meta":{"_bbp_topic_count":0,"_bbp_reply_count":0,"_bbp_total_topic_count":0,"_bbp_total_reply_count":0,"_bbp_voice_count":0,"_bbp_anonymous_reply_count":0,"_bbp_topic_count_hidden":0,"_bbp_reply_count_hidden":0,"_bbp_forum_subforum_count":0,"footnotes":""},"categories":[144,1,165,29],"tags":[234,126,608,607,205,226],"class_list":["post-13333","post","type-post","status-publish","format-standard","has-post-thumbnail","hentry","category-novetats-ciencies-naturals","category-general","category-nadal","category-portada","tag-copem","tag-ciencies","tag-departament-de-ciencies","tag-felicitacio","tag-ins-santa-eulalia","tag-nadal"],"post_mailing_queue_ids":[],"_links":{"self":[{"href":"https:\/\/agora.xtec.cat\/ies-santa-eulalia\/wp-json\/wp\/v2\/posts\/13333","targetHints":{"allow":["GET"]}}],"collection":[{"href":"https:\/\/agora.xtec.cat\/ies-santa-eulalia\/wp-json\/wp\/v2\/posts"}],"about":[{"href":"https:\/\/agora.xtec.cat\/ies-santa-eulalia\/wp-json\/wp\/v2\/types\/post"}],"author":[{"embeddable":true,"href":"https:\/\/agora.xtec.cat\/ies-santa-eulalia\/wp-json\/wp\/v2\/users\/1"}],"replies":[{"embeddable":true,"href":"https:\/\/agora.xtec.cat\/ies-santa-eulalia\/wp-json\/wp\/v2\/comments?post=13333"}],"version-history":[{"count":2,"href":"https:\/\/agora.xtec.cat\/ies-santa-eulalia\/wp-json\/wp\/v2\/posts\/13333\/revisions"}],"predecessor-version":[{"id":13336,"href":"https:\/\/agora.xtec.cat\/ies-santa-eulalia\/wp-json\/wp\/v2\/posts\/13333\/revisions\/13336"}],"wp:featuredmedia":[{"embeddable":true,"href":"https:\/\/agora.xtec.cat\/ies-santa-eulalia\/wp-json\/wp\/v2\/media\/13334"}],"wp:attachment":[{"href":"https:\/\/agora.xtec.cat\/ies-santa-eulalia\/wp-json\/wp\/v2\/media?parent=13333"}],"wp:term":[{"taxonomy":"category","embeddable":true,"href":"https:\/\/agora.xtec.cat\/ies-santa-eulalia\/wp-json\/wp\/v2\/categories?post=13333"},{"taxonomy":"post_tag","embeddable":true,"href":"https:\/\/agora.xtec.cat\/ies-santa-eulalia\/wp-json\/wp\/v2\/tags?post=13333"}],"curies":[{"name":"wp","href":"https:\/\/api.w.org\/{rel}","templated":true}]}}