{"id":13289,"date":"2025-11-28T11:57:52","date_gmt":"2025-11-28T10:57:52","guid":{"rendered":"https:\/\/agora.xtec.cat\/ies-santa-eulalia\/?p=13289"},"modified":"2025-11-28T11:57:53","modified_gmt":"2025-11-28T10:57:53","slug":"fem-radio-a-torre-barrina-3","status":"publish","type":"post","link":"https:\/\/agora.xtec.cat\/ies-santa-eulalia\/eso\/eso-2\/fem-radio-a-torre-barrina-3\/","title":{"rendered":"Fem R\u00e0dio a Torre Barrina"},"content":{"rendered":"\n<p>L\u2019alumnat de 2n d\u2019ESO ha realitzat una enriquidora sortida pedag\u00f2gica a Torre Barrina, el Centre Municipal de Creaci\u00f3 Multim\u00e8dia de l\u2019Hospitalet, per participar en el taller \u201cFem R\u00e0dio\u201d.<\/p>\n\n\n\n<p>Aquesta activitat pr\u00e0ctica ha perm\u00e8s als i les estudiants endinsar-se en el m\u00f3n de la comunicaci\u00f3 radiof\u00f2nica. Despr\u00e9s d\u2019haver treballat a l\u2019aula la preparaci\u00f3 de guions, han tingut l\u2019oportunitat de fer una gravaci\u00f3 professional en un estudi de r\u00e0dio real, vivint de prop l\u2019experi\u00e8ncia de ser comunicadors i comunicadores.<\/p>\n\n\n\n<p>Organitzats en equips, han experimentat tot el proc\u00e9s de producci\u00f3 radiof\u00f2nica: des de la locuci\u00f3 davant del micr\u00f2fon fins a les tasques de coordinaci\u00f3 t\u00e8cnica. Al llarg del taller han apr\u00e8s a modular la veu, mantenir un ritme adequat i gestionar els elements sonors per elaborar un producte final de qualitat.<\/p>\n\n\n\n<p>Una experi\u00e8ncia motivadora i formativa que ha perm\u00e8s posar en pr\u00e0ctica compet\u00e8ncies comunicatives i treball cooperatiu.<\/p>\n\n\n\n<p><\/p>\n\n\n\n<figure class=\"wp-block-image size-large\"><a href=\"https:\/\/agora.xtec.cat\/ies-santa-eulalia\/wp-content\/uploads\/usu1612\/2025\/11\/IMG_3968-rotated.jpg\"><img loading=\"lazy\" decoding=\"async\" width=\"1024\" height=\"768\" src=\"https:\/\/agora.xtec.cat\/ies-santa-eulalia\/wp-content\/uploads\/usu1612\/2025\/11\/IMG_3968-1024x768.jpg\" alt=\"\" class=\"wp-image-13291\" srcset=\"https:\/\/agora.xtec.cat\/ies-santa-eulalia\/wp-content\/uploads\/usu1612\/2025\/11\/IMG_3968-1024x768.jpg 1024w, https:\/\/agora.xtec.cat\/ies-santa-eulalia\/wp-content\/uploads\/usu1612\/2025\/11\/IMG_3968-300x225.jpg 300w, https:\/\/agora.xtec.cat\/ies-santa-eulalia\/wp-content\/uploads\/usu1612\/2025\/11\/IMG_3968-768x576.jpg 768w, https:\/\/agora.xtec.cat\/ies-santa-eulalia\/wp-content\/uploads\/usu1612\/2025\/11\/IMG_3968-1536x1152.jpg 1536w, https:\/\/agora.xtec.cat\/ies-santa-eulalia\/wp-content\/uploads\/usu1612\/2025\/11\/IMG_3968-200x150.jpg 200w, https:\/\/agora.xtec.cat\/ies-santa-eulalia\/wp-content\/uploads\/usu1612\/2025\/11\/IMG_3968-rotated.jpg 2000w\" sizes=\"auto, (max-width: 1024px) 100vw, 1024px\" \/><\/a><\/figure>\n\n\n\n<p><\/p>\n\n\n\n<figure class=\"wp-block-image size-large\"><a href=\"https:\/\/agora.xtec.cat\/ies-santa-eulalia\/wp-content\/uploads\/usu1612\/2025\/11\/IMG_3970-rotated.jpg\"><img loading=\"lazy\" decoding=\"async\" width=\"1024\" height=\"768\" src=\"https:\/\/agora.xtec.cat\/ies-santa-eulalia\/wp-content\/uploads\/usu1612\/2025\/11\/IMG_3970-1024x768.jpg\" alt=\"\" class=\"wp-image-13292\" srcset=\"https:\/\/agora.xtec.cat\/ies-santa-eulalia\/wp-content\/uploads\/usu1612\/2025\/11\/IMG_3970-1024x768.jpg 1024w, https:\/\/agora.xtec.cat\/ies-santa-eulalia\/wp-content\/uploads\/usu1612\/2025\/11\/IMG_3970-300x225.jpg 300w, https:\/\/agora.xtec.cat\/ies-santa-eulalia\/wp-content\/uploads\/usu1612\/2025\/11\/IMG_3970-768x576.jpg 768w, https:\/\/agora.xtec.cat\/ies-santa-eulalia\/wp-content\/uploads\/usu1612\/2025\/11\/IMG_3970-1536x1152.jpg 1536w, https:\/\/agora.xtec.cat\/ies-santa-eulalia\/wp-content\/uploads\/usu1612\/2025\/11\/IMG_3970-200x150.jpg 200w, https:\/\/agora.xtec.cat\/ies-santa-eulalia\/wp-content\/uploads\/usu1612\/2025\/11\/IMG_3970-rotated.jpg 2000w\" sizes=\"auto, (max-width: 1024px) 100vw, 1024px\" \/><\/a><\/figure>\n","protected":false},"excerpt":{"rendered":"<p>L\u2019alumnat de 2n d\u2019ESO ha realitzat una enriquidora sortida pedag\u00f2gica a Torre Barrina, el Centre Municipal de Creaci\u00f3 Multim\u00e8dia de l\u2019Hospitalet, per participar en el taller \u201cFem R\u00e0dio\u201d.<\/p>\n<p>Aquesta activitat pr\u00e0ctica ha perm\u00e8s als i les estudiants endinsar-se en el m\u00f3n de la comunicaci\u00f3 radiof\u00f2nica. Despr\u00e9s&hellip;  <a href=\"https:\/\/agora.xtec.cat\/ies-santa-eulalia\/eso\/eso-2\/fem-radio-a-torre-barrina-3\/\" title=\"Read Fem R\u00e0dio a Torre Barrina\">Llegeix m\u00e9s\u00bb<\/a><\/p>\n","protected":false},"author":1,"featured_media":13290,"comment_status":"open","ping_status":"open","sticky":false,"template":"","format":"standard","meta":{"_bbp_topic_count":0,"_bbp_reply_count":0,"_bbp_total_topic_count":0,"_bbp_total_reply_count":0,"_bbp_voice_count":0,"_bbp_anonymous_reply_count":0,"_bbp_topic_count_hidden":0,"_bbp_reply_count_hidden":0,"_bbp_forum_subforum_count":0,"footnotes":""},"categories":[5,29],"tags":[211,205],"class_list":["post-13289","post","type-post","status-publish","format-standard","has-post-thumbnail","hentry","category-eso-2","category-portada","tag-eso","tag-ins-santa-eulalia"],"post_mailing_queue_ids":[],"_links":{"self":[{"href":"https:\/\/agora.xtec.cat\/ies-santa-eulalia\/wp-json\/wp\/v2\/posts\/13289","targetHints":{"allow":["GET"]}}],"collection":[{"href":"https:\/\/agora.xtec.cat\/ies-santa-eulalia\/wp-json\/wp\/v2\/posts"}],"about":[{"href":"https:\/\/agora.xtec.cat\/ies-santa-eulalia\/wp-json\/wp\/v2\/types\/post"}],"author":[{"embeddable":true,"href":"https:\/\/agora.xtec.cat\/ies-santa-eulalia\/wp-json\/wp\/v2\/users\/1"}],"replies":[{"embeddable":true,"href":"https:\/\/agora.xtec.cat\/ies-santa-eulalia\/wp-json\/wp\/v2\/comments?post=13289"}],"version-history":[{"count":1,"href":"https:\/\/agora.xtec.cat\/ies-santa-eulalia\/wp-json\/wp\/v2\/posts\/13289\/revisions"}],"predecessor-version":[{"id":13293,"href":"https:\/\/agora.xtec.cat\/ies-santa-eulalia\/wp-json\/wp\/v2\/posts\/13289\/revisions\/13293"}],"wp:featuredmedia":[{"embeddable":true,"href":"https:\/\/agora.xtec.cat\/ies-santa-eulalia\/wp-json\/wp\/v2\/media\/13290"}],"wp:attachment":[{"href":"https:\/\/agora.xtec.cat\/ies-santa-eulalia\/wp-json\/wp\/v2\/media?parent=13289"}],"wp:term":[{"taxonomy":"category","embeddable":true,"href":"https:\/\/agora.xtec.cat\/ies-santa-eulalia\/wp-json\/wp\/v2\/categories?post=13289"},{"taxonomy":"post_tag","embeddable":true,"href":"https:\/\/agora.xtec.cat\/ies-santa-eulalia\/wp-json\/wp\/v2\/tags?post=13289"}],"curies":[{"name":"wp","href":"https:\/\/api.w.org\/{rel}","templated":true}]}}