{"id":13281,"date":"2025-11-28T11:19:25","date_gmt":"2025-11-28T10:19:25","guid":{"rendered":"https:\/\/agora.xtec.cat\/ies-santa-eulalia\/?p=13281"},"modified":"2025-12-17T10:28:20","modified_gmt":"2025-12-17T09:28:20","slug":"poema-a-la-mida-daquest-moment","status":"publish","type":"post","link":"https:\/\/agora.xtec.cat\/ies-santa-eulalia\/eso\/eso-2\/poema-a-la-mida-daquest-moment\/","title":{"rendered":"Poema a la mida d&#8217;aquest moment (2n C i D)"},"content":{"rendered":"\n<p>L\u2019alumnat de 2n d&#8217;ESO C i D ha participat recentment en una experi\u00e8ncia art\u00edstica singular a la Fundaci\u00f3 Joan Brossa. En arribar, la visita ens va donar la benvinguda amb una invitaci\u00f3 ben especial: abans d\u2019entrar a les sales, hav\u00edem d\u2019obrir plegats un espai-temps sideral. Un lloc imaginari fet de selva frondosa, rastres i magmes, llenguatges insinuats i intents insensats de sortir dels marges.<\/p>\n\n\n\n<p>A partir d\u2019aqu\u00ed vam comen\u00e7ar a construir un poema immens, col\u00b7lectiu, transformista. Un poema fet amb els peus, les mans i la respiraci\u00f3, on la l\u00f2gica quedava en segon terme perqu\u00e8 els exercicis de reencantament ens poguessin travessar amb naturalitat. Entre rialles i concentraci\u00f3, l\u2019alumnat va entonar el sorprenent \u201cHalar l\u2019halo halant!\u201d, sense saber-ne del tot el significat, per\u00f2 amb plena consci\u00e8ncia de l\u2019acci\u00f3 po\u00e8tica que compart\u00edem. L\u2019activitat va culminar amb una gran exhalaci\u00f3 final i la recerca d\u2019una petita butxaca en un full en blanc on guardar el nostre poema.<\/p>\n\n\n\n<p>La visita \u201cPoema a la mida d\u2019aquest moment\u201d parteix de l\u2019exposici\u00f3 Joan Brossa. La sensaci\u00f3 mental d\u2019una felicitat completa, per\u00f2 s\u2019est\u00e9n per tot l\u2019edifici, adaptant-se als diferents espais i als diversos p\u00fablics. L\u2019objectiu \u00e9s potenciar la connexi\u00f3 entre objectes, espais i cossos a trav\u00e9s de l\u2019actitud po\u00e8tica que tan b\u00e9 definia l\u2019artista.<\/p>\n\n\n\n<p>Al llarg del recorregut, l\u2019alumnat va experimentar din\u00e0miques inspirades en els poemes de Brossa: fer llistes d\u2019objectes, assenyalar espais ins\u00f2lits, intervenir sobre un full en blanc o exercitar mans, ulls i peus per mirar el m\u00f3n des d\u2019una altra perspectiva. Un viatge sensorial i l\u00fadic que convida a observar amb cr\u00edtica, per\u00f2 tamb\u00e9 amb sorpresa i joc.<\/p>\n\n\n\n<p>La jornada va esdevenir una oportunitat per descobrir que la poesia pot habitar qualsevol rac\u00f3 i que, si deixem espai a la imaginaci\u00f3, tots podem formar part d\u2019un poema que s\u2019expandeix m\u00e9s enll\u00e0 de les paraules.<\/p>\n\n\n\n<p><\/p>\n\n\n\n<figure class=\"wp-block-image size-large\"><a href=\"https:\/\/agora.xtec.cat\/ies-santa-eulalia\/wp-content\/uploads\/usu1612\/2025\/11\/20251124_120305-scaled.jpg\"><img loading=\"lazy\" decoding=\"async\" width=\"768\" height=\"1024\" src=\"https:\/\/agora.xtec.cat\/ies-santa-eulalia\/wp-content\/uploads\/usu1612\/2025\/11\/20251124_120305-768x1024.jpg\" alt=\"\" class=\"wp-image-13284\" srcset=\"https:\/\/agora.xtec.cat\/ies-santa-eulalia\/wp-content\/uploads\/usu1612\/2025\/11\/20251124_120305-768x1024.jpg 768w, https:\/\/agora.xtec.cat\/ies-santa-eulalia\/wp-content\/uploads\/usu1612\/2025\/11\/20251124_120305-225x300.jpg 225w, https:\/\/agora.xtec.cat\/ies-santa-eulalia\/wp-content\/uploads\/usu1612\/2025\/11\/20251124_120305-1152x1536.jpg 1152w, https:\/\/agora.xtec.cat\/ies-santa-eulalia\/wp-content\/uploads\/usu1612\/2025\/11\/20251124_120305-1536x2048.jpg 1536w, https:\/\/agora.xtec.cat\/ies-santa-eulalia\/wp-content\/uploads\/usu1612\/2025\/11\/20251124_120305-scaled.jpg 1920w\" sizes=\"auto, (max-width: 768px) 100vw, 768px\" \/><\/a><\/figure>\n\n\n\n<p><\/p>\n\n\n\n<figure class=\"wp-block-image size-large\"><a href=\"https:\/\/agora.xtec.cat\/ies-santa-eulalia\/wp-content\/uploads\/usu1612\/2025\/11\/20251124_115419-scaled.jpg\"><img loading=\"lazy\" decoding=\"async\" width=\"768\" height=\"1024\" src=\"https:\/\/agora.xtec.cat\/ies-santa-eulalia\/wp-content\/uploads\/usu1612\/2025\/11\/20251124_115419-768x1024.jpg\" alt=\"\" class=\"wp-image-13287\" srcset=\"https:\/\/agora.xtec.cat\/ies-santa-eulalia\/wp-content\/uploads\/usu1612\/2025\/11\/20251124_115419-768x1024.jpg 768w, https:\/\/agora.xtec.cat\/ies-santa-eulalia\/wp-content\/uploads\/usu1612\/2025\/11\/20251124_115419-225x300.jpg 225w, https:\/\/agora.xtec.cat\/ies-santa-eulalia\/wp-content\/uploads\/usu1612\/2025\/11\/20251124_115419-1152x1536.jpg 1152w, https:\/\/agora.xtec.cat\/ies-santa-eulalia\/wp-content\/uploads\/usu1612\/2025\/11\/20251124_115419-1536x2048.jpg 1536w, https:\/\/agora.xtec.cat\/ies-santa-eulalia\/wp-content\/uploads\/usu1612\/2025\/11\/20251124_115419-scaled.jpg 1920w\" sizes=\"auto, (max-width: 768px) 100vw, 768px\" \/><\/a><\/figure>\n","protected":false},"excerpt":{"rendered":"<p>L\u2019alumnat de 2n d&#8217;ESO C i D ha participat recentment en una experi\u00e8ncia art\u00edstica singular a la Fundaci\u00f3 Joan Brossa. En arribar, la visita ens va donar la benvinguda amb una invitaci\u00f3 ben especial: abans d\u2019entrar a les sales, hav\u00edem d\u2019obrir plegats un espai-temps sideral.&hellip;  <a href=\"https:\/\/agora.xtec.cat\/ies-santa-eulalia\/eso\/eso-2\/poema-a-la-mida-daquest-moment\/\" title=\"Read Poema a la mida d&#8217;aquest moment (2n C i D)\">Llegeix m\u00e9s\u00bb<\/a><\/p>\n","protected":false},"author":1,"featured_media":13283,"comment_status":"open","ping_status":"open","sticky":false,"template":"","format":"standard","meta":{"_bbp_topic_count":0,"_bbp_reply_count":0,"_bbp_total_topic_count":0,"_bbp_total_reply_count":0,"_bbp_voice_count":0,"_bbp_anonymous_reply_count":0,"_bbp_topic_count_hidden":0,"_bbp_reply_count_hidden":0,"_bbp_forum_subforum_count":0,"footnotes":""},"categories":[150,5,29],"tags":[205,39],"class_list":["post-13281","post","type-post","status-publish","format-standard","has-post-thumbnail","hentry","category-novetats-visual-i-plastica","category-eso-2","category-portada","tag-ins-santa-eulalia","tag-sortides"],"post_mailing_queue_ids":[],"_links":{"self":[{"href":"https:\/\/agora.xtec.cat\/ies-santa-eulalia\/wp-json\/wp\/v2\/posts\/13281","targetHints":{"allow":["GET"]}}],"collection":[{"href":"https:\/\/agora.xtec.cat\/ies-santa-eulalia\/wp-json\/wp\/v2\/posts"}],"about":[{"href":"https:\/\/agora.xtec.cat\/ies-santa-eulalia\/wp-json\/wp\/v2\/types\/post"}],"author":[{"embeddable":true,"href":"https:\/\/agora.xtec.cat\/ies-santa-eulalia\/wp-json\/wp\/v2\/users\/1"}],"replies":[{"embeddable":true,"href":"https:\/\/agora.xtec.cat\/ies-santa-eulalia\/wp-json\/wp\/v2\/comments?post=13281"}],"version-history":[{"count":2,"href":"https:\/\/agora.xtec.cat\/ies-santa-eulalia\/wp-json\/wp\/v2\/posts\/13281\/revisions"}],"predecessor-version":[{"id":13337,"href":"https:\/\/agora.xtec.cat\/ies-santa-eulalia\/wp-json\/wp\/v2\/posts\/13281\/revisions\/13337"}],"wp:featuredmedia":[{"embeddable":true,"href":"https:\/\/agora.xtec.cat\/ies-santa-eulalia\/wp-json\/wp\/v2\/media\/13283"}],"wp:attachment":[{"href":"https:\/\/agora.xtec.cat\/ies-santa-eulalia\/wp-json\/wp\/v2\/media?parent=13281"}],"wp:term":[{"taxonomy":"category","embeddable":true,"href":"https:\/\/agora.xtec.cat\/ies-santa-eulalia\/wp-json\/wp\/v2\/categories?post=13281"},{"taxonomy":"post_tag","embeddable":true,"href":"https:\/\/agora.xtec.cat\/ies-santa-eulalia\/wp-json\/wp\/v2\/tags?post=13281"}],"curies":[{"name":"wp","href":"https:\/\/api.w.org\/{rel}","templated":true}]}}