{"id":13258,"date":"2025-11-21T11:17:32","date_gmt":"2025-11-21T10:17:32","guid":{"rendered":"https:\/\/agora.xtec.cat\/ies-santa-eulalia\/?p=13258"},"modified":"2025-11-21T11:17:32","modified_gmt":"2025-11-21T10:17:32","slug":"les-matematiques-del-so","status":"publish","type":"post","link":"https:\/\/agora.xtec.cat\/ies-santa-eulalia\/batxillerat\/les-matematiques-del-so\/","title":{"rendered":"Les Matem\u00e0tiques del so"},"content":{"rendered":"\n<p>L\u2019alumnat de 1r i 2n de Batxillerat de la modalitat cientificotecnol\u00f2gica va assistir el passat 19 de novembre a la xerrada \u201cLes Matem\u00e0tiques del so\u201d, a c\u00e0rrec de Tom\u00e1s Sanz-Perela, professor de la Facultat de Matem\u00e0tiques i Inform\u00e0tica de la Universitat de Barcelona.<\/p>\n\n\n\n<p>Durant la sessi\u00f3, l\u2019alumnat va poder descobrir com les matem\u00e0tiques intervenen en la interpretaci\u00f3 i representaci\u00f3 del so, i com aquestes eines permeten comprendre millor fen\u00f2mens ac\u00fastics quotidians.<\/p>\n\n\n\n<p>La confer\u00e8ncia va anar seguida d\u2019un taller pr\u00e0ctic al laboratori, on els i les estudiants van experimentar de primera m\u00e0 amb diferents eines i procediments per analitzar senyals sonors. Va ser una oportunitat per veure com el treball matem\u00e0tic esdev\u00e9 fonamental per al tractament i l\u2019estudi del so.<\/p>\n\n\n\n<p>Una activitat enriquidora que refor\u00e7a la connexi\u00f3 entre teoria i pr\u00e0ctica, i que acosta l\u2019alumnat a la recerca universit\u00e0ria des d\u2019una perspectiva motivadora.<\/p>\n\n\n\n<p><\/p>\n\n\n\n<figure class=\"wp-block-image size-large\"><a href=\"https:\/\/agora.xtec.cat\/ies-santa-eulalia\/wp-content\/uploads\/usu1612\/2025\/11\/IMG_20251119_131818_713-1.jpg\"><img loading=\"lazy\" decoding=\"async\" width=\"1024\" height=\"768\" src=\"https:\/\/agora.xtec.cat\/ies-santa-eulalia\/wp-content\/uploads\/usu1612\/2025\/11\/IMG_20251119_131818_713-1-1024x768.jpg\" alt=\"\" class=\"wp-image-13260\" srcset=\"https:\/\/agora.xtec.cat\/ies-santa-eulalia\/wp-content\/uploads\/usu1612\/2025\/11\/IMG_20251119_131818_713-1-1024x768.jpg 1024w, https:\/\/agora.xtec.cat\/ies-santa-eulalia\/wp-content\/uploads\/usu1612\/2025\/11\/IMG_20251119_131818_713-1-300x225.jpg 300w, https:\/\/agora.xtec.cat\/ies-santa-eulalia\/wp-content\/uploads\/usu1612\/2025\/11\/IMG_20251119_131818_713-1-768x576.jpg 768w, https:\/\/agora.xtec.cat\/ies-santa-eulalia\/wp-content\/uploads\/usu1612\/2025\/11\/IMG_20251119_131818_713-1-1536x1152.jpg 1536w, https:\/\/agora.xtec.cat\/ies-santa-eulalia\/wp-content\/uploads\/usu1612\/2025\/11\/IMG_20251119_131818_713-1-200x150.jpg 200w, https:\/\/agora.xtec.cat\/ies-santa-eulalia\/wp-content\/uploads\/usu1612\/2025\/11\/IMG_20251119_131818_713-1.jpg 2000w\" sizes=\"auto, (max-width: 1024px) 100vw, 1024px\" \/><\/a><\/figure>\n","protected":false},"excerpt":{"rendered":"<p>L\u2019alumnat de 1r i 2n de Batxillerat de la modalitat cientificotecnol\u00f2gica va assistir el passat 19 de novembre a la xerrada \u201cLes Matem\u00e0tiques del so\u201d, a c\u00e0rrec de Tom\u00e1s Sanz-Perela, professor de la Facultat de Matem\u00e0tiques i Inform\u00e0tica de la Universitat de Barcelona.<\/p>\n<p>Durant la sessi\u00f3,&hellip;  <a href=\"https:\/\/agora.xtec.cat\/ies-santa-eulalia\/batxillerat\/les-matematiques-del-so\/\" title=\"Read Les Matem\u00e0tiques del so\">Llegeix m\u00e9s\u00bb<\/a><\/p>\n","protected":false},"author":1,"featured_media":13259,"comment_status":"open","ping_status":"open","sticky":false,"template":"","format":"standard","meta":{"_bbp_topic_count":0,"_bbp_reply_count":0,"_bbp_total_topic_count":0,"_bbp_total_reply_count":0,"_bbp_voice_count":0,"_bbp_anonymous_reply_count":0,"_bbp_topic_count_hidden":0,"_bbp_reply_count_hidden":0,"_bbp_forum_subforum_count":0,"footnotes":""},"categories":[8,29],"tags":[205,256,41,385],"class_list":["post-13258","post","type-post","status-publish","format-standard","has-post-thumbnail","hentry","category-batxillerat","category-portada","tag-ins-santa-eulalia","tag-laboratori","tag-matematiques","tag-sortida"],"post_mailing_queue_ids":[],"_links":{"self":[{"href":"https:\/\/agora.xtec.cat\/ies-santa-eulalia\/wp-json\/wp\/v2\/posts\/13258","targetHints":{"allow":["GET"]}}],"collection":[{"href":"https:\/\/agora.xtec.cat\/ies-santa-eulalia\/wp-json\/wp\/v2\/posts"}],"about":[{"href":"https:\/\/agora.xtec.cat\/ies-santa-eulalia\/wp-json\/wp\/v2\/types\/post"}],"author":[{"embeddable":true,"href":"https:\/\/agora.xtec.cat\/ies-santa-eulalia\/wp-json\/wp\/v2\/users\/1"}],"replies":[{"embeddable":true,"href":"https:\/\/agora.xtec.cat\/ies-santa-eulalia\/wp-json\/wp\/v2\/comments?post=13258"}],"version-history":[{"count":1,"href":"https:\/\/agora.xtec.cat\/ies-santa-eulalia\/wp-json\/wp\/v2\/posts\/13258\/revisions"}],"predecessor-version":[{"id":13261,"href":"https:\/\/agora.xtec.cat\/ies-santa-eulalia\/wp-json\/wp\/v2\/posts\/13258\/revisions\/13261"}],"wp:featuredmedia":[{"embeddable":true,"href":"https:\/\/agora.xtec.cat\/ies-santa-eulalia\/wp-json\/wp\/v2\/media\/13259"}],"wp:attachment":[{"href":"https:\/\/agora.xtec.cat\/ies-santa-eulalia\/wp-json\/wp\/v2\/media?parent=13258"}],"wp:term":[{"taxonomy":"category","embeddable":true,"href":"https:\/\/agora.xtec.cat\/ies-santa-eulalia\/wp-json\/wp\/v2\/categories?post=13258"},{"taxonomy":"post_tag","embeddable":true,"href":"https:\/\/agora.xtec.cat\/ies-santa-eulalia\/wp-json\/wp\/v2\/tags?post=13258"}],"curies":[{"name":"wp","href":"https:\/\/api.w.org\/{rel}","templated":true}]}}