{"id":13249,"date":"2025-11-21T10:49:03","date_gmt":"2025-11-21T09:49:03","guid":{"rendered":"https:\/\/agora.xtec.cat\/ies-santa-eulalia\/?p=13249"},"modified":"2025-11-21T12:43:41","modified_gmt":"2025-11-21T11:43:41","slug":"educacio-literaria","status":"publish","type":"post","link":"https:\/\/agora.xtec.cat\/ies-santa-eulalia\/eso\/eso-3\/eso-3a\/educacio-literaria\/","title":{"rendered":"Educaci\u00f3 Liter\u00e0ria al Nocturn"},"content":{"rendered":"\n<p>El nostre alumnat de 3r ESO A ha estat treballant la poesia: m\u00e8trica, figures ret\u00f2riques i t\u00f2pics literaris.&nbsp;<\/p>\n\n\n\n<p>Han elaborat uns v\u00eddeos molt divulgatius on expliquen els conceptes i els exemplifiquen en can\u00e7ons actuals.<\/p>\n\n\n\n<p>Aqu\u00ed us deixem un petit tast. Esperem que us agradi i gaudiu de la poesia que ens envolta.<\/p>\n\n\n\n<p><a href=\"https:\/\/drive.google.com\/file\/d\/1ivW7u6uxmVJqzdNpPK3HVstIamlXVkec\/view?usp=sharing\">https:\/\/drive.google.com\/file\/d\/1ivW7u6uxmVJqzdNpPK3HVstIamlXVkec\/view?usp=sharing<\/a><\/p>\n\n\n\n<p><a href=\"https:\/\/drive.google.com\/file\/d\/17Y3o6n6G2Tsr6JVDmxPN8Q5yIV19Lgjj\/view?usp=sharing\">https:\/\/drive.google.com\/file\/d\/17Y3o6n6G2Tsr6JVDmxPN8Q5yIV19Lgjj\/view?usp=sharing<\/a><\/p>\n\n\n\n<p><\/p>\n","protected":false},"excerpt":{"rendered":"<p>El nostre alumnat de 3r ESO A ha estat treballant la poesia: m\u00e8trica, figures ret\u00f2riques i t\u00f2pics literaris.&nbsp;<\/p>\n<p>Han elaborat uns v\u00eddeos molt divulgatius on expliquen els conceptes i els exemplifiquen en can\u00e7ons actuals.<\/p>\n<p>Aqu\u00ed us deixem un petit tast. Esperem que us agradi i gaudiu de&hellip;  <a href=\"https:\/\/agora.xtec.cat\/ies-santa-eulalia\/eso\/eso-3\/eso-3a\/educacio-literaria\/\" title=\"Read Educaci\u00f3 Liter\u00e0ria al Nocturn\">Llegeix m\u00e9s\u00bb<\/a><\/p>\n","protected":false},"author":1,"featured_media":13250,"comment_status":"open","ping_status":"open","sticky":false,"template":"","format":"standard","meta":{"_bbp_topic_count":0,"_bbp_reply_count":0,"_bbp_total_topic_count":0,"_bbp_total_reply_count":0,"_bbp_voice_count":0,"_bbp_anonymous_reply_count":0,"_bbp_topic_count_hidden":0,"_bbp_reply_count_hidden":0,"_bbp_forum_subforum_count":0,"footnotes":""},"categories":[137,19,29],"tags":[205],"class_list":["post-13249","post","type-post","status-publish","format-standard","has-post-thumbnail","hentry","category-llengua-castellana-i-literatura","category-eso-3a","category-portada","tag-ins-santa-eulalia"],"post_mailing_queue_ids":[],"_links":{"self":[{"href":"https:\/\/agora.xtec.cat\/ies-santa-eulalia\/wp-json\/wp\/v2\/posts\/13249","targetHints":{"allow":["GET"]}}],"collection":[{"href":"https:\/\/agora.xtec.cat\/ies-santa-eulalia\/wp-json\/wp\/v2\/posts"}],"about":[{"href":"https:\/\/agora.xtec.cat\/ies-santa-eulalia\/wp-json\/wp\/v2\/types\/post"}],"author":[{"embeddable":true,"href":"https:\/\/agora.xtec.cat\/ies-santa-eulalia\/wp-json\/wp\/v2\/users\/1"}],"replies":[{"embeddable":true,"href":"https:\/\/agora.xtec.cat\/ies-santa-eulalia\/wp-json\/wp\/v2\/comments?post=13249"}],"version-history":[{"count":2,"href":"https:\/\/agora.xtec.cat\/ies-santa-eulalia\/wp-json\/wp\/v2\/posts\/13249\/revisions"}],"predecessor-version":[{"id":13270,"href":"https:\/\/agora.xtec.cat\/ies-santa-eulalia\/wp-json\/wp\/v2\/posts\/13249\/revisions\/13270"}],"wp:featuredmedia":[{"embeddable":true,"href":"https:\/\/agora.xtec.cat\/ies-santa-eulalia\/wp-json\/wp\/v2\/media\/13250"}],"wp:attachment":[{"href":"https:\/\/agora.xtec.cat\/ies-santa-eulalia\/wp-json\/wp\/v2\/media?parent=13249"}],"wp:term":[{"taxonomy":"category","embeddable":true,"href":"https:\/\/agora.xtec.cat\/ies-santa-eulalia\/wp-json\/wp\/v2\/categories?post=13249"},{"taxonomy":"post_tag","embeddable":true,"href":"https:\/\/agora.xtec.cat\/ies-santa-eulalia\/wp-json\/wp\/v2\/tags?post=13249"}],"curies":[{"name":"wp","href":"https:\/\/api.w.org\/{rel}","templated":true}]}}