{"id":13219,"date":"2025-11-14T11:12:42","date_gmt":"2025-11-14T10:12:42","guid":{"rendered":"https:\/\/agora.xtec.cat\/ies-santa-eulalia\/?p=13219"},"modified":"2025-11-14T11:12:43","modified_gmt":"2025-11-14T10:12:43","slug":"projecte-de-terror-a-laula-creacio-dhistories-i-maquetes","status":"publish","type":"post","link":"https:\/\/agora.xtec.cat\/ies-santa-eulalia\/general\/projecte-de-terror-a-laula-creacio-dhistories-i-maquetes\/","title":{"rendered":"Projecte de terror a l\u2019aula: creaci\u00f3 d\u2019hist\u00f2ries i maquetes"},"content":{"rendered":"\n<p>L\u2019alumnat de 1r d\u2019ESO, amb la col\u00b7laboraci\u00f3 d\u2019alguns estudiants de 3r d\u2019ESO, ha donat vida als personatges m\u00e9s ic\u00f2nics del g\u00e8nere de terror: Jason, Pennywise, Jigsaw, el Demogorgon i molts m\u00e9s.<\/p>\n\n\n\n<p>Han redactat les seues pr\u00f2pies hist\u00f2ries de por i han elaborat maquetes i llibres inspirats en aquests protagonistes tan emblem\u00e0tics. Creativitat, imaginaci\u00f3 i un puntet de misteri han omplit les aules durant aquest projecte.<\/p>\n\n\n\n<p>Ac\u00ed us deixem un petit tast del seu treball.<\/p>\n\n\n\n<p><\/p>\n\n\n\n<figure class=\"wp-block-image size-large\"><a href=\"https:\/\/agora.xtec.cat\/ies-santa-eulalia\/wp-content\/uploads\/usu1612\/2025\/11\/IMG_2935.jpg\"><img loading=\"lazy\" decoding=\"async\" width=\"1024\" height=\"768\" src=\"https:\/\/agora.xtec.cat\/ies-santa-eulalia\/wp-content\/uploads\/usu1612\/2025\/11\/IMG_2935-1024x768.jpg\" alt=\"\" class=\"wp-image-13222\" srcset=\"https:\/\/agora.xtec.cat\/ies-santa-eulalia\/wp-content\/uploads\/usu1612\/2025\/11\/IMG_2935-1024x768.jpg 1024w, https:\/\/agora.xtec.cat\/ies-santa-eulalia\/wp-content\/uploads\/usu1612\/2025\/11\/IMG_2935-300x225.jpg 300w, https:\/\/agora.xtec.cat\/ies-santa-eulalia\/wp-content\/uploads\/usu1612\/2025\/11\/IMG_2935-768x576.jpg 768w, https:\/\/agora.xtec.cat\/ies-santa-eulalia\/wp-content\/uploads\/usu1612\/2025\/11\/IMG_2935-1536x1152.jpg 1536w, https:\/\/agora.xtec.cat\/ies-santa-eulalia\/wp-content\/uploads\/usu1612\/2025\/11\/IMG_2935-2048x1536.jpg 2048w, https:\/\/agora.xtec.cat\/ies-santa-eulalia\/wp-content\/uploads\/usu1612\/2025\/11\/IMG_2935-200x150.jpg 200w\" sizes=\"auto, (max-width: 1024px) 100vw, 1024px\" \/><\/a><\/figure>\n\n\n\n<p><\/p>\n\n\n\n<figure class=\"wp-block-image size-large\"><a href=\"https:\/\/agora.xtec.cat\/ies-santa-eulalia\/wp-content\/uploads\/usu1612\/2025\/11\/IMG_2937-2-scaled.jpg\"><img loading=\"lazy\" decoding=\"async\" width=\"1024\" height=\"276\" src=\"https:\/\/agora.xtec.cat\/ies-santa-eulalia\/wp-content\/uploads\/usu1612\/2025\/11\/IMG_2937-2-1024x276.jpg\" alt=\"\" class=\"wp-image-13223\" srcset=\"https:\/\/agora.xtec.cat\/ies-santa-eulalia\/wp-content\/uploads\/usu1612\/2025\/11\/IMG_2937-2-1024x276.jpg 1024w, https:\/\/agora.xtec.cat\/ies-santa-eulalia\/wp-content\/uploads\/usu1612\/2025\/11\/IMG_2937-2-300x81.jpg 300w, https:\/\/agora.xtec.cat\/ies-santa-eulalia\/wp-content\/uploads\/usu1612\/2025\/11\/IMG_2937-2-768x207.jpg 768w, https:\/\/agora.xtec.cat\/ies-santa-eulalia\/wp-content\/uploads\/usu1612\/2025\/11\/IMG_2937-2-1536x414.jpg 1536w, https:\/\/agora.xtec.cat\/ies-santa-eulalia\/wp-content\/uploads\/usu1612\/2025\/11\/IMG_2937-2-2048x552.jpg 2048w\" sizes=\"auto, (max-width: 1024px) 100vw, 1024px\" \/><\/a><\/figure>\n","protected":false},"excerpt":{"rendered":"<p>L\u2019alumnat de 1r d\u2019ESO, amb la col\u00b7laboraci\u00f3 d\u2019alguns estudiants de 3r d\u2019ESO, ha donat vida als personatges m\u00e9s ic\u00f2nics del g\u00e8nere de terror: Jason, Pennywise, Jigsaw, el Demogorgon i molts m\u00e9s.<\/p>\n<p>Han redactat les seues pr\u00f2pies hist\u00f2ries de por i han elaborat maquetes i llibres inspirats&hellip;  <a href=\"https:\/\/agora.xtec.cat\/ies-santa-eulalia\/general\/projecte-de-terror-a-laula-creacio-dhistories-i-maquetes\/\" title=\"Read Projecte de terror a l\u2019aula: creaci\u00f3 d\u2019hist\u00f2ries i maquetes\">Llegeix m\u00e9s\u00bb<\/a><\/p>\n","protected":false},"author":1,"featured_media":13221,"comment_status":"open","ping_status":"open","sticky":false,"template":"","format":"standard","meta":{"_bbp_topic_count":0,"_bbp_reply_count":0,"_bbp_total_topic_count":0,"_bbp_total_reply_count":0,"_bbp_voice_count":0,"_bbp_anonymous_reply_count":0,"_bbp_topic_count_hidden":0,"_bbp_reply_count_hidden":0,"_bbp_forum_subforum_count":0,"footnotes":""},"categories":[1],"tags":[],"class_list":["post-13219","post","type-post","status-publish","format-standard","has-post-thumbnail","hentry","category-general"],"post_mailing_queue_ids":[],"_links":{"self":[{"href":"https:\/\/agora.xtec.cat\/ies-santa-eulalia\/wp-json\/wp\/v2\/posts\/13219","targetHints":{"allow":["GET"]}}],"collection":[{"href":"https:\/\/agora.xtec.cat\/ies-santa-eulalia\/wp-json\/wp\/v2\/posts"}],"about":[{"href":"https:\/\/agora.xtec.cat\/ies-santa-eulalia\/wp-json\/wp\/v2\/types\/post"}],"author":[{"embeddable":true,"href":"https:\/\/agora.xtec.cat\/ies-santa-eulalia\/wp-json\/wp\/v2\/users\/1"}],"replies":[{"embeddable":true,"href":"https:\/\/agora.xtec.cat\/ies-santa-eulalia\/wp-json\/wp\/v2\/comments?post=13219"}],"version-history":[{"count":1,"href":"https:\/\/agora.xtec.cat\/ies-santa-eulalia\/wp-json\/wp\/v2\/posts\/13219\/revisions"}],"predecessor-version":[{"id":13224,"href":"https:\/\/agora.xtec.cat\/ies-santa-eulalia\/wp-json\/wp\/v2\/posts\/13219\/revisions\/13224"}],"wp:featuredmedia":[{"embeddable":true,"href":"https:\/\/agora.xtec.cat\/ies-santa-eulalia\/wp-json\/wp\/v2\/media\/13221"}],"wp:attachment":[{"href":"https:\/\/agora.xtec.cat\/ies-santa-eulalia\/wp-json\/wp\/v2\/media?parent=13219"}],"wp:term":[{"taxonomy":"category","embeddable":true,"href":"https:\/\/agora.xtec.cat\/ies-santa-eulalia\/wp-json\/wp\/v2\/categories?post=13219"},{"taxonomy":"post_tag","embeddable":true,"href":"https:\/\/agora.xtec.cat\/ies-santa-eulalia\/wp-json\/wp\/v2\/tags?post=13219"}],"curies":[{"name":"wp","href":"https:\/\/api.w.org\/{rel}","templated":true}]}}