{"id":13108,"date":"2025-09-12T11:53:16","date_gmt":"2025-09-12T09:53:16","guid":{"rendered":"https:\/\/agora.xtec.cat\/ies-santa-eulalia\/?p=13108"},"modified":"2025-10-03T11:57:58","modified_gmt":"2025-10-03T09:57:58","slug":"comenca-el-curs-25-26","status":"publish","type":"post","link":"https:\/\/agora.xtec.cat\/ies-santa-eulalia\/general\/comenca-el-curs-25-26\/","title":{"rendered":"Comen\u00e7a el curs 25\/26"},"content":{"rendered":"\n<figure class=\"wp-block-image size-large\"><a href=\"https:\/\/agora.xtec.cat\/ies-santa-eulalia\/wp-content\/uploads\/usu1612\/2025\/10\/20250905_131943-scaled.jpg\"><img loading=\"lazy\" decoding=\"async\" width=\"1024\" height=\"412\" src=\"https:\/\/agora.xtec.cat\/ies-santa-eulalia\/wp-content\/uploads\/usu1612\/2025\/10\/20250905_131943-1024x412.jpg\" alt=\"\" class=\"wp-image-13109\" srcset=\"https:\/\/agora.xtec.cat\/ies-santa-eulalia\/wp-content\/uploads\/usu1612\/2025\/10\/20250905_131943-1024x412.jpg 1024w, https:\/\/agora.xtec.cat\/ies-santa-eulalia\/wp-content\/uploads\/usu1612\/2025\/10\/20250905_131943-300x121.jpg 300w, https:\/\/agora.xtec.cat\/ies-santa-eulalia\/wp-content\/uploads\/usu1612\/2025\/10\/20250905_131943-768x309.jpg 768w, https:\/\/agora.xtec.cat\/ies-santa-eulalia\/wp-content\/uploads\/usu1612\/2025\/10\/20250905_131943-1536x618.jpg 1536w, https:\/\/agora.xtec.cat\/ies-santa-eulalia\/wp-content\/uploads\/usu1612\/2025\/10\/20250905_131943-2048x824.jpg 2048w\" sizes=\"auto, (max-width: 1024px) 100vw, 1024px\" \/><\/a><\/figure>\n\n\n\n<p>Comencem un nou curs escolar amb moltes cares noves, per\u00f2 carregat d\u2019energia, il\u00b7lusi\u00f3 i ganes d\u2019aprendre. Cada any \u00e9s una oportunitat per cr\u00e9ixer, descobrir i compartir experi\u00e8ncies, i aquest no en ser\u00e0 una excepci\u00f3.<\/p>\n\n\n\n<p>Aquest curs ens espera ple de reptes, projectes i moments per gaudir junts. La clau ser\u00e0 posar-hi esfor\u00e7, treballar en equip i, sobretot, mantenir una actitud positiva davant de tot all\u00f2 que vindr\u00e0.<\/p>\n\n\n\n<p>Recordeu: cada pas endavant, per petit que sigui, ens acosta als nostres objectius. I el m\u00e9s important \u00e9s que aquest cam\u00ed no l\u2019emprendrem sols: som una comunitat i ens tenim els uns als altres.<\/p>\n\n\n\n<p>Endavant!!<\/p>\n","protected":false},"excerpt":{"rendered":"<p><a href=\"https:\/\/agora.xtec.cat\/ies-santa-eulalia\/wp-content\/uploads\/usu1612\/2025\/10\/20250905_131943-scaled.jpg\"><\/a><\/p>\n<p>Comencem un nou curs escolar amb moltes cares noves, per\u00f2 carregat d\u2019energia, il\u00b7lusi\u00f3 i ganes d\u2019aprendre. Cada any \u00e9s una oportunitat per cr\u00e9ixer, descobrir i compartir experi\u00e8ncies, i aquest no en ser\u00e0 una excepci\u00f3.<\/p>\n<p>Aquest curs ens espera ple de reptes, projectes i moments per&hellip;  <a href=\"https:\/\/agora.xtec.cat\/ies-santa-eulalia\/general\/comenca-el-curs-25-26\/\" title=\"Read Comen\u00e7a el curs 25\/26\">Llegeix m\u00e9s\u00bb<\/a><\/p>\n","protected":false},"author":1,"featured_media":13109,"comment_status":"open","ping_status":"open","sticky":false,"template":"","format":"standard","meta":{"_bbp_topic_count":0,"_bbp_reply_count":0,"_bbp_total_topic_count":0,"_bbp_total_reply_count":0,"_bbp_voice_count":0,"_bbp_anonymous_reply_count":0,"_bbp_topic_count_hidden":0,"_bbp_reply_count_hidden":0,"_bbp_forum_subforum_count":0,"footnotes":""},"categories":[1,29],"tags":[584,583,205,582],"class_list":["post-13108","post","type-post","status-publish","format-standard","has-post-thumbnail","hentry","category-general","category-portada","tag-claustre","tag-copem-2","tag-ins-santa-eulalia","tag-nou-curs"],"post_mailing_queue_ids":[],"_links":{"self":[{"href":"https:\/\/agora.xtec.cat\/ies-santa-eulalia\/wp-json\/wp\/v2\/posts\/13108","targetHints":{"allow":["GET"]}}],"collection":[{"href":"https:\/\/agora.xtec.cat\/ies-santa-eulalia\/wp-json\/wp\/v2\/posts"}],"about":[{"href":"https:\/\/agora.xtec.cat\/ies-santa-eulalia\/wp-json\/wp\/v2\/types\/post"}],"author":[{"embeddable":true,"href":"https:\/\/agora.xtec.cat\/ies-santa-eulalia\/wp-json\/wp\/v2\/users\/1"}],"replies":[{"embeddable":true,"href":"https:\/\/agora.xtec.cat\/ies-santa-eulalia\/wp-json\/wp\/v2\/comments?post=13108"}],"version-history":[{"count":1,"href":"https:\/\/agora.xtec.cat\/ies-santa-eulalia\/wp-json\/wp\/v2\/posts\/13108\/revisions"}],"predecessor-version":[{"id":13110,"href":"https:\/\/agora.xtec.cat\/ies-santa-eulalia\/wp-json\/wp\/v2\/posts\/13108\/revisions\/13110"}],"wp:featuredmedia":[{"embeddable":true,"href":"https:\/\/agora.xtec.cat\/ies-santa-eulalia\/wp-json\/wp\/v2\/media\/13109"}],"wp:attachment":[{"href":"https:\/\/agora.xtec.cat\/ies-santa-eulalia\/wp-json\/wp\/v2\/media?parent=13108"}],"wp:term":[{"taxonomy":"category","embeddable":true,"href":"https:\/\/agora.xtec.cat\/ies-santa-eulalia\/wp-json\/wp\/v2\/categories?post=13108"},{"taxonomy":"post_tag","embeddable":true,"href":"https:\/\/agora.xtec.cat\/ies-santa-eulalia\/wp-json\/wp\/v2\/tags?post=13108"}],"curies":[{"name":"wp","href":"https:\/\/api.w.org\/{rel}","templated":true}]}}