{"id":12881,"date":"2025-06-19T12:06:27","date_gmt":"2025-06-19T10:06:27","guid":{"rendered":"https:\/\/agora.xtec.cat\/ies-santa-eulalia\/?p=12881"},"modified":"2025-06-19T12:10:35","modified_gmt":"2025-06-19T10:10:35","slug":"el-barri-de-santa-eulalia-amb-1r-eso","status":"publish","type":"post","link":"https:\/\/agora.xtec.cat\/ies-santa-eulalia\/general\/el-barri-de-santa-eulalia-amb-1r-eso\/","title":{"rendered":"El barri de Santa Eul\u00e0lia, amb 1r ESO"},"content":{"rendered":"<p><a href=\"https:\/\/agora.xtec.cat\/ies-santa-eulalia\/wp-content\/uploads\/usu1612\/2025\/06\/la-Pinca.jpg\"><img loading=\"lazy\" decoding=\"async\" class=\"alignnone size-large wp-image-12883\" src=\"https:\/\/agora.xtec.cat\/ies-santa-eulalia\/wp-content\/uploads\/usu1612\/2025\/06\/la-Pinca-1024x948.jpg\" alt=\"\" width=\"1024\" height=\"948\" srcset=\"https:\/\/agora.xtec.cat\/ies-santa-eulalia\/wp-content\/uploads\/usu1612\/2025\/06\/la-Pinca-1024x948.jpg 1024w, https:\/\/agora.xtec.cat\/ies-santa-eulalia\/wp-content\/uploads\/usu1612\/2025\/06\/la-Pinca-300x278.jpg 300w, https:\/\/agora.xtec.cat\/ies-santa-eulalia\/wp-content\/uploads\/usu1612\/2025\/06\/la-Pinca-768x711.jpg 768w, https:\/\/agora.xtec.cat\/ies-santa-eulalia\/wp-content\/uploads\/usu1612\/2025\/06\/la-Pinca-1536x1422.jpg 1536w, https:\/\/agora.xtec.cat\/ies-santa-eulalia\/wp-content\/uploads\/usu1612\/2025\/06\/la-Pinca-2048x1896.jpg 2048w\" sizes=\"auto, (max-width: 1024px) 100vw, 1024px\" \/><\/a>En aquests \u00faltims dies de curs, el nostre alumnat de 1r d&#8217;ESO ha investigat i treballat sobre el nostre barri, Santa Eul\u00e0lia, i com s&#8217;ha transformat amb el pas del temps.<\/p>\n<p>Han investigat sobre la ubicaci\u00f3, accessibilitat i serveis del que disposa: transport p\u00fablic, centres sanitaris, centres educatius, centres esportius, biblioteques i mercats.<\/p>\n<p>Han cercat informaci\u00f3 sobre com era i com \u00e9s el seu propi carrer. Han treballat edificis emblem\u00e0tics i obres art\u00edstiques tan importants com la Pin\u00e7a, l&#8217;Homenatge als avis, les columnes i la Santa Estaci\u00f3 de Pavinca Nevenka o el mural del Copem que al 2020 va dissenyar el Garbi amb l&#8217;alumnat de 4t ESO del nostre institut.<\/p>\n<p>El nostre alumnat ha treballat cooperativament i han fet: un dossier de cerca d&#8217;informaci\u00f3, una presentaci\u00f3 oral i digital amb un recull d&#8217;informaci\u00f3, un lapbook sobre reciclatge i medi ambient, una recreaci\u00f3 d&#8217;una obra art\u00edstica i un joc de taula sobre reciclatge.<\/p>\n<p>Per la recerca d&#8217;informaci\u00f3 tamb\u00e9 han fet dues sortides pel barri on s&#8217;han pogut documentar.<\/p>\n<p>Han fet un gran treball i han apr\u00e8s moltes coses que els aporta el barri. Aqu\u00ed us deixem un petit tast. Esperem que us agradi.<\/p>\n<p><iframe loading=\"lazy\" src=\"https:\/\/drive.google.com\/file\/d\/1YCyqjpoAYlIvODpirzVaNYD_IPj6uT-u\/preview\" width=\"640\" height=\"480\"><\/iframe><iframe loading=\"lazy\" src=\"https:\/\/drive.google.com\/file\/d\/1CnGsRJ6SjBU3tURcVFNKXK2JAc5blPem\/preview\" width=\"640\" height=\"480\"><\/iframe><iframe loading=\"lazy\" src=\"https:\/\/drive.google.com\/file\/d\/1Pw9huP3lhEzOCuu0vlf7XnUoNy-tY8iW\/preview\" width=\"640\" height=\"480\"><\/iframe><iframe loading=\"lazy\" src=\"https:\/\/drive.google.com\/file\/d\/1cWcFDmmP3762Q0Q_gXlOyz4Xf9kzI8Zj\/preview\" width=\"640\" height=\"480\"><\/iframe><iframe loading=\"lazy\" src=\"https:\/\/drive.google.com\/file\/d\/1qNELFlnl5aPbzXqiPTGml-l5OvPpUKGQ\/preview\" width=\"640\" height=\"480\"><\/iframe><iframe loading=\"lazy\" src=\"https:\/\/drive.google.com\/file\/d\/1jGCYV5n74Mdqr3tcQH6yR2-YII58t7vE\/preview\" width=\"640\" height=\"480\"><\/iframe><iframe loading=\"lazy\" src=\"https:\/\/drive.google.com\/file\/d\/1QIdWjbDAAHdwm5J9VqMcg8wBGd85MNhb\/preview\" width=\"640\" height=\"480\"><\/iframe><iframe loading=\"lazy\" src=\"https:\/\/drive.google.com\/file\/d\/1SD-qt4H1zwdwAm_HrWot0psRyYFavz8G\/preview\" width=\"640\" height=\"480\"><\/iframe><iframe loading=\"lazy\" src=\"https:\/\/drive.google.com\/file\/d\/1v-kNw8d487r8ze0jrFLZjcUDzRes58_5\/preview\" width=\"640\" height=\"480\"><\/iframe><iframe loading=\"lazy\" src=\"https:\/\/drive.google.com\/file\/d\/1KUT6rwid8X4Tl1BpM6LEq6_WSfFNa84f\/preview\" width=\"640\" height=\"480\"><\/iframe><iframe loading=\"lazy\" src=\"https:\/\/drive.google.com\/file\/d\/10bYGvr6kQjnds0vzzLt42KE7d-BIaTfx\/preview\" width=\"640\" height=\"480\"><\/iframe><\/p>\n","protected":false},"excerpt":{"rendered":"<p><a href=\"https:\/\/agora.xtec.cat\/ies-santa-eulalia\/wp-content\/uploads\/usu1612\/2025\/06\/la-Pinca.jpg\"><\/a>En aquests \u00faltims dies de curs, el nostre alumnat de 1r d&#8217;ESO ha investigat i treballat sobre el nostre barri, Santa Eul\u00e0lia, i com s&#8217;ha transformat amb el pas del temps.<br \/>\nHan investigat sobre la ubicaci\u00f3, accessibilitat i serveis del que disposa: transport p\u00fablic, centres&hellip;  <a href=\"https:\/\/agora.xtec.cat\/ies-santa-eulalia\/general\/el-barri-de-santa-eulalia-amb-1r-eso\/\" title=\"Read El barri de Santa Eul\u00e0lia, amb 1r ESO\">Llegeix m\u00e9s\u00bb<\/a><\/p>\n","protected":false},"author":117,"featured_media":12883,"comment_status":"open","ping_status":"open","sticky":false,"template":"","format":"standard","meta":{"_bbp_topic_count":0,"_bbp_reply_count":0,"_bbp_total_topic_count":0,"_bbp_total_reply_count":0,"_bbp_voice_count":0,"_bbp_anonymous_reply_count":0,"_bbp_topic_count_hidden":0,"_bbp_reply_count_hidden":0,"_bbp_forum_subforum_count":0,"footnotes":""},"categories":[3,1,29],"tags":[],"class_list":["post-12881","post","type-post","status-publish","format-standard","has-post-thumbnail","hentry","category-eso","category-general","category-portada"],"post_mailing_queue_ids":[],"_links":{"self":[{"href":"https:\/\/agora.xtec.cat\/ies-santa-eulalia\/wp-json\/wp\/v2\/posts\/12881","targetHints":{"allow":["GET"]}}],"collection":[{"href":"https:\/\/agora.xtec.cat\/ies-santa-eulalia\/wp-json\/wp\/v2\/posts"}],"about":[{"href":"https:\/\/agora.xtec.cat\/ies-santa-eulalia\/wp-json\/wp\/v2\/types\/post"}],"author":[{"embeddable":true,"href":"https:\/\/agora.xtec.cat\/ies-santa-eulalia\/wp-json\/wp\/v2\/users\/117"}],"replies":[{"embeddable":true,"href":"https:\/\/agora.xtec.cat\/ies-santa-eulalia\/wp-json\/wp\/v2\/comments?post=12881"}],"version-history":[{"count":2,"href":"https:\/\/agora.xtec.cat\/ies-santa-eulalia\/wp-json\/wp\/v2\/posts\/12881\/revisions"}],"predecessor-version":[{"id":12884,"href":"https:\/\/agora.xtec.cat\/ies-santa-eulalia\/wp-json\/wp\/v2\/posts\/12881\/revisions\/12884"}],"wp:featuredmedia":[{"embeddable":true,"href":"https:\/\/agora.xtec.cat\/ies-santa-eulalia\/wp-json\/wp\/v2\/media\/12883"}],"wp:attachment":[{"href":"https:\/\/agora.xtec.cat\/ies-santa-eulalia\/wp-json\/wp\/v2\/media?parent=12881"}],"wp:term":[{"taxonomy":"category","embeddable":true,"href":"https:\/\/agora.xtec.cat\/ies-santa-eulalia\/wp-json\/wp\/v2\/categories?post=12881"},{"taxonomy":"post_tag","embeddable":true,"href":"https:\/\/agora.xtec.cat\/ies-santa-eulalia\/wp-json\/wp\/v2\/tags?post=12881"}],"curies":[{"name":"wp","href":"https:\/\/api.w.org\/{rel}","templated":true}]}}