{"id":12852,"date":"2025-06-12T10:48:07","date_gmt":"2025-06-12T08:48:07","guid":{"rendered":"https:\/\/agora.xtec.cat\/ies-santa-eulalia\/?p=12852"},"modified":"2025-06-12T13:32:48","modified_gmt":"2025-06-12T11:32:48","slug":"idriss-la-jove-de-bujara","status":"publish","type":"post","link":"https:\/\/agora.xtec.cat\/ies-santa-eulalia\/general\/idriss-la-jove-de-bujara\/","title":{"rendered":"Idriss, la jove de Bujar\u00e1"},"content":{"rendered":"<p><a href=\"https:\/\/agora.xtec.cat\/ies-santa-eulalia\/wp-content\/uploads\/usu1612\/2025\/06\/IDRISS-2-scaled.jpg\"><img loading=\"lazy\" decoding=\"async\" class=\"alignnone size-large wp-image-12855\" src=\"https:\/\/agora.xtec.cat\/ies-santa-eulalia\/wp-content\/uploads\/usu1612\/2025\/06\/IDRISS-2-706x1024.jpg\" alt=\"\" width=\"706\" height=\"1024\" srcset=\"https:\/\/agora.xtec.cat\/ies-santa-eulalia\/wp-content\/uploads\/usu1612\/2025\/06\/IDRISS-2-706x1024.jpg 706w, https:\/\/agora.xtec.cat\/ies-santa-eulalia\/wp-content\/uploads\/usu1612\/2025\/06\/IDRISS-2-207x300.jpg 207w, https:\/\/agora.xtec.cat\/ies-santa-eulalia\/wp-content\/uploads\/usu1612\/2025\/06\/IDRISS-2-768x1114.jpg 768w, https:\/\/agora.xtec.cat\/ies-santa-eulalia\/wp-content\/uploads\/usu1612\/2025\/06\/IDRISS-2-1059x1536.jpg 1059w, https:\/\/agora.xtec.cat\/ies-santa-eulalia\/wp-content\/uploads\/usu1612\/2025\/06\/IDRISS-2-1412x2048.jpg 1412w, https:\/\/agora.xtec.cat\/ies-santa-eulalia\/wp-content\/uploads\/usu1612\/2025\/06\/IDRISS-2-scaled.jpg 1765w\" sizes=\"auto, (max-width: 706px) 100vw, 706px\" \/><\/a>El nostre alumnat de 1r d&#8217;ESO, des de la mat\u00e8ria de Lengua castellana y literatura han llegit la novel\u00b7la <em>Idriss, la joven de Bujar\u00e1.<\/em><\/p>\n<p>Un cop llegida a classe han respost unes q\u00fcestions i a continuaci\u00f3 han treballat el text narratiu d&#8217;una manera molt especial: han adaptat el text narratiu per a uns lectors d&#8217; Educaci\u00f3 Prim\u00e0ria.<\/p>\n<p>Per aix\u00f2 han seguit l&#8217;estructura d&#8217;inici, nus i desenlla\u00e7, per\u00f2 han simplificat la hist\u00f2ria i han il\u00b7lustrat les diferents parts del llibre.<\/p>\n<p>Aqu\u00ed us deixem un petit tast, esperem que us agradi.<\/p>\n<p><iframe loading=\"lazy\" src=\"https:\/\/drive.google.com\/file\/d\/1p06ox4JXr2EeP4rDxOD5sEJvYc6xqJH6\/preview\" width=\"640\" height=\"480\"><\/iframe><iframe loading=\"lazy\" src=\"https:\/\/drive.google.com\/file\/d\/1cTEDJsKOI2dS3rBUPhrIRf-RcFlUPgnK\/preview\" width=\"640\" height=\"480\"><\/iframe><iframe loading=\"lazy\" src=\"https:\/\/drive.google.com\/file\/d\/1TTZ8wrz4SODDC7DGS8TVzk37EOtrr1o0\/preview\" width=\"640\" height=\"480\"><\/iframe><iframe loading=\"lazy\" src=\"https:\/\/drive.google.com\/file\/d\/1TLn8ddEnnwHJvLOMAtuiAK-e_FIIwizW\/preview\" width=\"640\" height=\"480\"><\/iframe><a href=\"https:\/\/agora.xtec.cat\/ies-santa-eulalia\/wp-content\/uploads\/usu1612\/2025\/06\/Idriss.heic\"><img decoding=\"async\" class=\"alignnone size-full wp-image-12853\" src=\"https:\/\/agora.xtec.cat\/ies-santa-eulalia\/wp-content\/uploads\/usu1612\/2025\/06\/Idriss.heic\" alt=\"\" \/><\/a><iframe loading=\"lazy\" src=\"https:\/\/drive.google.com\/file\/d\/1BP4-pvfxX8p-tgIAfgI2KOVvyhJeV77v\/preview\" width=\"640\" height=\"480\"><\/iframe><\/p>\n","protected":false},"excerpt":{"rendered":"<p><a href=\"https:\/\/agora.xtec.cat\/ies-santa-eulalia\/wp-content\/uploads\/usu1612\/2025\/06\/IDRISS-2-scaled.jpg\"><\/a>El nostre alumnat de 1r d&#8217;ESO, des de la mat\u00e8ria de Lengua castellana y literatura han llegit la novel\u00b7la Idriss, la joven de Bujar\u00e1.<br \/>\nUn cop llegida a classe han respost unes q\u00fcestions i a continuaci\u00f3 han treballat el text narratiu d&#8217;una manera molt especial:&hellip;  <a href=\"https:\/\/agora.xtec.cat\/ies-santa-eulalia\/general\/idriss-la-jove-de-bujara\/\" title=\"Read Idriss, la jove de Bujar\u00e1\">Llegeix m\u00e9s\u00bb<\/a><\/p>\n","protected":false},"author":117,"featured_media":12855,"comment_status":"open","ping_status":"open","sticky":false,"template":"","format":"standard","meta":{"_bbp_topic_count":0,"_bbp_reply_count":0,"_bbp_total_topic_count":0,"_bbp_total_reply_count":0,"_bbp_voice_count":0,"_bbp_anonymous_reply_count":0,"_bbp_topic_count_hidden":0,"_bbp_reply_count_hidden":0,"_bbp_forum_subforum_count":0,"footnotes":""},"categories":[3,1,29],"tags":[],"class_list":["post-12852","post","type-post","status-publish","format-standard","has-post-thumbnail","hentry","category-eso","category-general","category-portada"],"post_mailing_queue_ids":[],"_links":{"self":[{"href":"https:\/\/agora.xtec.cat\/ies-santa-eulalia\/wp-json\/wp\/v2\/posts\/12852","targetHints":{"allow":["GET"]}}],"collection":[{"href":"https:\/\/agora.xtec.cat\/ies-santa-eulalia\/wp-json\/wp\/v2\/posts"}],"about":[{"href":"https:\/\/agora.xtec.cat\/ies-santa-eulalia\/wp-json\/wp\/v2\/types\/post"}],"author":[{"embeddable":true,"href":"https:\/\/agora.xtec.cat\/ies-santa-eulalia\/wp-json\/wp\/v2\/users\/117"}],"replies":[{"embeddable":true,"href":"https:\/\/agora.xtec.cat\/ies-santa-eulalia\/wp-json\/wp\/v2\/comments?post=12852"}],"version-history":[{"count":2,"href":"https:\/\/agora.xtec.cat\/ies-santa-eulalia\/wp-json\/wp\/v2\/posts\/12852\/revisions"}],"predecessor-version":[{"id":12856,"href":"https:\/\/agora.xtec.cat\/ies-santa-eulalia\/wp-json\/wp\/v2\/posts\/12852\/revisions\/12856"}],"wp:featuredmedia":[{"embeddable":true,"href":"https:\/\/agora.xtec.cat\/ies-santa-eulalia\/wp-json\/wp\/v2\/media\/12855"}],"wp:attachment":[{"href":"https:\/\/agora.xtec.cat\/ies-santa-eulalia\/wp-json\/wp\/v2\/media?parent=12852"}],"wp:term":[{"taxonomy":"category","embeddable":true,"href":"https:\/\/agora.xtec.cat\/ies-santa-eulalia\/wp-json\/wp\/v2\/categories?post=12852"},{"taxonomy":"post_tag","embeddable":true,"href":"https:\/\/agora.xtec.cat\/ies-santa-eulalia\/wp-json\/wp\/v2\/tags?post=12852"}],"curies":[{"name":"wp","href":"https:\/\/api.w.org\/{rel}","templated":true}]}}