{"id":12849,"date":"2025-06-12T10:35:08","date_gmt":"2025-06-12T08:35:08","guid":{"rendered":"https:\/\/agora.xtec.cat\/ies-santa-eulalia\/?p=12849"},"modified":"2025-06-12T10:35:08","modified_gmt":"2025-06-12T08:35:08","slug":"un-univers-ple-de-de-paraules-1r-eso","status":"publish","type":"post","link":"https:\/\/agora.xtec.cat\/ies-santa-eulalia\/general\/un-univers-ple-de-de-paraules-1r-eso\/","title":{"rendered":"Un univers ple de de paraules ( 1r ESO)"},"content":{"rendered":"<p>Ens acomiadem de l&#8217;optativa de 1r d&#8217;ESO L&#8217;univers de les paraules. Ha estat un curs intens i molt productiu. Hem llegit, hem escrit i hem interpretat les obres en diferents formats i hem treballat diferents tipologies textuals.<\/p>\n<p>Hem llegit obres com <em>El orfanato<\/em>, <em>El origen del planeta de los simios,<\/em> <em>La novia cad\u00e1ver, <\/em><em>La bella y la bestia<\/em>\u00a0i fragments del <em>Wonder.<\/em><\/p>\n<p>Hem treballat la lectura en veu alta i la lectura comprensiva. Tamb\u00e9 hem treballat la comprensi\u00f3 de textos orals.<\/p>\n<p>Hem redactat diferents tipologies textuals com el resum, el c\u00f2mic, el p\u00f2ster o la narraci\u00f3. Tamb\u00e9 hem elaborat textos de creaci\u00f3 pr\u00f2pia per a dates com el 8M o la diada de Sant Jordi.<\/p>\n<p>Aqu\u00ed us deixem un petit tast, esperem que us agradi.<\/p>\n<p><iframe loading=\"lazy\" src=\"https:\/\/drive.google.com\/file\/d\/1oDcjF_pvJwNiPWpEgJcop0vWyQJ7O_om\/preview\" width=\"640\" height=\"480\"><\/iframe><iframe loading=\"lazy\" src=\"https:\/\/drive.google.com\/file\/d\/1kOymmNyfP_uGzPJo1UwROffnsPBZ9na1\/preview\" width=\"640\" height=\"480\"><\/iframe><iframe loading=\"lazy\" src=\"https:\/\/drive.google.com\/file\/d\/1-72G3ezDxSw2aznUnslFg9nkVf89hzrO\/preview\" width=\"640\" height=\"480\"><\/iframe><iframe loading=\"lazy\" src=\"https:\/\/drive.google.com\/file\/d\/1gwzVrs6XjVPP-ltDGhiju89hvrEOOrcP\/preview\" width=\"640\" height=\"480\"><\/iframe><iframe loading=\"lazy\" src=\"https:\/\/drive.google.com\/file\/d\/1lv173ozQTWoQuRHMOfBD4y5aqRvn3jYN\/preview\" width=\"640\" height=\"480\"><\/iframe><iframe loading=\"lazy\" src=\"https:\/\/drive.google.com\/file\/d\/1zqLL9OnPAFJrIlofw5EGtIShku725MnS\/preview\" width=\"640\" height=\"480\"><\/iframe><iframe loading=\"lazy\" src=\"https:\/\/drive.google.com\/file\/d\/19CQiByobWkkH75BcgmbLbhT7mRbiw7WZ\/preview\" width=\"640\" height=\"480\"><\/iframe><\/p>\n<figure class=\"figure wp-caption alignnone\"><a href=\"https:\/\/agora.xtec.cat\/ies-santa-eulalia\/wp-content\/uploads\/usu1612\/2025\/06\/BELLA-Y-BESTIA.jpg\"><img loading=\"lazy\" decoding=\"async\" class=\"size-large wp-image-12850\" src=\"https:\/\/agora.xtec.cat\/ies-santa-eulalia\/wp-content\/uploads\/usu1612\/2025\/06\/BELLA-Y-BESTIA-622x1024.jpg\" alt=\"\" width=\"622\" height=\"1024\" srcset=\"https:\/\/agora.xtec.cat\/ies-santa-eulalia\/wp-content\/uploads\/usu1612\/2025\/06\/BELLA-Y-BESTIA-622x1024.jpg 622w, https:\/\/agora.xtec.cat\/ies-santa-eulalia\/wp-content\/uploads\/usu1612\/2025\/06\/BELLA-Y-BESTIA-182x300.jpg 182w, https:\/\/agora.xtec.cat\/ies-santa-eulalia\/wp-content\/uploads\/usu1612\/2025\/06\/BELLA-Y-BESTIA-768x1264.jpg 768w, https:\/\/agora.xtec.cat\/ies-santa-eulalia\/wp-content\/uploads\/usu1612\/2025\/06\/BELLA-Y-BESTIA-933x1536.jpg 933w, https:\/\/agora.xtec.cat\/ies-santa-eulalia\/wp-content\/uploads\/usu1612\/2025\/06\/BELLA-Y-BESTIA-1244x2048.jpg 1244w, https:\/\/agora.xtec.cat\/ies-santa-eulalia\/wp-content\/uploads\/usu1612\/2025\/06\/BELLA-Y-BESTIA.jpg 1284w\" sizes=\"auto, (max-width: 622px) 100vw, 622px\" \/><\/a><figcaption class=\"wp-caption-text\">Screenshot<\/figcaption><\/figure>\n<p>&nbsp;<\/p>\n","protected":false},"excerpt":{"rendered":"<p>Ens acomiadem de l&#8217;optativa de 1r d&#8217;ESO L&#8217;univers de les paraules. Ha estat un curs intens i molt productiu. Hem llegit, hem escrit i hem interpretat les obres en diferents formats i hem treballat diferents tipologies textuals.<br \/>\nHem llegit obres com El orfanato, El origen del&hellip;  <a href=\"https:\/\/agora.xtec.cat\/ies-santa-eulalia\/general\/un-univers-ple-de-de-paraules-1r-eso\/\" title=\"Read Un univers ple de de paraules ( 1r ESO)\">Llegeix m\u00e9s\u00bb<\/a><\/p>\n","protected":false},"author":117,"featured_media":12850,"comment_status":"open","ping_status":"open","sticky":false,"template":"","format":"standard","meta":{"_bbp_topic_count":0,"_bbp_reply_count":0,"_bbp_total_topic_count":0,"_bbp_total_reply_count":0,"_bbp_voice_count":0,"_bbp_anonymous_reply_count":0,"_bbp_topic_count_hidden":0,"_bbp_reply_count_hidden":0,"_bbp_forum_subforum_count":0,"footnotes":""},"categories":[3,1,29],"tags":[],"class_list":["post-12849","post","type-post","status-publish","format-standard","has-post-thumbnail","hentry","category-eso","category-general","category-portada"],"post_mailing_queue_ids":[],"_links":{"self":[{"href":"https:\/\/agora.xtec.cat\/ies-santa-eulalia\/wp-json\/wp\/v2\/posts\/12849","targetHints":{"allow":["GET"]}}],"collection":[{"href":"https:\/\/agora.xtec.cat\/ies-santa-eulalia\/wp-json\/wp\/v2\/posts"}],"about":[{"href":"https:\/\/agora.xtec.cat\/ies-santa-eulalia\/wp-json\/wp\/v2\/types\/post"}],"author":[{"embeddable":true,"href":"https:\/\/agora.xtec.cat\/ies-santa-eulalia\/wp-json\/wp\/v2\/users\/117"}],"replies":[{"embeddable":true,"href":"https:\/\/agora.xtec.cat\/ies-santa-eulalia\/wp-json\/wp\/v2\/comments?post=12849"}],"version-history":[{"count":1,"href":"https:\/\/agora.xtec.cat\/ies-santa-eulalia\/wp-json\/wp\/v2\/posts\/12849\/revisions"}],"predecessor-version":[{"id":12851,"href":"https:\/\/agora.xtec.cat\/ies-santa-eulalia\/wp-json\/wp\/v2\/posts\/12849\/revisions\/12851"}],"wp:featuredmedia":[{"embeddable":true,"href":"https:\/\/agora.xtec.cat\/ies-santa-eulalia\/wp-json\/wp\/v2\/media\/12850"}],"wp:attachment":[{"href":"https:\/\/agora.xtec.cat\/ies-santa-eulalia\/wp-json\/wp\/v2\/media?parent=12849"}],"wp:term":[{"taxonomy":"category","embeddable":true,"href":"https:\/\/agora.xtec.cat\/ies-santa-eulalia\/wp-json\/wp\/v2\/categories?post=12849"},{"taxonomy":"post_tag","embeddable":true,"href":"https:\/\/agora.xtec.cat\/ies-santa-eulalia\/wp-json\/wp\/v2\/tags?post=12849"}],"curies":[{"name":"wp","href":"https:\/\/api.w.org\/{rel}","templated":true}]}}