{"id":12745,"date":"2025-05-22T20:17:31","date_gmt":"2025-05-22T18:17:31","guid":{"rendered":"https:\/\/agora.xtec.cat\/ies-santa-eulalia\/?p=12745"},"modified":"2025-05-22T20:19:43","modified_gmt":"2025-05-22T18:19:43","slug":"graduacio-promocio-batxicopem2325","status":"publish","type":"post","link":"https:\/\/agora.xtec.cat\/ies-santa-eulalia\/general\/graduacio-promocio-batxicopem2325\/","title":{"rendered":"Graduaci\u00f3 promoci\u00f3 batxiCOPEM2325"},"content":{"rendered":"<p><a href=\"https:\/\/agora.xtec.cat\/ies-santa-eulalia\/wp-content\/uploads\/usu1612\/2025\/05\/Orla-bachi.jpg\"><img loading=\"lazy\" decoding=\"async\" class=\"aligncenter wp-image-12746\" src=\"https:\/\/agora.xtec.cat\/ies-santa-eulalia\/wp-content\/uploads\/usu1612\/2025\/05\/Orla-bachi-300x212.jpg\" alt=\"\" width=\"600\" height=\"424\" srcset=\"https:\/\/agora.xtec.cat\/ies-santa-eulalia\/wp-content\/uploads\/usu1612\/2025\/05\/Orla-bachi-300x212.jpg 300w, https:\/\/agora.xtec.cat\/ies-santa-eulalia\/wp-content\/uploads\/usu1612\/2025\/05\/Orla-bachi-1024x724.jpg 1024w, https:\/\/agora.xtec.cat\/ies-santa-eulalia\/wp-content\/uploads\/usu1612\/2025\/05\/Orla-bachi-768x543.jpg 768w, https:\/\/agora.xtec.cat\/ies-santa-eulalia\/wp-content\/uploads\/usu1612\/2025\/05\/Orla-bachi-1536x1086.jpg 1536w, https:\/\/agora.xtec.cat\/ies-santa-eulalia\/wp-content\/uploads\/usu1612\/2025\/05\/Orla-bachi.jpg 2000w\" sizes=\"auto, (max-width: 600px) 100vw, 600px\" \/><\/a>El passat dia 14 de maig la <strong>promoci\u00f3 2023-2025 de 2n de batxillerat<\/strong> s&#8217;acomiadava formalment del centre on la majoria d&#8217;ells van comen\u00e7ar l&#8217;ESO, ja fa sis cursos, i on d&#8217;altres han viscut dos anys ben intensos. Anys en qu\u00e8 han madurat com a persones i on s&#8217;han cohesionat com a grup. Anys d&#8217;aprenentatges, treballs, somriures i algun plor. Anys de viv\u00e8ncies i d&#8217;experi\u00e8ncies.<\/p>\n<p>Va ser un dia de moments i contrastos, joiosos per assolir el final d&#8217;una etapa, amb recan\u00e7a pels senders diversos que ara agafaran companyes i companys de temps i esfor\u00e7os compartits.<\/p>\n<p><a href=\"https:\/\/agora.xtec.cat\/ies-santa-eulalia\/wp-content\/uploads\/usu1612\/2025\/05\/ambient.jpeg\"><img loading=\"lazy\" decoding=\"async\" class=\"aligncenter wp-image-12752\" src=\"https:\/\/agora.xtec.cat\/ies-santa-eulalia\/wp-content\/uploads\/usu1612\/2025\/05\/ambient-300x169.jpeg\" alt=\"\" width=\"600\" height=\"338\" srcset=\"https:\/\/agora.xtec.cat\/ies-santa-eulalia\/wp-content\/uploads\/usu1612\/2025\/05\/ambient-300x169.jpeg 300w, https:\/\/agora.xtec.cat\/ies-santa-eulalia\/wp-content\/uploads\/usu1612\/2025\/05\/ambient-1024x576.jpeg 1024w, https:\/\/agora.xtec.cat\/ies-santa-eulalia\/wp-content\/uploads\/usu1612\/2025\/05\/ambient-768x432.jpeg 768w, https:\/\/agora.xtec.cat\/ies-santa-eulalia\/wp-content\/uploads\/usu1612\/2025\/05\/ambient-1536x864.jpeg 1536w, https:\/\/agora.xtec.cat\/ies-santa-eulalia\/wp-content\/uploads\/usu1612\/2025\/05\/ambient.jpeg 2040w\" sizes=\"auto, (max-width: 600px) 100vw, 600px\" \/><\/a><\/p>\n<p>Per celebrar-ho, alumnat, fam\u00edlies i professorat vam compartir una estona d&#8217;una cerim\u00f2nia ben especial on, amb m\u00fasica i parlaments diversos, l&#8217;alumnat es va acomiadar de la seua etapa a l&#8217;institut, i van agrair a fam\u00edlies, professorat i, sobretot, als seus companys i companyes, amb qui s\u2019han ajudat i donat suport tots aquests anys. Tamb\u00e9 va haver-hi temps per a la m\u00fasica, amb l&#8217;actuaci\u00f3 de Pau i Marta; els records i els moments gravats a la mem\u00f2ria amb els v\u00eddeos; la conversa distesa al pati i les darreres sessions de fotos, fotos i m\u00e9s fotos per recordar aquest dia tan especial.<\/p>\n<p><strong>BatxiCOPEM2325<\/strong>, tanqueu una etapa i obriu nous camins. Per\u00f2 no deixeu mai de riure i de plorar, d\u2019imaginar, pensar, crear, discutir, tastar o criticar&#8230; Salut, for\u00e7a i endavant!<\/p>\n<p>I, si necessiteu res, ja sabeu on som&#8230;<\/p>\n<p><a href=\"https:\/\/agora.xtec.cat\/ies-santa-eulalia\/wp-content\/uploads\/usu1612\/2025\/05\/parlament.jpeg\"><img loading=\"lazy\" decoding=\"async\" class=\"alignright wp-image-12753\" src=\"https:\/\/agora.xtec.cat\/ies-santa-eulalia\/wp-content\/uploads\/usu1612\/2025\/05\/parlament-300x226.jpeg\" alt=\"\" width=\"600\" height=\"451\" srcset=\"https:\/\/agora.xtec.cat\/ies-santa-eulalia\/wp-content\/uploads\/usu1612\/2025\/05\/parlament-300x226.jpeg 300w, https:\/\/agora.xtec.cat\/ies-santa-eulalia\/wp-content\/uploads\/usu1612\/2025\/05\/parlament-1024x771.jpeg 1024w, https:\/\/agora.xtec.cat\/ies-santa-eulalia\/wp-content\/uploads\/usu1612\/2025\/05\/parlament-768x578.jpeg 768w, https:\/\/agora.xtec.cat\/ies-santa-eulalia\/wp-content\/uploads\/usu1612\/2025\/05\/parlament-1536x1156.jpeg 1536w, https:\/\/agora.xtec.cat\/ies-santa-eulalia\/wp-content\/uploads\/usu1612\/2025\/05\/parlament-200x150.jpeg 200w, https:\/\/agora.xtec.cat\/ies-santa-eulalia\/wp-content\/uploads\/usu1612\/2025\/05\/parlament.jpeg 1600w\" sizes=\"auto, (max-width: 600px) 100vw, 600px\" \/><\/a> <a href=\"https:\/\/agora.xtec.cat\/ies-santa-eulalia\/wp-content\/uploads\/usu1612\/2025\/05\/piano.jpeg\"><img loading=\"lazy\" decoding=\"async\" class=\"alignleft wp-image-12754\" src=\"https:\/\/agora.xtec.cat\/ies-santa-eulalia\/wp-content\/uploads\/usu1612\/2025\/05\/piano-300x226.jpeg\" alt=\"\" width=\"600\" height=\"451\" srcset=\"https:\/\/agora.xtec.cat\/ies-santa-eulalia\/wp-content\/uploads\/usu1612\/2025\/05\/piano-300x226.jpeg 300w, https:\/\/agora.xtec.cat\/ies-santa-eulalia\/wp-content\/uploads\/usu1612\/2025\/05\/piano-1024x771.jpeg 1024w, https:\/\/agora.xtec.cat\/ies-santa-eulalia\/wp-content\/uploads\/usu1612\/2025\/05\/piano-768x578.jpeg 768w, https:\/\/agora.xtec.cat\/ies-santa-eulalia\/wp-content\/uploads\/usu1612\/2025\/05\/piano-1536x1156.jpeg 1536w, https:\/\/agora.xtec.cat\/ies-santa-eulalia\/wp-content\/uploads\/usu1612\/2025\/05\/piano-200x150.jpeg 200w, https:\/\/agora.xtec.cat\/ies-santa-eulalia\/wp-content\/uploads\/usu1612\/2025\/05\/piano.jpeg 1600w\" sizes=\"auto, (max-width: 600px) 100vw, 600px\" \/><\/a><\/p>\n<p>&nbsp;<\/p>\n<p>&nbsp;<\/p>\n<p><a href=\"https:\/\/agora.xtec.cat\/ies-santa-eulalia\/wp-content\/uploads\/usu1612\/2025\/05\/2n-bat-A-2025RET-scaled.jpg\"><img loading=\"lazy\" decoding=\"async\" class=\"wp-image-12747 alignleft\" src=\"https:\/\/agora.xtec.cat\/ies-santa-eulalia\/wp-content\/uploads\/usu1612\/2025\/05\/2n-bat-A-2025RET-300x198.jpg\" alt=\"\" width=\"600\" height=\"397\" srcset=\"https:\/\/agora.xtec.cat\/ies-santa-eulalia\/wp-content\/uploads\/usu1612\/2025\/05\/2n-bat-A-2025RET-300x198.jpg 300w, https:\/\/agora.xtec.cat\/ies-santa-eulalia\/wp-content\/uploads\/usu1612\/2025\/05\/2n-bat-A-2025RET-1024x677.jpg 1024w, https:\/\/agora.xtec.cat\/ies-santa-eulalia\/wp-content\/uploads\/usu1612\/2025\/05\/2n-bat-A-2025RET-768x508.jpg 768w, https:\/\/agora.xtec.cat\/ies-santa-eulalia\/wp-content\/uploads\/usu1612\/2025\/05\/2n-bat-A-2025RET-1536x1016.jpg 1536w, https:\/\/agora.xtec.cat\/ies-santa-eulalia\/wp-content\/uploads\/usu1612\/2025\/05\/2n-bat-A-2025RET-2048x1355.jpg 2048w\" sizes=\"auto, (max-width: 600px) 100vw, 600px\" \/><\/a> <a href=\"https:\/\/agora.xtec.cat\/ies-santa-eulalia\/wp-content\/uploads\/usu1612\/2025\/05\/foto-2B-scaled.jpg\"><img loading=\"lazy\" decoding=\"async\" class=\"wp-image-12749 alignright\" src=\"https:\/\/agora.xtec.cat\/ies-santa-eulalia\/wp-content\/uploads\/usu1612\/2025\/05\/foto-2B-300x202.jpg\" alt=\"\" width=\"600\" height=\"404\" srcset=\"https:\/\/agora.xtec.cat\/ies-santa-eulalia\/wp-content\/uploads\/usu1612\/2025\/05\/foto-2B-300x202.jpg 300w, https:\/\/agora.xtec.cat\/ies-santa-eulalia\/wp-content\/uploads\/usu1612\/2025\/05\/foto-2B-1024x689.jpg 1024w, https:\/\/agora.xtec.cat\/ies-santa-eulalia\/wp-content\/uploads\/usu1612\/2025\/05\/foto-2B-768x517.jpg 768w, https:\/\/agora.xtec.cat\/ies-santa-eulalia\/wp-content\/uploads\/usu1612\/2025\/05\/foto-2B-1536x1034.jpg 1536w, https:\/\/agora.xtec.cat\/ies-santa-eulalia\/wp-content\/uploads\/usu1612\/2025\/05\/foto-2B-2048x1378.jpg 2048w\" sizes=\"auto, (max-width: 600px) 100vw, 600px\" \/><\/a><\/p>\n","protected":false},"excerpt":{"rendered":"<p><a href=\"https:\/\/agora.xtec.cat\/ies-santa-eulalia\/wp-content\/uploads\/usu1612\/2025\/05\/Orla-bachi.jpg\"><\/a>El passat dia 14 de maig la promoci\u00f3 2023-2025 de 2n de batxillerat s&#8217;acomiadava formalment del centre on la majoria d&#8217;ells van comen\u00e7ar l&#8217;ESO, ja fa sis cursos, i on d&#8217;altres han viscut dos anys ben intensos. Anys en qu\u00e8 han madurat com a&hellip;  <a href=\"https:\/\/agora.xtec.cat\/ies-santa-eulalia\/general\/graduacio-promocio-batxicopem2325\/\" title=\"Read Graduaci\u00f3 promoci\u00f3 batxiCOPEM2325\">Llegeix m\u00e9s\u00bb<\/a><\/p>\n","protected":false},"author":35,"featured_media":12746,"comment_status":"open","ping_status":"closed","sticky":false,"template":"","format":"standard","meta":{"_bbp_topic_count":0,"_bbp_reply_count":0,"_bbp_total_topic_count":0,"_bbp_total_reply_count":0,"_bbp_voice_count":0,"_bbp_anonymous_reply_count":0,"_bbp_topic_count_hidden":0,"_bbp_reply_count_hidden":0,"_bbp_forum_subforum_count":0,"footnotes":""},"categories":[179,180,174,8,1,290,29],"tags":[545,430,576,125,574,348,205,547,258],"class_list":["post-12745","post","type-post","status-publish","format-standard","has-post-thumbnail","hentry","category-2n-batx-a","category-2n-batx-b","category-2n-batxillerat","category-batxillerat","category-general","category-graduacio","category-portada","tag-2024-2025","tag-2n-batxillerat","tag-batxicopem","tag-batxillerat","tag-curs-2024-2025","tag-graduacio","tag-ins-santa-eulalia","tag-ise2425","tag-que-ha-passat"],"post_mailing_queue_ids":[],"_links":{"self":[{"href":"https:\/\/agora.xtec.cat\/ies-santa-eulalia\/wp-json\/wp\/v2\/posts\/12745","targetHints":{"allow":["GET"]}}],"collection":[{"href":"https:\/\/agora.xtec.cat\/ies-santa-eulalia\/wp-json\/wp\/v2\/posts"}],"about":[{"href":"https:\/\/agora.xtec.cat\/ies-santa-eulalia\/wp-json\/wp\/v2\/types\/post"}],"author":[{"embeddable":true,"href":"https:\/\/agora.xtec.cat\/ies-santa-eulalia\/wp-json\/wp\/v2\/users\/35"}],"replies":[{"embeddable":true,"href":"https:\/\/agora.xtec.cat\/ies-santa-eulalia\/wp-json\/wp\/v2\/comments?post=12745"}],"version-history":[{"count":5,"href":"https:\/\/agora.xtec.cat\/ies-santa-eulalia\/wp-json\/wp\/v2\/posts\/12745\/revisions"}],"predecessor-version":[{"id":12757,"href":"https:\/\/agora.xtec.cat\/ies-santa-eulalia\/wp-json\/wp\/v2\/posts\/12745\/revisions\/12757"}],"wp:featuredmedia":[{"embeddable":true,"href":"https:\/\/agora.xtec.cat\/ies-santa-eulalia\/wp-json\/wp\/v2\/media\/12746"}],"wp:attachment":[{"href":"https:\/\/agora.xtec.cat\/ies-santa-eulalia\/wp-json\/wp\/v2\/media?parent=12745"}],"wp:term":[{"taxonomy":"category","embeddable":true,"href":"https:\/\/agora.xtec.cat\/ies-santa-eulalia\/wp-json\/wp\/v2\/categories?post=12745"},{"taxonomy":"post_tag","embeddable":true,"href":"https:\/\/agora.xtec.cat\/ies-santa-eulalia\/wp-json\/wp\/v2\/tags?post=12745"}],"curies":[{"name":"wp","href":"https:\/\/api.w.org\/{rel}","templated":true}]}}