{"id":12739,"date":"2025-05-22T10:48:26","date_gmt":"2025-05-22T08:48:26","guid":{"rendered":"https:\/\/agora.xtec.cat\/ies-santa-eulalia\/?p=12739"},"modified":"2025-05-22T10:53:32","modified_gmt":"2025-05-22T08:53:32","slug":"treballant-el-verb-amb-2n-deso","status":"publish","type":"post","link":"https:\/\/agora.xtec.cat\/ies-santa-eulalia\/general\/treballant-el-verb-amb-2n-deso\/","title":{"rendered":"Treballant el verb amb 2n d&#8217;ESO"},"content":{"rendered":"<p><a href=\"https:\/\/agora.xtec.cat\/ies-santa-eulalia\/wp-content\/uploads\/usu1612\/2025\/05\/VERBO.heic\"><img decoding=\"async\" class=\"alignnone size-full wp-image-12741\" src=\"https:\/\/agora.xtec.cat\/ies-santa-eulalia\/wp-content\/uploads\/usu1612\/2025\/05\/VERBO.heic\" alt=\"\" \/><\/a><a href=\"https:\/\/agora.xtec.cat\/ies-santa-eulalia\/wp-content\/uploads\/usu1612\/2025\/05\/VERBO-JPG-scaled.jpg\"><img loading=\"lazy\" decoding=\"async\" class=\"alignnone size-large wp-image-12742\" src=\"https:\/\/agora.xtec.cat\/ies-santa-eulalia\/wp-content\/uploads\/usu1612\/2025\/05\/VERBO-JPG-1024x751.jpg\" alt=\"\" width=\"1024\" height=\"751\" srcset=\"https:\/\/agora.xtec.cat\/ies-santa-eulalia\/wp-content\/uploads\/usu1612\/2025\/05\/VERBO-JPG-1024x751.jpg 1024w, https:\/\/agora.xtec.cat\/ies-santa-eulalia\/wp-content\/uploads\/usu1612\/2025\/05\/VERBO-JPG-300x220.jpg 300w, https:\/\/agora.xtec.cat\/ies-santa-eulalia\/wp-content\/uploads\/usu1612\/2025\/05\/VERBO-JPG-768x563.jpg 768w, https:\/\/agora.xtec.cat\/ies-santa-eulalia\/wp-content\/uploads\/usu1612\/2025\/05\/VERBO-JPG-1536x1126.jpg 1536w, https:\/\/agora.xtec.cat\/ies-santa-eulalia\/wp-content\/uploads\/usu1612\/2025\/05\/VERBO-JPG-2048x1502.jpg 2048w\" sizes=\"auto, (max-width: 1024px) 100vw, 1024px\" \/><\/a>Des de la mat\u00e8ria de Lengua y literatura castellanas hem treballat a 2n d&#8217;ESO el verb i la seva morfologia.<\/p>\n<p>Primerament, en grups de quatre han elaborat uns visual thinking sobre la morfologia verbal. A continuaci\u00f3 han buscat una can\u00e7\u00f3 per analitzar diferents aspectes dels verbs. Finalment han creat un kahoot amb diferents q\u00fcestions sobre morfologia verbal.<\/p>\n<p>Amb tot aix\u00f2 han fet unes exposicions orals que constaven de: explicaci\u00f3 d&#8217;algun dels conceptes de la morfologia verbal, activitat amb la can\u00e7\u00f3 i kahoot com a activitat de s\u00edntesi.<\/p>\n<p>Aqu\u00ed us deixem un petit tast. Esperem que us agradi.<iframe loading=\"lazy\" src=\"https:\/\/drive.google.com\/file\/d\/1CR0HO67Od8_1xEVYRaL-Z8TRoUljQzEI\/preview\" width=\"640\" height=\"480\"><\/iframe><iframe loading=\"lazy\" src=\"https:\/\/drive.google.com\/file\/d\/18RhkQIWR2Ycm7uF9NZrzUXli_LRcKpu-\/preview\" width=\"640\" height=\"480\"><\/iframe><iframe loading=\"lazy\" src=\"https:\/\/drive.google.com\/file\/d\/11e71DGCxur6zg7i3CF8jL98AVeFlJUDW\/preview\" width=\"640\" height=\"480\"><\/iframe><iframe loading=\"lazy\" src=\"https:\/\/drive.google.com\/file\/d\/1jS_3X8jhVVGReZ2CwIQwVKbWoTxcahfE\/preview\" width=\"640\" height=\"480\"><\/iframe><iframe loading=\"lazy\" src=\"https:\/\/drive.google.com\/file\/d\/1IZQTJ-1KXQ9liCzohYXUVBjlGMEhE8_R\/preview\" width=\"640\" height=\"480\"><\/iframe><iframe loading=\"lazy\" src=\"https:\/\/drive.google.com\/file\/d\/1eeQr6sztDM0PCPtYCdF7Rh4KNPoYZd1Z\/preview\" width=\"640\" height=\"480\"><\/iframe><iframe loading=\"lazy\" src=\"https:\/\/drive.google.com\/file\/d\/1XdR6m2v-meR0uu3Z7kYu5SeFBKIkTSkM\/preview\" width=\"640\" height=\"480\"><\/iframe><iframe loading=\"lazy\" src=\"https:\/\/drive.google.com\/file\/d\/1Os6RMPxa150kPZJVAB6YykiERjmGrqMm\/preview\" width=\"640\" height=\"480\"><\/iframe><iframe loading=\"lazy\" src=\"https:\/\/drive.google.com\/file\/d\/1J16W2QV7KaU9xdUgcf5cth7LceJE0fdd\/preview\" width=\"640\" height=\"480\"><\/iframe><\/p>\n","protected":false},"excerpt":{"rendered":"<p><a href=\"https:\/\/agora.xtec.cat\/ies-santa-eulalia\/wp-content\/uploads\/usu1612\/2025\/05\/VERBO.heic\"><\/a><a href=\"https:\/\/agora.xtec.cat\/ies-santa-eulalia\/wp-content\/uploads\/usu1612\/2025\/05\/VERBO-JPG-scaled.jpg\"><\/a>Des de la mat\u00e8ria de Lengua y literatura castellanas hem treballat a 2n d&#8217;ESO el verb i la seva morfologia.<br \/>\nPrimerament, en grups de quatre han elaborat uns visual thinking sobre la morfologia verbal. A continuaci\u00f3 han buscat una can\u00e7\u00f3 per analitzar diferents aspectes&hellip;  <a href=\"https:\/\/agora.xtec.cat\/ies-santa-eulalia\/general\/treballant-el-verb-amb-2n-deso\/\" title=\"Read Treballant el verb amb 2n d&#8217;ESO\">Llegeix m\u00e9s\u00bb<\/a><\/p>\n","protected":false},"author":117,"featured_media":12742,"comment_status":"open","ping_status":"closed","sticky":false,"template":"","format":"standard","meta":{"_bbp_topic_count":0,"_bbp_reply_count":0,"_bbp_total_topic_count":0,"_bbp_total_reply_count":0,"_bbp_voice_count":0,"_bbp_anonymous_reply_count":0,"_bbp_topic_count_hidden":0,"_bbp_reply_count_hidden":0,"_bbp_forum_subforum_count":0,"footnotes":""},"categories":[3,1,29],"tags":[],"class_list":["post-12739","post","type-post","status-publish","format-standard","has-post-thumbnail","hentry","category-eso","category-general","category-portada"],"post_mailing_queue_ids":[],"_links":{"self":[{"href":"https:\/\/agora.xtec.cat\/ies-santa-eulalia\/wp-json\/wp\/v2\/posts\/12739","targetHints":{"allow":["GET"]}}],"collection":[{"href":"https:\/\/agora.xtec.cat\/ies-santa-eulalia\/wp-json\/wp\/v2\/posts"}],"about":[{"href":"https:\/\/agora.xtec.cat\/ies-santa-eulalia\/wp-json\/wp\/v2\/types\/post"}],"author":[{"embeddable":true,"href":"https:\/\/agora.xtec.cat\/ies-santa-eulalia\/wp-json\/wp\/v2\/users\/117"}],"replies":[{"embeddable":true,"href":"https:\/\/agora.xtec.cat\/ies-santa-eulalia\/wp-json\/wp\/v2\/comments?post=12739"}],"version-history":[{"count":2,"href":"https:\/\/agora.xtec.cat\/ies-santa-eulalia\/wp-json\/wp\/v2\/posts\/12739\/revisions"}],"predecessor-version":[{"id":12743,"href":"https:\/\/agora.xtec.cat\/ies-santa-eulalia\/wp-json\/wp\/v2\/posts\/12739\/revisions\/12743"}],"wp:featuredmedia":[{"embeddable":true,"href":"https:\/\/agora.xtec.cat\/ies-santa-eulalia\/wp-json\/wp\/v2\/media\/12742"}],"wp:attachment":[{"href":"https:\/\/agora.xtec.cat\/ies-santa-eulalia\/wp-json\/wp\/v2\/media?parent=12739"}],"wp:term":[{"taxonomy":"category","embeddable":true,"href":"https:\/\/agora.xtec.cat\/ies-santa-eulalia\/wp-json\/wp\/v2\/categories?post=12739"},{"taxonomy":"post_tag","embeddable":true,"href":"https:\/\/agora.xtec.cat\/ies-santa-eulalia\/wp-json\/wp\/v2\/tags?post=12739"}],"curies":[{"name":"wp","href":"https:\/\/api.w.org\/{rel}","templated":true}]}}