{"id":12730,"date":"2025-05-12T12:04:43","date_gmt":"2025-05-12T10:04:43","guid":{"rendered":"https:\/\/agora.xtec.cat\/ies-santa-eulalia\/?p=12730"},"modified":"2025-05-12T12:05:49","modified_gmt":"2025-05-12T10:05:49","slug":"alumnes-primeres-promocions-ins-santa-eulalia","status":"publish","type":"post","link":"https:\/\/agora.xtec.cat\/ies-santa-eulalia\/general\/alumnes-primeres-promocions-ins-santa-eulalia\/","title":{"rendered":"Alumnes primeres promocions Ins Santa Eul\u00e0lia"},"content":{"rendered":"<p>Un any m\u00e9s, alguns alumnes de les primeres promocions que van estudiar a l&#8217;institut Santa Eul\u00e0lia, aleshores conegut com a &#8220;Centro Oficial de Patronato de Ense\u00f1anza Media&#8221;, han visitat les aules de 4t d&#8217;ESO. Ens han preparat un recorregut per la hist\u00f2ria de l&#8217;institut molt interessant, ple de curiositat,\u00a0 en el que els alumnes han pogut veure com ha canviat la manera d&#8217;ensenyar i aprendre al llarg dels anys.<\/p>\n<p>Els esperem el curs vinent!<a href=\"https:\/\/agora.xtec.cat\/ies-santa-eulalia\/wp-content\/uploads\/usu1612\/2025\/05\/PHOTO-2025-05-12-10-15-36-1.jpg\"><img loading=\"lazy\" decoding=\"async\" class=\"alignnone size-large wp-image-12731\" src=\"https:\/\/agora.xtec.cat\/ies-santa-eulalia\/wp-content\/uploads\/usu1612\/2025\/05\/PHOTO-2025-05-12-10-15-36-1-1024x766.jpg\" alt=\"\" width=\"1024\" height=\"766\" srcset=\"https:\/\/agora.xtec.cat\/ies-santa-eulalia\/wp-content\/uploads\/usu1612\/2025\/05\/PHOTO-2025-05-12-10-15-36-1-1024x766.jpg 1024w, https:\/\/agora.xtec.cat\/ies-santa-eulalia\/wp-content\/uploads\/usu1612\/2025\/05\/PHOTO-2025-05-12-10-15-36-1-300x224.jpg 300w, https:\/\/agora.xtec.cat\/ies-santa-eulalia\/wp-content\/uploads\/usu1612\/2025\/05\/PHOTO-2025-05-12-10-15-36-1-768x575.jpg 768w, https:\/\/agora.xtec.cat\/ies-santa-eulalia\/wp-content\/uploads\/usu1612\/2025\/05\/PHOTO-2025-05-12-10-15-36-1-1536x1149.jpg 1536w, https:\/\/agora.xtec.cat\/ies-santa-eulalia\/wp-content\/uploads\/usu1612\/2025\/05\/PHOTO-2025-05-12-10-15-36-1-200x150.jpg 200w, https:\/\/agora.xtec.cat\/ies-santa-eulalia\/wp-content\/uploads\/usu1612\/2025\/05\/PHOTO-2025-05-12-10-15-36-1.jpg 2048w\" sizes=\"auto, (max-width: 1024px) 100vw, 1024px\" \/><\/a><a href=\"https:\/\/agora.xtec.cat\/ies-santa-eulalia\/wp-content\/uploads\/usu1612\/2025\/05\/PHOTO-2025-05-12-10-15-36.jpg\"><img loading=\"lazy\" decoding=\"async\" class=\"alignnone size-large wp-image-12732\" src=\"https:\/\/agora.xtec.cat\/ies-santa-eulalia\/wp-content\/uploads\/usu1612\/2025\/05\/PHOTO-2025-05-12-10-15-36-1024x696.jpg\" alt=\"\" width=\"1024\" height=\"696\" srcset=\"https:\/\/agora.xtec.cat\/ies-santa-eulalia\/wp-content\/uploads\/usu1612\/2025\/05\/PHOTO-2025-05-12-10-15-36-1024x696.jpg 1024w, https:\/\/agora.xtec.cat\/ies-santa-eulalia\/wp-content\/uploads\/usu1612\/2025\/05\/PHOTO-2025-05-12-10-15-36-300x204.jpg 300w, https:\/\/agora.xtec.cat\/ies-santa-eulalia\/wp-content\/uploads\/usu1612\/2025\/05\/PHOTO-2025-05-12-10-15-36-768x522.jpg 768w, https:\/\/agora.xtec.cat\/ies-santa-eulalia\/wp-content\/uploads\/usu1612\/2025\/05\/PHOTO-2025-05-12-10-15-36-1536x1044.jpg 1536w, https:\/\/agora.xtec.cat\/ies-santa-eulalia\/wp-content\/uploads\/usu1612\/2025\/05\/PHOTO-2025-05-12-10-15-36.jpg 2048w\" sizes=\"auto, (max-width: 1024px) 100vw, 1024px\" \/><\/a><\/p>\n","protected":false},"excerpt":{"rendered":"<p>Un any m\u00e9s, alguns alumnes de les primeres promocions que van estudiar a l&#8217;institut Santa Eul\u00e0lia, aleshores conegut com a &#8220;Centro Oficial de Patronato de Ense\u00f1anza Media&#8221;, han visitat les aules de 4t d&#8217;ESO. Ens han preparat un recorregut per la hist\u00f2ria de l&#8217;institut molt&hellip;  <a href=\"https:\/\/agora.xtec.cat\/ies-santa-eulalia\/general\/alumnes-primeres-promocions-ins-santa-eulalia\/\" title=\"Read Alumnes primeres promocions Ins Santa Eul\u00e0lia\">Llegeix m\u00e9s\u00bb<\/a><\/p>\n","protected":false},"author":15,"featured_media":0,"comment_status":"open","ping_status":"closed","sticky":false,"template":"","format":"standard","meta":{"_bbp_topic_count":0,"_bbp_reply_count":0,"_bbp_total_topic_count":0,"_bbp_total_reply_count":0,"_bbp_voice_count":0,"_bbp_anonymous_reply_count":0,"_bbp_topic_count_hidden":0,"_bbp_reply_count_hidden":0,"_bbp_forum_subforum_count":0,"footnotes":""},"categories":[3,1,29],"tags":[],"class_list":["post-12730","post","type-post","status-publish","format-standard","hentry","category-eso","category-general","category-portada"],"post_mailing_queue_ids":[],"_links":{"self":[{"href":"https:\/\/agora.xtec.cat\/ies-santa-eulalia\/wp-json\/wp\/v2\/posts\/12730","targetHints":{"allow":["GET"]}}],"collection":[{"href":"https:\/\/agora.xtec.cat\/ies-santa-eulalia\/wp-json\/wp\/v2\/posts"}],"about":[{"href":"https:\/\/agora.xtec.cat\/ies-santa-eulalia\/wp-json\/wp\/v2\/types\/post"}],"author":[{"embeddable":true,"href":"https:\/\/agora.xtec.cat\/ies-santa-eulalia\/wp-json\/wp\/v2\/users\/15"}],"replies":[{"embeddable":true,"href":"https:\/\/agora.xtec.cat\/ies-santa-eulalia\/wp-json\/wp\/v2\/comments?post=12730"}],"version-history":[{"count":2,"href":"https:\/\/agora.xtec.cat\/ies-santa-eulalia\/wp-json\/wp\/v2\/posts\/12730\/revisions"}],"predecessor-version":[{"id":12734,"href":"https:\/\/agora.xtec.cat\/ies-santa-eulalia\/wp-json\/wp\/v2\/posts\/12730\/revisions\/12734"}],"wp:attachment":[{"href":"https:\/\/agora.xtec.cat\/ies-santa-eulalia\/wp-json\/wp\/v2\/media?parent=12730"}],"wp:term":[{"taxonomy":"category","embeddable":true,"href":"https:\/\/agora.xtec.cat\/ies-santa-eulalia\/wp-json\/wp\/v2\/categories?post=12730"},{"taxonomy":"post_tag","embeddable":true,"href":"https:\/\/agora.xtec.cat\/ies-santa-eulalia\/wp-json\/wp\/v2\/tags?post=12730"}],"curies":[{"name":"wp","href":"https:\/\/api.w.org\/{rel}","templated":true}]}}