{"id":12688,"date":"2025-04-24T11:39:28","date_gmt":"2025-04-24T09:39:28","guid":{"rendered":"https:\/\/agora.xtec.cat\/ies-santa-eulalia\/?p=12688"},"modified":"2025-04-25T01:30:29","modified_gmt":"2025-04-24T23:30:29","slug":"el-gust-per-la-lectura-inbox-1r-deso","status":"publish","type":"post","link":"https:\/\/agora.xtec.cat\/ies-santa-eulalia\/general\/el-gust-per-la-lectura-inbox-1r-deso\/","title":{"rendered":"EL GUST PER LA LECTURA: &#8220;Inbox&#8221; (1r d\u2019ESO)"},"content":{"rendered":"<p>Un any m\u00e9s l&#8217;alumnat de <strong>1r d&#8217;ESO<\/strong> que cursa l&#8217;alternativa d&#8217;<strong><em>El gust per la lectura<\/em> <\/strong>participa al concurs organitzat pel Departament d&#8217;Educaci\u00f3.<\/p>\n<p>Enguany hem llegit la novel\u00b7la <strong><em>Inbox<\/em><\/strong>, de <strong>Care Santos<\/strong>, que t\u00e9 un format bastant especial: tota ella est\u00e0 escrita a partir de correus electr\u00f2nics. L&#8217;Al\u00e8xia, una noia de setze anys amb una vida molt complicada i que vol ser escriptora, decideix escriure un correu electr\u00f2nic al seu escriptor preferit, en Benedict Woodward. Per\u00f2 aix\u00f2 nom\u00e9s \u00e9s el comen\u00e7ament, perqu\u00e8 els esdeveniments prenen un curs molt sorprenent&#8230; La novel\u00b7la ens ha enganxat i ens ha agradat molt. Us la recomanem!<\/p>\n<p>Despr\u00e9s de llegir-la, hem fet una s\u00e8rie de <strong>projectes creatius<\/strong> (per grups) inspirats en la novel\u00b7la.<\/p>\n<p>Us deixem la sinopsi del llibre, per si us animeu a llegir-lo, i us compartim tamb\u00e9 els projectes que hem fet. Cliqueu als <strong>enlla\u00e7os<\/strong> de sota per veure&#8217;ls!<\/p>\n<p><a href=\"https:\/\/agora.xtec.cat\/ies-santa-eulalia\/wp-content\/uploads\/usu1612\/2025\/04\/9788468347394.jpg\"><img loading=\"lazy\" decoding=\"async\" class=\"wp-image-12689 alignleft\" src=\"https:\/\/agora.xtec.cat\/ies-santa-eulalia\/wp-content\/uploads\/usu1612\/2025\/04\/9788468347394.jpg\" alt=\"\" width=\"220\" height=\"361\" srcset=\"https:\/\/agora.xtec.cat\/ies-santa-eulalia\/wp-content\/uploads\/usu1612\/2025\/04\/9788468347394.jpg 552w, https:\/\/agora.xtec.cat\/ies-santa-eulalia\/wp-content\/uploads\/usu1612\/2025\/04\/9788468347394-183x300.jpg 183w\" sizes=\"auto, (max-width: 220px) 100vw, 220px\" \/><\/a><\/p>\n<h5><\/h5>\n<h5>&#8220;Soc l&#8221;Al\u00e8xia, tinc setze anys, vull ser escriptora i soc la seva m\u00e9s gran admiradora del planeta Terra. Els seus llibres m&#8217;han canviat totalment la vida, o m&#8217;han canviat a mi, o ho han canviat tot. Sense les seves obres jo seria una altra persona, m\u00e9s avorrida, m\u00e9s simple, o podria ser que no fos res en absolut. \u00c9s a dir, vost\u00e8 ha estat per a mi una persona realment -per\u00f2 realment- influent (o alguna cosa aix\u00ed). Segur que li han dit el mateix moltes vegades, per\u00f2 la meva hist\u00f2ria no es com les altres&#8221;. Amb aquest missatge de correu electr\u00f2nic, adre\u00e7at a l&#8217;enigm\u00e0tic escriptor Benedict Woodward, comen\u00e7a la relaci\u00f3 entre aquests dos personatges. I com diu la mateixa Al\u00e8xia: &#8220;No es una hist\u00f2ria com les altres, perqu\u00e8 res es el que sembla&#8221;.<\/h5>\n<p>&nbsp;<\/p>\n<p>&nbsp;<\/p>\n<p>&nbsp;<\/p>\n<p>&nbsp;<\/p>\n<p><strong>PROJECTES DE L&#8217;ALUMNAT<\/strong><\/p>\n<ul>\n<li><strong>CAN\u00c7\u00d3 I MAQUETA<\/strong>. La Jinan, la Rita, la Salma i la Dulce han fet una maqueta tot reproduint la imatge de la portada del llibre i han creat una can\u00e7\u00f3 inspirada en el llibre.\n<ul>\n<li><a style=\"color: #2795b6\" href=\"https:\/\/drive.google.com\/file\/d\/1LpkX3iN44eynS1ZWGv0Fti3SzcQLZEm1\/view?usp=sharing\">Maqueta<\/a><\/li>\n<li><a href=\"https:\/\/drive.google.com\/file\/d\/1fmesMqfBlfJNXL-Wcq1_Evh1jCM-tXaj\/view?usp=sharing\">Lletra can\u00e7\u00f3<\/a><\/li>\n<\/ul>\n<\/li>\n<li><strong>BIBLIOTR\u00c0ILER<\/strong>. La Chlo\u00e9, la Gabriela, la Noa i la Valeria han creat un tr\u00e0iler del llibre. <a href=\"https:\/\/drive.google.com\/file\/d\/1cmHihUT25PwEWH5-uSLYa4L4KX80PuE4\/view?usp=sharing\">Bibliotr\u00e0iler<\/a><\/li>\n<li><strong>CONTINUACI\u00d3 DE LA NOVEL\u00b7LA<\/strong>. La Laura, la Mireia, la Lidia i en Sergio han decidit continuar la novel\u00b7la, inventant-se el que els passa als personatges 8 anys despr\u00e9s, i mantenint el mateix estil i format de correus electr\u00f2nics. <a href=\"https:\/\/docs.google.com\/document\/d\/1hdoCtCNT4xWQbPhC8hX9uWUcdA-upK30\/edit?usp=sharing&amp;ouid=112918037249707687611&amp;rtpof=true&amp;sd=true\">Inbox. 8 anys despr\u00e9s&#8230;<\/a><\/li>\n<li><strong>VIDEOJOCS<\/strong>. L&#8217;Ezequiel, en Gerard, l&#8217;Ailin i en Dani han creat tres jocs inspirats en la novel\u00b7la. Els podeu jugar amb l&#8217;ordinador tot seguint les instruccions:\n<ul>\n<li><a style=\"color: #2795b6\" href=\"https:\/\/scratch.mit.edu\/projects\/1133758529\/\">Joc &#8220;Atrapa les cartes&#8221;<\/a><\/li>\n<li><a href=\"https:\/\/scratch.mit.edu\/projects\/1134206650\/\">Joc &#8220;Fora ratolins&#8221;<\/a><\/li>\n<li><a href=\"https:\/\/scratch.mit.edu\/projects\/1151004795\/\">Joc &#8220;Retoca les fotos de l&#8217;Al\u00e8xia&#8221;<\/a><\/li>\n<\/ul>\n<\/li>\n<li><strong>UN ALTRE FINAL<\/strong>. En Pep, en Teo i en Mario tamb\u00e9 han continuat la hist\u00f2ria de l&#8217;Al\u00e8xia, per\u00f2 en el seu cas el final \u00e9s totalment diferent. <a href=\"https:\/\/docs.google.com\/document\/d\/1relMLYcdAl82JdGYksSgQSQ5q_S1C65G\/edit?usp=sharing&amp;ouid=112918037249707687611&amp;rtpof=true&amp;sd=true\">Un altre final<\/a><\/li>\n<\/ul>\n","protected":false},"excerpt":{"rendered":"<p>Un any m\u00e9s l&#8217;alumnat de 1r d&#8217;ESO que cursa l&#8217;alternativa d&#8217;El gust per la lectura participa al concurs organitzat pel Departament d&#8217;Educaci\u00f3.<br \/>\nEnguany hem llegit la novel\u00b7la Inbox, de Care Santos, que t\u00e9 un format bastant especial: tota ella est\u00e0 escrita a partir de correus electr\u00f2nics.&hellip;  <a href=\"https:\/\/agora.xtec.cat\/ies-santa-eulalia\/general\/el-gust-per-la-lectura-inbox-1r-deso\/\" title=\"Read EL GUST PER LA LECTURA: &#8220;Inbox&#8221; (1r d\u2019ESO)\">Llegeix m\u00e9s\u00bb<\/a><\/p>\n","protected":false},"author":120,"featured_media":12689,"comment_status":"open","ping_status":"closed","sticky":false,"template":"","format":"standard","meta":{"_bbp_topic_count":0,"_bbp_reply_count":0,"_bbp_total_topic_count":0,"_bbp_total_reply_count":0,"_bbp_voice_count":0,"_bbp_anonymous_reply_count":0,"_bbp_topic_count_hidden":0,"_bbp_reply_count_hidden":0,"_bbp_forum_subforum_count":0,"footnotes":""},"categories":[3,1,29],"tags":[],"class_list":["post-12688","post","type-post","status-publish","format-standard","has-post-thumbnail","hentry","category-eso","category-general","category-portada"],"post_mailing_queue_ids":[],"_links":{"self":[{"href":"https:\/\/agora.xtec.cat\/ies-santa-eulalia\/wp-json\/wp\/v2\/posts\/12688","targetHints":{"allow":["GET"]}}],"collection":[{"href":"https:\/\/agora.xtec.cat\/ies-santa-eulalia\/wp-json\/wp\/v2\/posts"}],"about":[{"href":"https:\/\/agora.xtec.cat\/ies-santa-eulalia\/wp-json\/wp\/v2\/types\/post"}],"author":[{"embeddable":true,"href":"https:\/\/agora.xtec.cat\/ies-santa-eulalia\/wp-json\/wp\/v2\/users\/120"}],"replies":[{"embeddable":true,"href":"https:\/\/agora.xtec.cat\/ies-santa-eulalia\/wp-json\/wp\/v2\/comments?post=12688"}],"version-history":[{"count":6,"href":"https:\/\/agora.xtec.cat\/ies-santa-eulalia\/wp-json\/wp\/v2\/posts\/12688\/revisions"}],"predecessor-version":[{"id":12700,"href":"https:\/\/agora.xtec.cat\/ies-santa-eulalia\/wp-json\/wp\/v2\/posts\/12688\/revisions\/12700"}],"wp:featuredmedia":[{"embeddable":true,"href":"https:\/\/agora.xtec.cat\/ies-santa-eulalia\/wp-json\/wp\/v2\/media\/12689"}],"wp:attachment":[{"href":"https:\/\/agora.xtec.cat\/ies-santa-eulalia\/wp-json\/wp\/v2\/media?parent=12688"}],"wp:term":[{"taxonomy":"category","embeddable":true,"href":"https:\/\/agora.xtec.cat\/ies-santa-eulalia\/wp-json\/wp\/v2\/categories?post=12688"},{"taxonomy":"post_tag","embeddable":true,"href":"https:\/\/agora.xtec.cat\/ies-santa-eulalia\/wp-json\/wp\/v2\/tags?post=12688"}],"curies":[{"name":"wp","href":"https:\/\/api.w.org\/{rel}","templated":true}]}}