{"id":12640,"date":"2025-04-10T18:14:34","date_gmt":"2025-04-10T16:14:34","guid":{"rendered":"https:\/\/agora.xtec.cat\/ies-santa-eulalia\/?p=12640"},"modified":"2025-04-10T21:00:27","modified_gmt":"2025-04-10T19:00:27","slug":"15-dabril-dia-del-nen-i-ladolescent","status":"publish","type":"post","link":"https:\/\/agora.xtec.cat\/ies-santa-eulalia\/general\/15-dabril-dia-del-nen-i-ladolescent\/","title":{"rendered":"15 d&#8217;abril: dia del nen i l&#8217;adolescent"},"content":{"rendered":"<p><a href=\"https:\/\/agora.xtec.cat\/ies-santa-eulalia\/wp-content\/uploads\/usu1612\/2025\/04\/IMG_9284.heic\"><img decoding=\"async\" class=\"alignnone size-full wp-image-12642\" src=\"https:\/\/agora.xtec.cat\/ies-santa-eulalia\/wp-content\/uploads\/usu1612\/2025\/04\/IMG_9284.heic\" alt=\"\" \/><\/a> <a href=\"https:\/\/agora.xtec.cat\/ies-santa-eulalia\/wp-content\/uploads\/usu1612\/2025\/04\/15-abril.jpg\"><img loading=\"lazy\" decoding=\"async\" class=\"alignnone size-large wp-image-12643\" src=\"https:\/\/agora.xtec.cat\/ies-santa-eulalia\/wp-content\/uploads\/usu1612\/2025\/04\/15-abril-655x1024.jpg\" alt=\"\" width=\"655\" height=\"1024\" srcset=\"https:\/\/agora.xtec.cat\/ies-santa-eulalia\/wp-content\/uploads\/usu1612\/2025\/04\/15-abril-655x1024.jpg 655w, https:\/\/agora.xtec.cat\/ies-santa-eulalia\/wp-content\/uploads\/usu1612\/2025\/04\/15-abril-192x300.jpg 192w, https:\/\/agora.xtec.cat\/ies-santa-eulalia\/wp-content\/uploads\/usu1612\/2025\/04\/15-abril-768x1200.jpg 768w, https:\/\/agora.xtec.cat\/ies-santa-eulalia\/wp-content\/uploads\/usu1612\/2025\/04\/15-abril-983x1536.jpg 983w, https:\/\/agora.xtec.cat\/ies-santa-eulalia\/wp-content\/uploads\/usu1612\/2025\/04\/15-abril-1311x2048.jpg 1311w, https:\/\/agora.xtec.cat\/ies-santa-eulalia\/wp-content\/uploads\/usu1612\/2025\/04\/15-abril.jpg 1581w\" sizes=\"auto, (max-width: 655px) 100vw, 655px\" \/><\/a>Des de la Comissi\u00f3 de Coeducaci\u00f3 hem treballat a primer cicle el dia del nen i l&#8217;adolescent, que en Espanya \u00e9s el 15 d&#8217;abril.<\/p>\n<p>El nostre alumnat ha treballat la definici\u00f3 de nen segons els diccionaris de la RAE, l&#8217;IEC i tamb\u00e9 segons el Codi Penal.<\/p>\n<p>Han apr\u00e8s tamb\u00e9 la definici\u00f3 i caracter\u00edstiques de l&#8217;adolesc\u00e8ncia; aix\u00ed com els drets i deures dels adolescents. Per \u00faltim han buscat les lleis i associacions que vetllen per la protecci\u00f3 i responsabilitat dels menors.<\/p>\n<p>Considerem que \u00e9s un dia important, ja que ells s\u00f3n el futur i han d&#8217;aprendre a ser conscients dels seus drets, dels seus deures i on han de rec\u00f3rrer si es troben en una situaci\u00f3 dif\u00edcil.<\/p>\n<p>Aqu\u00ed us deixem un petit tast, esperem que us agradi&#8230; acompanyat de una col\u00b7laboraci\u00f3 de diferents cantants amb Save the children.<\/p>\n<p><iframe loading=\"lazy\" title=\"Y Si Fuera Ella - interpretado por 17 artistas : Save the Children\" width=\"500\" height=\"281\" src=\"https:\/\/www.youtube.com\/embed\/Lp711fQoBaA?feature=oembed\" frameborder=\"0\" allow=\"accelerometer; autoplay; clipboard-write; encrypted-media; gyroscope; picture-in-picture; web-share\" referrerpolicy=\"strict-origin-when-cross-origin\" allowfullscreen><\/iframe><\/p>\n<p><iframe loading=\"lazy\" src=\"https:\/\/drive.google.com\/file\/d\/15Je0_Qn_kTw1zwUZjG2RFTYtSRapgHbm\/preview\" width=\"640\" height=\"480\"><\/iframe><iframe loading=\"lazy\" src=\"https:\/\/drive.google.com\/file\/d\/1o1ORWUCQcXLjAXs1-bdIKPHAgfUQBGIP\/preview\" width=\"640\" height=\"480\"><\/iframe><iframe loading=\"lazy\" src=\"https:\/\/drive.google.com\/file\/d\/1XY-ZOtGmXFYcfsmVtRSM3OLIzQ4bNeOi\/preview\" width=\"640\" height=\"480\"><\/iframe><iframe loading=\"lazy\" src=\"https:\/\/drive.google.com\/file\/d\/1ugKRczSkeDpdoLnrNC9CDKNwz5DTgs25\/preview\" width=\"640\" height=\"480\"><\/iframe><iframe loading=\"lazy\" src=\"https:\/\/drive.google.com\/file\/d\/1eH3HCltl2ORNKGEPRXWFGJLdpkCfqNWl\/preview\" width=\"640\" height=\"480\"><\/iframe><iframe loading=\"lazy\" src=\"https:\/\/drive.google.com\/file\/d\/16zL5XVvvdg7buRTPj_AhaNuZ9mm-hhvr\/preview\" width=\"640\" height=\"480\"><\/iframe><iframe loading=\"lazy\" src=\"https:\/\/drive.google.com\/file\/d\/1z5FuXFxEs9WmCm702YHLSJZk_CFgQJ7_\/preview\" width=\"640\" height=\"480\"><\/iframe><iframe loading=\"lazy\" src=\"https:\/\/drive.google.com\/file\/d\/1al9wctC-Qg3e9KkCW29ogIP9CTT0JsUK\/preview\" width=\"640\" height=\"480\"><\/iframe><iframe loading=\"lazy\" src=\"https:\/\/drive.google.com\/file\/d\/1yQZRlpviSVZOnLVi_o2wQrOIyEM-7sv5\/preview\" width=\"640\" height=\"480\"><\/iframe><iframe loading=\"lazy\" src=\"https:\/\/drive.google.com\/file\/d\/1YlmX1UA7bdjmcGN12XhzMGJJx71Batbl\/preview\" width=\"640\" height=\"480\"><\/iframe><\/p>\n","protected":false},"excerpt":{"rendered":"<p><a href=\"https:\/\/agora.xtec.cat\/ies-santa-eulalia\/wp-content\/uploads\/usu1612\/2025\/04\/IMG_9284.heic\"><\/a> <a href=\"https:\/\/agora.xtec.cat\/ies-santa-eulalia\/wp-content\/uploads\/usu1612\/2025\/04\/15-abril.jpg\"><\/a>Des de la Comissi\u00f3 de Coeducaci\u00f3 hem treballat a primer cicle el dia del nen i l&#8217;adolescent, que en Espanya \u00e9s el 15 d&#8217;abril.<br \/>\nEl nostre alumnat ha treballat la definici\u00f3 de nen segons els diccionaris de la RAE, l&#8217;IEC i tamb\u00e9 segons&hellip;  <a href=\"https:\/\/agora.xtec.cat\/ies-santa-eulalia\/general\/15-dabril-dia-del-nen-i-ladolescent\/\" title=\"Read 15 d&#8217;abril: dia del nen i l&#8217;adolescent\">Llegeix m\u00e9s\u00bb<\/a><\/p>\n","protected":false},"author":117,"featured_media":12643,"comment_status":"open","ping_status":"closed","sticky":false,"template":"","format":"standard","meta":{"_bbp_topic_count":0,"_bbp_reply_count":0,"_bbp_total_topic_count":0,"_bbp_total_reply_count":0,"_bbp_voice_count":0,"_bbp_anonymous_reply_count":0,"_bbp_topic_count_hidden":0,"_bbp_reply_count_hidden":0,"_bbp_forum_subforum_count":0,"footnotes":""},"categories":[3,1,29],"tags":[],"class_list":["post-12640","post","type-post","status-publish","format-standard","has-post-thumbnail","hentry","category-eso","category-general","category-portada"],"post_mailing_queue_ids":[],"_links":{"self":[{"href":"https:\/\/agora.xtec.cat\/ies-santa-eulalia\/wp-json\/wp\/v2\/posts\/12640","targetHints":{"allow":["GET"]}}],"collection":[{"href":"https:\/\/agora.xtec.cat\/ies-santa-eulalia\/wp-json\/wp\/v2\/posts"}],"about":[{"href":"https:\/\/agora.xtec.cat\/ies-santa-eulalia\/wp-json\/wp\/v2\/types\/post"}],"author":[{"embeddable":true,"href":"https:\/\/agora.xtec.cat\/ies-santa-eulalia\/wp-json\/wp\/v2\/users\/117"}],"replies":[{"embeddable":true,"href":"https:\/\/agora.xtec.cat\/ies-santa-eulalia\/wp-json\/wp\/v2\/comments?post=12640"}],"version-history":[{"count":4,"href":"https:\/\/agora.xtec.cat\/ies-santa-eulalia\/wp-json\/wp\/v2\/posts\/12640\/revisions"}],"predecessor-version":[{"id":12646,"href":"https:\/\/agora.xtec.cat\/ies-santa-eulalia\/wp-json\/wp\/v2\/posts\/12640\/revisions\/12646"}],"wp:featuredmedia":[{"embeddable":true,"href":"https:\/\/agora.xtec.cat\/ies-santa-eulalia\/wp-json\/wp\/v2\/media\/12643"}],"wp:attachment":[{"href":"https:\/\/agora.xtec.cat\/ies-santa-eulalia\/wp-json\/wp\/v2\/media?parent=12640"}],"wp:term":[{"taxonomy":"category","embeddable":true,"href":"https:\/\/agora.xtec.cat\/ies-santa-eulalia\/wp-json\/wp\/v2\/categories?post=12640"},{"taxonomy":"post_tag","embeddable":true,"href":"https:\/\/agora.xtec.cat\/ies-santa-eulalia\/wp-json\/wp\/v2\/tags?post=12640"}],"curies":[{"name":"wp","href":"https:\/\/api.w.org\/{rel}","templated":true}]}}