{"id":12590,"date":"2025-04-03T17:41:31","date_gmt":"2025-04-03T15:41:31","guid":{"rendered":"https:\/\/agora.xtec.cat\/ies-santa-eulalia\/?p=12590"},"modified":"2025-04-03T17:45:50","modified_gmt":"2025-04-03T15:45:50","slug":"teatre-classic-al-joventut","status":"publish","type":"post","link":"https:\/\/agora.xtec.cat\/ies-santa-eulalia\/general\/teatre-classic-al-joventut\/","title":{"rendered":"Teatre cl\u00e0ssic al Joventut"},"content":{"rendered":"<p>Els antics romans comen\u00e7aven l&#8217;any al mes de mar\u00e7; enguany els hem homenatjat abans no acab\u00e9s el mes anant a veure una de les seves com\u00e8dies m\u00e9s populars al teatre Joventut: &#8220;Mostellaria&#8221; o &#8220;La com\u00e8dia del fantasma&#8221; de Plaute (lectura del programa de les PAU per 2n de BATX!).<\/p>\n<p>Els alumnes de 1r i 2n de batxillerat que cursen la mat\u00e8ria de llat\u00ed van poder gaudir de l&#8217;adaptaci\u00f3 feta pel grup malagueny <em>Alezeia<\/em> (&#8220;veritat&#8221; en grec) amb la resta d&#8217;Instituts que van venir de diferents punts de la prov\u00edncia.<\/p>\n<p>Llarga vida a Plaute!<\/p>\n<p><a href=\"https:\/\/agora.xtec.cat\/ies-santa-eulalia\/wp-content\/uploads\/usu1612\/2025\/04\/25-3-2025.jpg\"><img loading=\"lazy\" decoding=\"async\" class=\"alignnone  wp-image-12593\" src=\"https:\/\/agora.xtec.cat\/ies-santa-eulalia\/wp-content\/uploads\/usu1612\/2025\/04\/25-3-2025-300x225.jpg\" alt=\"\" width=\"323\" height=\"242\" srcset=\"https:\/\/agora.xtec.cat\/ies-santa-eulalia\/wp-content\/uploads\/usu1612\/2025\/04\/25-3-2025-300x225.jpg 300w, https:\/\/agora.xtec.cat\/ies-santa-eulalia\/wp-content\/uploads\/usu1612\/2025\/04\/25-3-2025-1024x768.jpg 1024w, https:\/\/agora.xtec.cat\/ies-santa-eulalia\/wp-content\/uploads\/usu1612\/2025\/04\/25-3-2025-768x576.jpg 768w, https:\/\/agora.xtec.cat\/ies-santa-eulalia\/wp-content\/uploads\/usu1612\/2025\/04\/25-3-2025-1536x1152.jpg 1536w, https:\/\/agora.xtec.cat\/ies-santa-eulalia\/wp-content\/uploads\/usu1612\/2025\/04\/25-3-2025-200x150.jpg 200w, https:\/\/agora.xtec.cat\/ies-santa-eulalia\/wp-content\/uploads\/usu1612\/2025\/04\/25-3-2025.jpg 2048w\" sizes=\"auto, (max-width: 323px) 100vw, 323px\" \/><\/a><\/p>\n","protected":false},"excerpt":{"rendered":"<p>Els antics romans comen\u00e7aven l&#8217;any al mes de mar\u00e7; enguany els hem homenatjat abans no acab\u00e9s el mes anant a veure una de les seves com\u00e8dies m\u00e9s populars al teatre Joventut: &#8220;Mostellaria&#8221; o &#8220;La com\u00e8dia del fantasma&#8221; de Plaute (lectura del programa de les PAU&hellip;  <a href=\"https:\/\/agora.xtec.cat\/ies-santa-eulalia\/general\/teatre-classic-al-joventut\/\" title=\"Read Teatre cl\u00e0ssic al Joventut\">Llegeix m\u00e9s\u00bb<\/a><\/p>\n","protected":false},"author":38,"featured_media":12591,"comment_status":"open","ping_status":"closed","sticky":false,"template":"","format":"standard","meta":{"_bbp_topic_count":0,"_bbp_reply_count":0,"_bbp_total_topic_count":0,"_bbp_total_reply_count":0,"_bbp_voice_count":0,"_bbp_anonymous_reply_count":0,"_bbp_topic_count_hidden":0,"_bbp_reply_count_hidden":0,"_bbp_forum_subforum_count":0,"footnotes":""},"categories":[8,1,29],"tags":[],"class_list":["post-12590","post","type-post","status-publish","format-standard","has-post-thumbnail","hentry","category-batxillerat","category-general","category-portada"],"post_mailing_queue_ids":[],"_links":{"self":[{"href":"https:\/\/agora.xtec.cat\/ies-santa-eulalia\/wp-json\/wp\/v2\/posts\/12590","targetHints":{"allow":["GET"]}}],"collection":[{"href":"https:\/\/agora.xtec.cat\/ies-santa-eulalia\/wp-json\/wp\/v2\/posts"}],"about":[{"href":"https:\/\/agora.xtec.cat\/ies-santa-eulalia\/wp-json\/wp\/v2\/types\/post"}],"author":[{"embeddable":true,"href":"https:\/\/agora.xtec.cat\/ies-santa-eulalia\/wp-json\/wp\/v2\/users\/38"}],"replies":[{"embeddable":true,"href":"https:\/\/agora.xtec.cat\/ies-santa-eulalia\/wp-json\/wp\/v2\/comments?post=12590"}],"version-history":[{"count":2,"href":"https:\/\/agora.xtec.cat\/ies-santa-eulalia\/wp-json\/wp\/v2\/posts\/12590\/revisions"}],"predecessor-version":[{"id":12594,"href":"https:\/\/agora.xtec.cat\/ies-santa-eulalia\/wp-json\/wp\/v2\/posts\/12590\/revisions\/12594"}],"wp:featuredmedia":[{"embeddable":true,"href":"https:\/\/agora.xtec.cat\/ies-santa-eulalia\/wp-json\/wp\/v2\/media\/12591"}],"wp:attachment":[{"href":"https:\/\/agora.xtec.cat\/ies-santa-eulalia\/wp-json\/wp\/v2\/media?parent=12590"}],"wp:term":[{"taxonomy":"category","embeddable":true,"href":"https:\/\/agora.xtec.cat\/ies-santa-eulalia\/wp-json\/wp\/v2\/categories?post=12590"},{"taxonomy":"post_tag","embeddable":true,"href":"https:\/\/agora.xtec.cat\/ies-santa-eulalia\/wp-json\/wp\/v2\/tags?post=12590"}],"curies":[{"name":"wp","href":"https:\/\/api.w.org\/{rel}","templated":true}]}}