{"id":12547,"date":"2025-03-25T22:05:23","date_gmt":"2025-03-25T21:05:23","guid":{"rendered":"https:\/\/agora.xtec.cat\/ies-santa-eulalia\/?p=12547"},"modified":"2025-04-02T17:43:09","modified_gmt":"2025-04-02T15:43:09","slug":"hachiko-sempre-al-teu-costat","status":"publish","type":"post","link":"https:\/\/agora.xtec.cat\/ies-santa-eulalia\/general\/hachiko-sempre-al-teu-costat\/","title":{"rendered":"Hachiko, sempre al teu costat"},"content":{"rendered":"<p><a href=\"https:\/\/agora.xtec.cat\/ies-santa-eulalia\/wp-content\/uploads\/usu1612\/2025\/03\/IMG_8815.heic\"><img decoding=\"async\" class=\"alignnone size-full wp-image-12549\" src=\"https:\/\/agora.xtec.cat\/ies-santa-eulalia\/wp-content\/uploads\/usu1612\/2025\/03\/IMG_8815.heic\" alt=\"\" \/><\/a><a href=\"https:\/\/agora.xtec.cat\/ies-santa-eulalia\/wp-content\/uploads\/usu1612\/2025\/03\/IMG_8812-scaled.jpg\"><img loading=\"lazy\" decoding=\"async\" class=\"alignnone size-large wp-image-12550\" src=\"https:\/\/agora.xtec.cat\/ies-santa-eulalia\/wp-content\/uploads\/usu1612\/2025\/03\/IMG_8812-1024x836.jpg\" alt=\"\" width=\"1024\" height=\"836\" srcset=\"https:\/\/agora.xtec.cat\/ies-santa-eulalia\/wp-content\/uploads\/usu1612\/2025\/03\/IMG_8812-1024x836.jpg 1024w, https:\/\/agora.xtec.cat\/ies-santa-eulalia\/wp-content\/uploads\/usu1612\/2025\/03\/IMG_8812-300x245.jpg 300w, https:\/\/agora.xtec.cat\/ies-santa-eulalia\/wp-content\/uploads\/usu1612\/2025\/03\/IMG_8812-768x627.jpg 768w, https:\/\/agora.xtec.cat\/ies-santa-eulalia\/wp-content\/uploads\/usu1612\/2025\/03\/IMG_8812-1536x1253.jpg 1536w, https:\/\/agora.xtec.cat\/ies-santa-eulalia\/wp-content\/uploads\/usu1612\/2025\/03\/IMG_8812-2048x1671.jpg 2048w\" sizes=\"auto, (max-width: 1024px) 100vw, 1024px\" \/><\/a>El professor Ueno recull un cadell per a la seva filla. Aviat, la relaci\u00f3 entre el professor i l&#8217;Hachiko, el gos, esdev\u00e9 especial. Cada mat\u00ed l&#8217;acompanya a l&#8217;estaci\u00f3 i, cada tarda, espera el seu retorn a dos quarts de sis. Cada dia laborable. Cada mes. Cada any. S&#8217;ha forjat una relaci\u00f3 basada en l&#8217;amistat i la fidelitat. I res no la pot trencar&#8230;<\/p>\n<p>El nostre alumnat de 1r ESO des de la mat\u00e8ria de Lengua y literatura castellana han llegit la novel\u00b7la i han elaborat aquests creatius diorames i llibres en caixa on representen cap\u00edtols importants del llibre, aix\u00ed com personatges o d&#8217;altres elements representatius.<\/p>\n<p>El nostre alumnat ha treballat en treball cooperatiu i han desenvolupat compet\u00e8ncies com l&#8217;expressi\u00f3 escrita, la cerca d&#8217;informaci\u00f3 i la representaci\u00f3 pl\u00e0stica de diferents escenes i elements.<\/p>\n<p>Esperem que gaudiu de l&#8217;exposici\u00f3 Hachiko tant com nosaltres hem gaudit preparant-la.<\/p>\n<p>Una felicitaci\u00f3 per al nostre alumnat.<\/p>\n<p><iframe loading=\"lazy\" src=\"https:\/\/drive.google.com\/file\/d\/1NDHz_AL_kPcqY45zUfEkZvWWgmnUw25h\/preview\" width=\"640\" height=\"480\"><\/iframe><iframe loading=\"lazy\" src=\"https:\/\/drive.google.com\/file\/d\/1aNOlDL5Nr9O5U5CxxO5TvUaXzwI-3wIM\/preview\" width=\"640\" height=\"480\"><\/iframe><iframe loading=\"lazy\" src=\"https:\/\/drive.google.com\/file\/d\/1umYPB2nkVn6Vr4-3cKKxjqxxOLDbnUjC\/preview\" width=\"640\" height=\"480\"><\/iframe><iframe loading=\"lazy\" src=\"https:\/\/drive.google.com\/file\/d\/17TtPPzXoxL9gMjrY4BKRPdxvpB8LDTQZ\/preview\" width=\"640\" height=\"480\"><\/iframe><iframe loading=\"lazy\" src=\"https:\/\/drive.google.com\/file\/d\/1JuoD2vHkMUvFHQXGnRh5ZVRZqK5CdHrU\/preview\" width=\"640\" height=\"480\"><\/iframe><iframe loading=\"lazy\" src=\"https:\/\/drive.google.com\/file\/d\/1oE_if5IXsjhccejiceq5lKJhtJAiAtnv\/preview\" width=\"640\" height=\"480\"><\/iframe><\/p>\n","protected":false},"excerpt":{"rendered":"<p><a href=\"https:\/\/agora.xtec.cat\/ies-santa-eulalia\/wp-content\/uploads\/usu1612\/2025\/03\/IMG_8815.heic\"><\/a><a href=\"https:\/\/agora.xtec.cat\/ies-santa-eulalia\/wp-content\/uploads\/usu1612\/2025\/03\/IMG_8812-scaled.jpg\"><\/a>El professor Ueno recull un cadell per a la seva filla. Aviat, la relaci\u00f3 entre el professor i l&#8217;Hachiko, el gos, esdev\u00e9 especial. Cada mat\u00ed l&#8217;acompanya a l&#8217;estaci\u00f3 i, cada tarda, espera el seu retorn a dos quarts de sis. Cada dia laborable.&hellip;  <a href=\"https:\/\/agora.xtec.cat\/ies-santa-eulalia\/general\/hachiko-sempre-al-teu-costat\/\" title=\"Read Hachiko, sempre al teu costat\">Llegeix m\u00e9s\u00bb<\/a><\/p>\n","protected":false},"author":117,"featured_media":12550,"comment_status":"open","ping_status":"closed","sticky":false,"template":"","format":"standard","meta":{"_bbp_topic_count":0,"_bbp_reply_count":0,"_bbp_total_topic_count":0,"_bbp_total_reply_count":0,"_bbp_voice_count":0,"_bbp_anonymous_reply_count":0,"_bbp_topic_count_hidden":0,"_bbp_reply_count_hidden":0,"_bbp_forum_subforum_count":0,"footnotes":""},"categories":[214,3,1,29],"tags":[],"class_list":["post-12547","post","type-post","status-publish","format-standard","has-post-thumbnail","hentry","category-activitats-castella","category-eso","category-general","category-portada"],"post_mailing_queue_ids":[],"_links":{"self":[{"href":"https:\/\/agora.xtec.cat\/ies-santa-eulalia\/wp-json\/wp\/v2\/posts\/12547","targetHints":{"allow":["GET"]}}],"collection":[{"href":"https:\/\/agora.xtec.cat\/ies-santa-eulalia\/wp-json\/wp\/v2\/posts"}],"about":[{"href":"https:\/\/agora.xtec.cat\/ies-santa-eulalia\/wp-json\/wp\/v2\/types\/post"}],"author":[{"embeddable":true,"href":"https:\/\/agora.xtec.cat\/ies-santa-eulalia\/wp-json\/wp\/v2\/users\/117"}],"replies":[{"embeddable":true,"href":"https:\/\/agora.xtec.cat\/ies-santa-eulalia\/wp-json\/wp\/v2\/comments?post=12547"}],"version-history":[{"count":2,"href":"https:\/\/agora.xtec.cat\/ies-santa-eulalia\/wp-json\/wp\/v2\/posts\/12547\/revisions"}],"predecessor-version":[{"id":12551,"href":"https:\/\/agora.xtec.cat\/ies-santa-eulalia\/wp-json\/wp\/v2\/posts\/12547\/revisions\/12551"}],"wp:featuredmedia":[{"embeddable":true,"href":"https:\/\/agora.xtec.cat\/ies-santa-eulalia\/wp-json\/wp\/v2\/media\/12550"}],"wp:attachment":[{"href":"https:\/\/agora.xtec.cat\/ies-santa-eulalia\/wp-json\/wp\/v2\/media?parent=12547"}],"wp:term":[{"taxonomy":"category","embeddable":true,"href":"https:\/\/agora.xtec.cat\/ies-santa-eulalia\/wp-json\/wp\/v2\/categories?post=12547"},{"taxonomy":"post_tag","embeddable":true,"href":"https:\/\/agora.xtec.cat\/ies-santa-eulalia\/wp-json\/wp\/v2\/tags?post=12547"}],"curies":[{"name":"wp","href":"https:\/\/api.w.org\/{rel}","templated":true}]}}