{"id":12527,"date":"2025-04-08T13:24:09","date_gmt":"2025-04-08T11:24:09","guid":{"rendered":"https:\/\/agora.xtec.cat\/ies-santa-eulalia\/?p=12527"},"modified":"2025-04-08T13:24:09","modified_gmt":"2025-04-08T11:24:09","slug":"dia-internacional-de-les-matematiques-2025-i-jvm-2025","status":"publish","type":"post","link":"https:\/\/agora.xtec.cat\/ies-santa-eulalia\/general\/dia-internacional-de-les-matematiques-2025-i-jvm-2025\/","title":{"rendered":"Dia internacional de les matem\u00e0tiques 2025 i JVM 2025"},"content":{"rendered":"<p>El passat 14\/3, amb motiu del dia internacional de les matem\u00e0tiques, al COPEM vam celebrar el Pi-day (3,14), fent diverses activitats relacionades amb el nombre Pi, la C\u00fapula de\u00a0 Leonardo o amb els fractals.<\/p>\n<p><a href=\"https:\/\/agora.xtec.cat\/ies-santa-eulalia\/wp-content\/uploads\/usu1612\/2023\/03\/WhatsApp-Image-2023-03-14-at-13.20.081-1.jpeg\"><img loading=\"lazy\" decoding=\"async\" class=\"alignnone size-large wp-image-9983\" src=\"https:\/\/agora.xtec.cat\/ies-santa-eulalia\/wp-content\/uploads\/usu1612\/2023\/03\/WhatsApp-Image-2023-03-14-at-13.20.081-1-1024x768.jpeg\" alt=\"\" width=\"1024\" height=\"768\" srcset=\"https:\/\/agora.xtec.cat\/ies-santa-eulalia\/wp-content\/uploads\/usu1612\/2023\/03\/WhatsApp-Image-2023-03-14-at-13.20.081-1-1024x768.jpeg 1024w, https:\/\/agora.xtec.cat\/ies-santa-eulalia\/wp-content\/uploads\/usu1612\/2023\/03\/WhatsApp-Image-2023-03-14-at-13.20.081-1-300x225.jpeg 300w, https:\/\/agora.xtec.cat\/ies-santa-eulalia\/wp-content\/uploads\/usu1612\/2023\/03\/WhatsApp-Image-2023-03-14-at-13.20.081-1-768x576.jpeg 768w, https:\/\/agora.xtec.cat\/ies-santa-eulalia\/wp-content\/uploads\/usu1612\/2023\/03\/WhatsApp-Image-2023-03-14-at-13.20.081-1-1536x1152.jpeg 1536w, https:\/\/agora.xtec.cat\/ies-santa-eulalia\/wp-content\/uploads\/usu1612\/2023\/03\/WhatsApp-Image-2023-03-14-at-13.20.081-1-200x150.jpeg 200w, https:\/\/agora.xtec.cat\/ies-santa-eulalia\/wp-content\/uploads\/usu1612\/2023\/03\/WhatsApp-Image-2023-03-14-at-13.20.081-1.jpeg 2016w\" sizes=\"auto, (max-width: 1024px) 100vw, 1024px\" \/><\/a><\/p>\n<p>Els alumnes de 1r de l&#8217;ESO, en estar de col\u00f2nies,\u00a0 vam celebrar el dia fent la Jornada Virtual Matem\u00e0tica, per\u00f2 el vam ajornar a la seg\u00fcent setmana, el dia 25\/3.<\/p>\n<p>La JVM consistia en un joc de pistes que havien de resoldre el alumnes per descobrir on havia anat a parar un objecte que alg\u00fa havia robat de les nostres aules.\u00a0 Les nostres ag\u00e8ncies investigadores,els naturals, els enters, els\u00a0 C\u00e0lculs amb C, els Pi-investigadors i els 100% D,van resoldre els enigmes i van trobar l&#8217;objecte robat.<\/p>\n<table style=\"width: 100%\">\n<tbody>\n<tr>\n<td style=\"width: 12.2853%\"><a href=\"https:\/\/agora.xtec.cat\/ies-santa-eulalia\/wp-content\/uploads\/usu1612\/2025\/03\/Els-enters.jpg\"><img loading=\"lazy\" decoding=\"async\" class=\"alignnone size-large wp-image-12563\" src=\"https:\/\/agora.xtec.cat\/ies-santa-eulalia\/wp-content\/uploads\/usu1612\/2025\/03\/Els-enters-970x1024.jpg\" alt=\"\" width=\"970\" height=\"1024\" srcset=\"https:\/\/agora.xtec.cat\/ies-santa-eulalia\/wp-content\/uploads\/usu1612\/2025\/03\/Els-enters-970x1024.jpg 970w, https:\/\/agora.xtec.cat\/ies-santa-eulalia\/wp-content\/uploads\/usu1612\/2025\/03\/Els-enters-284x300.jpg 284w, https:\/\/agora.xtec.cat\/ies-santa-eulalia\/wp-content\/uploads\/usu1612\/2025\/03\/Els-enters-768x811.jpg 768w, https:\/\/agora.xtec.cat\/ies-santa-eulalia\/wp-content\/uploads\/usu1612\/2025\/03\/Els-enters-1455x1536.jpg 1455w, https:\/\/agora.xtec.cat\/ies-santa-eulalia\/wp-content\/uploads\/usu1612\/2025\/03\/Els-enters.jpg 1516w\" sizes=\"auto, (max-width: 970px) 100vw, 970px\" \/><\/a><\/td>\n<td style=\"width: 23.3818%\"><a href=\"https:\/\/agora.xtec.cat\/ies-santa-eulalia\/wp-content\/uploads\/usu1612\/2025\/03\/Els-naturals.jpg\"><img loading=\"lazy\" decoding=\"async\" class=\"alignnone size-large wp-image-12564\" src=\"https:\/\/agora.xtec.cat\/ies-santa-eulalia\/wp-content\/uploads\/usu1612\/2025\/03\/Els-naturals-1024x982.jpg\" alt=\"\" width=\"1024\" height=\"982\" srcset=\"https:\/\/agora.xtec.cat\/ies-santa-eulalia\/wp-content\/uploads\/usu1612\/2025\/03\/Els-naturals-1024x982.jpg 1024w, https:\/\/agora.xtec.cat\/ies-santa-eulalia\/wp-content\/uploads\/usu1612\/2025\/03\/Els-naturals-300x288.jpg 300w, https:\/\/agora.xtec.cat\/ies-santa-eulalia\/wp-content\/uploads\/usu1612\/2025\/03\/Els-naturals-768x736.jpg 768w, https:\/\/agora.xtec.cat\/ies-santa-eulalia\/wp-content\/uploads\/usu1612\/2025\/03\/Els-naturals-1536x1473.jpg 1536w, https:\/\/agora.xtec.cat\/ies-santa-eulalia\/wp-content\/uploads\/usu1612\/2025\/03\/Els-naturals.jpg 1600w\" sizes=\"auto, (max-width: 1024px) 100vw, 1024px\" \/><\/a><\/td>\n<td style=\"width: 19.6829%\"><img loading=\"lazy\" decoding=\"async\" class=\"alignnone size-large wp-image-12562\" src=\"https:\/\/agora.xtec.cat\/ies-santa-eulalia\/wp-content\/uploads\/usu1612\/2025\/03\/CalculsambC.png\" alt=\"\" width=\"256\" height=\"203\" \/><\/td>\n<td style=\"width: 21.5323%\"><a href=\"https:\/\/agora.xtec.cat\/ies-santa-eulalia\/wp-content\/uploads\/usu1612\/2025\/03\/Pi-investigacio.jpeg\"><img loading=\"lazy\" decoding=\"async\" class=\"alignnone size-large wp-image-12565\" src=\"https:\/\/agora.xtec.cat\/ies-santa-eulalia\/wp-content\/uploads\/usu1612\/2025\/03\/Pi-investigacio-768x1024.jpeg\" alt=\"\" width=\"768\" height=\"1024\" srcset=\"https:\/\/agora.xtec.cat\/ies-santa-eulalia\/wp-content\/uploads\/usu1612\/2025\/03\/Pi-investigacio-768x1024.jpeg 768w, https:\/\/agora.xtec.cat\/ies-santa-eulalia\/wp-content\/uploads\/usu1612\/2025\/03\/Pi-investigacio-225x300.jpeg 225w, https:\/\/agora.xtec.cat\/ies-santa-eulalia\/wp-content\/uploads\/usu1612\/2025\/03\/Pi-investigacio-1152x1536.jpeg 1152w, https:\/\/agora.xtec.cat\/ies-santa-eulalia\/wp-content\/uploads\/usu1612\/2025\/03\/Pi-investigacio.jpeg 1500w\" sizes=\"auto, (max-width: 768px) 100vw, 768px\" \/><\/a><\/td>\n<td style=\"width: 21.5323%\"><a href=\"https:\/\/agora.xtec.cat\/ies-santa-eulalia\/wp-content\/uploads\/usu1612\/2025\/03\/100investigacio.png\"><img loading=\"lazy\" decoding=\"async\" class=\"alignnone wp-image-12561\" src=\"https:\/\/agora.xtec.cat\/ies-santa-eulalia\/wp-content\/uploads\/usu1612\/2025\/03\/100investigacio.png\" alt=\"\" width=\"204\" height=\"140\" srcset=\"https:\/\/agora.xtec.cat\/ies-santa-eulalia\/wp-content\/uploads\/usu1612\/2025\/03\/100investigacio.png 307w, https:\/\/agora.xtec.cat\/ies-santa-eulalia\/wp-content\/uploads\/usu1612\/2025\/03\/100investigacio-300x206.png 300w\" sizes=\"auto, (max-width: 204px) 100vw, 204px\" \/><\/a><\/td>\n<\/tr>\n<\/tbody>\n<\/table>\n<p>Els tallers pels alumnes de 2n, 3r i 4t\u00a0 estaven dividits en dues hores.<\/p>\n<p>Durant la primera hora, els alumnes, amb ajuda dels seus companys de batxillerat que havien preparat molt b\u00e9 la tasca, van trobar aproximacions molt bones del nombre Pi fent servir la geometria,van construir la C\u00f9pula de Leonardo o van participar en una competici\u00f3 d&#8217;enigmes matem\u00e0tics. Alguns tamb\u00e9 van xifrar i desxifrar missatges fent servir una replica de la m\u00e0quina enigma.<\/p>\n<table style=\"width: 100%\">\n<tbody>\n<tr>\n<td style=\"width: 24.7027%\"><a href=\"https:\/\/agora.xtec.cat\/ies-santa-eulalia\/wp-content\/uploads\/usu1612\/2025\/03\/2025-04-08-11_49_52-2n-ESO-Aprox-pel-radi-Departament-Google-Drive-\u2014-Mozilla-Firefox.png\"><img loading=\"lazy\" decoding=\"async\" class=\"alignnone wp-image-12615\" src=\"https:\/\/agora.xtec.cat\/ies-santa-eulalia\/wp-content\/uploads\/usu1612\/2025\/03\/2025-04-08-11_49_52-2n-ESO-Aprox-pel-radi-Departament-Google-Drive-\u2014-Mozilla-Firefox.png\" alt=\"\" width=\"177\" height=\"236\" srcset=\"https:\/\/agora.xtec.cat\/ies-santa-eulalia\/wp-content\/uploads\/usu1612\/2025\/03\/2025-04-08-11_49_52-2n-ESO-Aprox-pel-radi-Departament-Google-Drive-\u2014-Mozilla-Firefox.png 518w, https:\/\/agora.xtec.cat\/ies-santa-eulalia\/wp-content\/uploads\/usu1612\/2025\/03\/2025-04-08-11_49_52-2n-ESO-Aprox-pel-radi-Departament-Google-Drive-\u2014-Mozilla-Firefox-225x300.png 225w\" sizes=\"auto, (max-width: 177px) 100vw, 177px\" \/><\/a><\/td>\n<td style=\"width: 39.6302%\"><a href=\"https:\/\/agora.xtec.cat\/ies-santa-eulalia\/wp-content\/uploads\/usu1612\/2025\/03\/20250314_1048141.jpg\"><img loading=\"lazy\" decoding=\"async\" class=\"alignnone wp-image-12616\" src=\"https:\/\/agora.xtec.cat\/ies-santa-eulalia\/wp-content\/uploads\/usu1612\/2025\/03\/20250314_1048141-1024x768.jpg\" alt=\"\" width=\"450\" height=\"338\" srcset=\"https:\/\/agora.xtec.cat\/ies-santa-eulalia\/wp-content\/uploads\/usu1612\/2025\/03\/20250314_1048141-1024x768.jpg 1024w, https:\/\/agora.xtec.cat\/ies-santa-eulalia\/wp-content\/uploads\/usu1612\/2025\/03\/20250314_1048141-300x225.jpg 300w, https:\/\/agora.xtec.cat\/ies-santa-eulalia\/wp-content\/uploads\/usu1612\/2025\/03\/20250314_1048141-768x576.jpg 768w, https:\/\/agora.xtec.cat\/ies-santa-eulalia\/wp-content\/uploads\/usu1612\/2025\/03\/20250314_1048141-1536x1152.jpg 1536w, https:\/\/agora.xtec.cat\/ies-santa-eulalia\/wp-content\/uploads\/usu1612\/2025\/03\/20250314_1048141-200x150.jpg 200w, https:\/\/agora.xtec.cat\/ies-santa-eulalia\/wp-content\/uploads\/usu1612\/2025\/03\/20250314_1048141.jpg 1648w\" sizes=\"auto, (max-width: 450px) 100vw, 450px\" \/><\/a><a href=\"https:\/\/agora.xtec.cat\/ies-santa-eulalia\/wp-content\/uploads\/usu1612\/2025\/03\/IMG_3270-rotated.jpg\"><img loading=\"lazy\" decoding=\"async\" class=\"alignnone size-large wp-image-12617\" src=\"https:\/\/agora.xtec.cat\/ies-santa-eulalia\/wp-content\/uploads\/usu1612\/2025\/03\/IMG_3270-rotated.jpg\" alt=\"\" width=\"240\" height=\"320\" srcset=\"https:\/\/agora.xtec.cat\/ies-santa-eulalia\/wp-content\/uploads\/usu1612\/2025\/03\/IMG_3270-rotated.jpg 240w, https:\/\/agora.xtec.cat\/ies-santa-eulalia\/wp-content\/uploads\/usu1612\/2025\/03\/IMG_3270-225x300.jpg 225w\" sizes=\"auto, (max-width: 240px) 100vw, 240px\" \/><\/a><\/td>\n<td style=\"width: 32.6288%\"><a href=\"https:\/\/agora.xtec.cat\/ies-santa-eulalia\/wp-content\/uploads\/usu1612\/2025\/04\/PHOTO-2025-04-08-10-36-06.jpg\"><img loading=\"lazy\" decoding=\"async\" class=\"alignnone wp-image-12618\" src=\"https:\/\/agora.xtec.cat\/ies-santa-eulalia\/wp-content\/uploads\/usu1612\/2025\/04\/PHOTO-2025-04-08-10-36-06-1024x768.jpg\" alt=\"\" width=\"469\" height=\"352\" srcset=\"https:\/\/agora.xtec.cat\/ies-santa-eulalia\/wp-content\/uploads\/usu1612\/2025\/04\/PHOTO-2025-04-08-10-36-06-1024x768.jpg 1024w, https:\/\/agora.xtec.cat\/ies-santa-eulalia\/wp-content\/uploads\/usu1612\/2025\/04\/PHOTO-2025-04-08-10-36-06-300x225.jpg 300w, https:\/\/agora.xtec.cat\/ies-santa-eulalia\/wp-content\/uploads\/usu1612\/2025\/04\/PHOTO-2025-04-08-10-36-06-768x576.jpg 768w, https:\/\/agora.xtec.cat\/ies-santa-eulalia\/wp-content\/uploads\/usu1612\/2025\/04\/PHOTO-2025-04-08-10-36-06-1536x1152.jpg 1536w, https:\/\/agora.xtec.cat\/ies-santa-eulalia\/wp-content\/uploads\/usu1612\/2025\/04\/PHOTO-2025-04-08-10-36-06-200x150.jpg 200w, https:\/\/agora.xtec.cat\/ies-santa-eulalia\/wp-content\/uploads\/usu1612\/2025\/04\/PHOTO-2025-04-08-10-36-06.jpg 1600w\" sizes=\"auto, (max-width: 469px) 100vw, 469px\" \/><\/a><\/td>\n<\/tr>\n<tr>\n<td style=\"width: 24.7027%\" colspan=\"3\"><div style=\"width: 848px;\" class=\"wp-video\"><!--[if lt IE 9]><script>document.createElement('video');<\/script><![endif]-->\n<video class=\"wp-video-shortcode\" id=\"video-12527-1\" width=\"848\" height=\"478\" preload=\"metadata\" controls=\"controls\"><source type=\"video\/mp4\" src=\"https:\/\/agora.xtec.cat\/ies-santa-eulalia\/wp-content\/uploads\/usu1612\/2025\/04\/WhatsApp-Video-2025-03-31-at-17.20.46-1.mp4?_=1\" \/><a href=\"https:\/\/agora.xtec.cat\/ies-santa-eulalia\/wp-content\/uploads\/usu1612\/2025\/04\/WhatsApp-Video-2025-03-31-at-17.20.46-1.mp4\">https:\/\/agora.xtec.cat\/ies-santa-eulalia\/wp-content\/uploads\/usu1612\/2025\/04\/WhatsApp-Video-2025-03-31-at-17.20.46-1.mp4<\/a><\/video><\/div><\/td>\n<\/tr>\n<\/tbody>\n<\/table>\n<p>Durant la segona hora, alguns alumnes vam construir un Skyline de diferents ciutats del mon i altres van construir fractals amb papers.<\/p>\n<table style=\"width: 98.5881%\">\n<tbody>\n<tr>\n<td style=\"width: 35.3887%\"><a href=\"https:\/\/agora.xtec.cat\/ies-santa-eulalia\/wp-content\/uploads\/usu1612\/2024\/03\/WhatsApp-Image-2024-03-14-at-12.31.581.jpeg\"><img loading=\"lazy\" decoding=\"async\" class=\"alignnone size-large wp-image-11339\" src=\"https:\/\/agora.xtec.cat\/ies-santa-eulalia\/wp-content\/uploads\/usu1612\/2024\/03\/WhatsApp-Image-2024-03-14-at-12.31.581-1024x1024.jpeg\" alt=\"\" width=\"1024\" height=\"1024\" srcset=\"https:\/\/agora.xtec.cat\/ies-santa-eulalia\/wp-content\/uploads\/usu1612\/2024\/03\/WhatsApp-Image-2024-03-14-at-12.31.581-1024x1024.jpeg 1024w, https:\/\/agora.xtec.cat\/ies-santa-eulalia\/wp-content\/uploads\/usu1612\/2024\/03\/WhatsApp-Image-2024-03-14-at-12.31.581-300x300.jpeg 300w, https:\/\/agora.xtec.cat\/ies-santa-eulalia\/wp-content\/uploads\/usu1612\/2024\/03\/WhatsApp-Image-2024-03-14-at-12.31.581-150x150.jpeg 150w, https:\/\/agora.xtec.cat\/ies-santa-eulalia\/wp-content\/uploads\/usu1612\/2024\/03\/WhatsApp-Image-2024-03-14-at-12.31.581-768x768.jpeg 768w, https:\/\/agora.xtec.cat\/ies-santa-eulalia\/wp-content\/uploads\/usu1612\/2024\/03\/WhatsApp-Image-2024-03-14-at-12.31.581.jpeg 1512w\" sizes=\"auto, (max-width: 1024px) 100vw, 1024px\" \/><\/a><\/td>\n<td style=\"width: 36.059%\">\u00a0<a href=\"https:\/\/agora.xtec.cat\/ies-santa-eulalia\/wp-content\/uploads\/usu1612\/2024\/03\/WhatsApp-Image-2024-03-14-at-12.33.581.jpeg\"><img loading=\"lazy\" decoding=\"async\" class=\"alignnone size-large wp-image-11337\" src=\"https:\/\/agora.xtec.cat\/ies-santa-eulalia\/wp-content\/uploads\/usu1612\/2024\/03\/WhatsApp-Image-2024-03-14-at-12.33.581-1024x1024.jpeg\" alt=\"\" width=\"1024\" height=\"1024\" srcset=\"https:\/\/agora.xtec.cat\/ies-santa-eulalia\/wp-content\/uploads\/usu1612\/2024\/03\/WhatsApp-Image-2024-03-14-at-12.33.581-1024x1024.jpeg 1024w, https:\/\/agora.xtec.cat\/ies-santa-eulalia\/wp-content\/uploads\/usu1612\/2024\/03\/WhatsApp-Image-2024-03-14-at-12.33.581-300x300.jpeg 300w, https:\/\/agora.xtec.cat\/ies-santa-eulalia\/wp-content\/uploads\/usu1612\/2024\/03\/WhatsApp-Image-2024-03-14-at-12.33.581-150x150.jpeg 150w, https:\/\/agora.xtec.cat\/ies-santa-eulalia\/wp-content\/uploads\/usu1612\/2024\/03\/WhatsApp-Image-2024-03-14-at-12.33.581-768x768.jpeg 768w, https:\/\/agora.xtec.cat\/ies-santa-eulalia\/wp-content\/uploads\/usu1612\/2024\/03\/WhatsApp-Image-2024-03-14-at-12.33.581.jpeg 1512w\" sizes=\"auto, (max-width: 1024px) 100vw, 1024px\" \/><\/a><\/td>\n<td style=\"width: 27.3458%\"><\/td>\n<\/tr>\n<tr>\n<td style=\"width: 35.3887%\"><a href=\"https:\/\/agora.xtec.cat\/ies-santa-eulalia\/wp-content\/uploads\/usu1612\/2025\/04\/skyline1.jpg\"><img loading=\"lazy\" decoding=\"async\" class=\"alignnone size-full wp-image-12621\" src=\"https:\/\/agora.xtec.cat\/ies-santa-eulalia\/wp-content\/uploads\/usu1612\/2025\/04\/skyline1.jpg\" alt=\"\" width=\"1000\" height=\"750\" srcset=\"https:\/\/agora.xtec.cat\/ies-santa-eulalia\/wp-content\/uploads\/usu1612\/2025\/04\/skyline1.jpg 1000w, https:\/\/agora.xtec.cat\/ies-santa-eulalia\/wp-content\/uploads\/usu1612\/2025\/04\/skyline1-300x225.jpg 300w, https:\/\/agora.xtec.cat\/ies-santa-eulalia\/wp-content\/uploads\/usu1612\/2025\/04\/skyline1-768x576.jpg 768w, https:\/\/agora.xtec.cat\/ies-santa-eulalia\/wp-content\/uploads\/usu1612\/2025\/04\/skyline1-200x150.jpg 200w\" sizes=\"auto, (max-width: 1000px) 100vw, 1000px\" \/><\/a><\/td>\n<td style=\"width: 36.059%\"><a href=\"https:\/\/agora.xtec.cat\/ies-santa-eulalia\/wp-content\/uploads\/usu1612\/2025\/04\/skyline2-rotated.jpg\"><img loading=\"lazy\" decoding=\"async\" class=\"alignnone size-large wp-image-12622\" src=\"https:\/\/agora.xtec.cat\/ies-santa-eulalia\/wp-content\/uploads\/usu1612\/2025\/04\/skyline2-768x1024.jpg\" alt=\"\" width=\"768\" height=\"1024\" srcset=\"https:\/\/agora.xtec.cat\/ies-santa-eulalia\/wp-content\/uploads\/usu1612\/2025\/04\/skyline2-768x1024.jpg 768w, https:\/\/agora.xtec.cat\/ies-santa-eulalia\/wp-content\/uploads\/usu1612\/2025\/04\/skyline2-225x300.jpg 225w, https:\/\/agora.xtec.cat\/ies-santa-eulalia\/wp-content\/uploads\/usu1612\/2025\/04\/skyline2-rotated.jpg 1000w\" sizes=\"auto, (max-width: 768px) 100vw, 768px\" \/><\/a><\/td>\n<td style=\"width: 27.3458%\"><a href=\"https:\/\/agora.xtec.cat\/ies-santa-eulalia\/wp-content\/uploads\/usu1612\/2025\/04\/skyline3-rotated.jpg\"><img loading=\"lazy\" decoding=\"async\" class=\"alignnone size-large wp-image-12623\" src=\"https:\/\/agora.xtec.cat\/ies-santa-eulalia\/wp-content\/uploads\/usu1612\/2025\/04\/skyline3-768x1024.jpg\" alt=\"\" width=\"768\" height=\"1024\" srcset=\"https:\/\/agora.xtec.cat\/ies-santa-eulalia\/wp-content\/uploads\/usu1612\/2025\/04\/skyline3-768x1024.jpg 768w, https:\/\/agora.xtec.cat\/ies-santa-eulalia\/wp-content\/uploads\/usu1612\/2025\/04\/skyline3-225x300.jpg 225w, https:\/\/agora.xtec.cat\/ies-santa-eulalia\/wp-content\/uploads\/usu1612\/2025\/04\/skyline3-rotated.jpg 1000w\" sizes=\"auto, (max-width: 768px) 100vw, 768px\" \/><\/a><\/td>\n<\/tr>\n<\/tbody>\n<\/table>\n<p>En resum, va ser un dia fant\u00e0stic on vam treballar i gaudir les matem\u00e0tiques d&#8217;una manera diferent.<\/p>\n","protected":false},"excerpt":{"rendered":"<p>El passat 14\/3, amb motiu del dia internacional de les matem\u00e0tiques, al COPEM vam celebrar el Pi-day (3,14), fent diverses activitats relacionades amb el nombre Pi, la C\u00fapula de\u00a0 Leonardo o amb els fractals.<br \/>\n<a href=\"https:\/\/agora.xtec.cat\/ies-santa-eulalia\/wp-content\/uploads\/usu1612\/2023\/03\/WhatsApp-Image-2023-03-14-at-13.20.081-1.jpeg\"><\/a><br \/>\nEls alumnes de 1r de l&#8217;ESO, en estar de col\u00f2nies,\u00a0 vam&hellip;  <a href=\"https:\/\/agora.xtec.cat\/ies-santa-eulalia\/general\/dia-internacional-de-les-matematiques-2025-i-jvm-2025\/\" title=\"Read Dia internacional de les matem\u00e0tiques 2025 i JVM 2025\">Llegeix m\u00e9s\u00bb<\/a><\/p>\n","protected":false},"author":29,"featured_media":12625,"comment_status":"open","ping_status":"closed","sticky":false,"template":"","format":"standard","meta":{"_bbp_topic_count":0,"_bbp_reply_count":0,"_bbp_total_topic_count":0,"_bbp_total_reply_count":0,"_bbp_voice_count":0,"_bbp_anonymous_reply_count":0,"_bbp_topic_count_hidden":0,"_bbp_reply_count_hidden":0,"_bbp_forum_subforum_count":0,"footnotes":""},"categories":[140,335,8,3,1,29],"tags":[234,233,515,573,41],"class_list":["post-12527","post","type-post","status-publish","format-standard","has-post-thumbnail","hentry","category-novetats-matematiques","category-activitats-matematiques","category-batxillerat","category-eso","category-general","category-portada","tag-copem","tag-iseulalia","tag-jvm","tag-pi-day","tag-matematiques"],"post_mailing_queue_ids":[],"_links":{"self":[{"href":"https:\/\/agora.xtec.cat\/ies-santa-eulalia\/wp-json\/wp\/v2\/posts\/12527","targetHints":{"allow":["GET"]}}],"collection":[{"href":"https:\/\/agora.xtec.cat\/ies-santa-eulalia\/wp-json\/wp\/v2\/posts"}],"about":[{"href":"https:\/\/agora.xtec.cat\/ies-santa-eulalia\/wp-json\/wp\/v2\/types\/post"}],"author":[{"embeddable":true,"href":"https:\/\/agora.xtec.cat\/ies-santa-eulalia\/wp-json\/wp\/v2\/users\/29"}],"replies":[{"embeddable":true,"href":"https:\/\/agora.xtec.cat\/ies-santa-eulalia\/wp-json\/wp\/v2\/comments?post=12527"}],"version-history":[{"count":5,"href":"https:\/\/agora.xtec.cat\/ies-santa-eulalia\/wp-json\/wp\/v2\/posts\/12527\/revisions"}],"predecessor-version":[{"id":12627,"href":"https:\/\/agora.xtec.cat\/ies-santa-eulalia\/wp-json\/wp\/v2\/posts\/12527\/revisions\/12627"}],"wp:featuredmedia":[{"embeddable":true,"href":"https:\/\/agora.xtec.cat\/ies-santa-eulalia\/wp-json\/wp\/v2\/media\/12625"}],"wp:attachment":[{"href":"https:\/\/agora.xtec.cat\/ies-santa-eulalia\/wp-json\/wp\/v2\/media?parent=12527"}],"wp:term":[{"taxonomy":"category","embeddable":true,"href":"https:\/\/agora.xtec.cat\/ies-santa-eulalia\/wp-json\/wp\/v2\/categories?post=12527"},{"taxonomy":"post_tag","embeddable":true,"href":"https:\/\/agora.xtec.cat\/ies-santa-eulalia\/wp-json\/wp\/v2\/tags?post=12527"}],"curies":[{"name":"wp","href":"https:\/\/api.w.org\/{rel}","templated":true}]}}