{"id":12522,"date":"2025-03-26T08:05:18","date_gmt":"2025-03-26T07:05:18","guid":{"rendered":"https:\/\/agora.xtec.cat\/ies-santa-eulalia\/?p=12522"},"modified":"2025-03-26T19:33:56","modified_gmt":"2025-03-26T18:33:56","slug":"superbacteris-antibiotics-i-resistencies-amb-2n-de-biologia","status":"publish","type":"post","link":"https:\/\/agora.xtec.cat\/ies-santa-eulalia\/general\/superbacteris-antibiotics-i-resistencies-amb-2n-de-biologia\/","title":{"rendered":"Superbacteris, antibi\u00f2tics i resist\u00e8ncies amb 2n de Biologia"},"content":{"rendered":"<p dir=\"ltr\">La resist\u00e8ncia als antibi\u00f2tics o\u00a0<strong>bioresist\u00e8ncia<\/strong> \u00e9s la capacitat dels bacteris de resistir als efectes d\u2019un antibi\u00f2tic. Aix\u00f2 suposa una amena\u00e7a cada cop m\u00e9s gran per a la salut p\u00fablica mundial.<\/p>\n<p dir=\"ltr\">Per\u00f2 per qu\u00e8 els antibi\u00f2tics estan deixant de ser efectius? Com \u00e9s que els <strong>superbacteris<\/strong> o <strong><em>superbugs<\/em><\/strong> s&#8217;han fet tan forts?\u00a0 Hi ha escenaris que plantegen que el 2050 hi podria haver m\u00e9s morts per culpa dels <em>superbacteris<\/em> que pel c\u00e0ncer. Tot i que es tracta d\u2019un proc\u00e9s natural, l\u2019\u00fas imprudent dels antibi\u00f2tics les darreres d\u00e8cades, el seu mal \u00fas i l&#8217;ab\u00fas, ha fet que els bacteris hagin <em>apr\u00e8s<\/em> a defensar-se i s&#8217;hagin generat <strong>resist\u00e8ncies <\/strong>han accelerat aquest proc\u00e9s.<\/p>\n<p dir=\"ltr\"><a href=\"https:\/\/agora.xtec.cat\/ies-santa-eulalia\/wp-content\/uploads\/usu1612\/2025\/03\/Eskape_Poster.png\"><img loading=\"lazy\" decoding=\"async\" class=\"aligncenter wp-image-12523 size-medium\" src=\"https:\/\/agora.xtec.cat\/ies-santa-eulalia\/wp-content\/uploads\/usu1612\/2025\/03\/Eskape_Poster-263x300.png\" alt=\"\" width=\"263\" height=\"300\" srcset=\"https:\/\/agora.xtec.cat\/ies-santa-eulalia\/wp-content\/uploads\/usu1612\/2025\/03\/Eskape_Poster-263x300.png 263w, https:\/\/agora.xtec.cat\/ies-santa-eulalia\/wp-content\/uploads\/usu1612\/2025\/03\/Eskape_Poster-768x876.png 768w, https:\/\/agora.xtec.cat\/ies-santa-eulalia\/wp-content\/uploads\/usu1612\/2025\/03\/Eskape_Poster.png 842w\" sizes=\"auto, (max-width: 263px) 100vw, 263px\" \/><\/a><\/p>\n<p dir=\"ltr\">El desenvolupament de resist\u00e8ncies\u00a0<strong>allarga i agreuja les infeccions<\/strong> i en potencia la <strong>transmissi\u00f3<\/strong> a altres persones. Comporta, a m\u00e9s, la necessitat de cercar <strong>nous f\u00e0rmacs<\/strong> per tractar malalties que fins al moment es podien guarir f\u00e0cilment.<\/p>\n<p dir=\"ltr\">Aix\u00f2 ha generat un problema de salut p\u00fablica a causa de l\u2019aparici\u00f3 de soques de bacteris resistents a aquests antibi\u00f2tics, fet que dificulta el tractament de nombroses malalties infeccioses.<\/p>\n<p dir=\"ltr\">Amb l&#8217;alumnat de<strong> 2n de batxillerat de Biologia<\/strong> hem conegut alguns d&#8217;aquets <em>superbugs<\/em> i com podem contribuir a dificultar la seua extensi\u00f3. I tot seguit en tenim una mostra dels <strong>v\u00eddeos<\/strong> i <strong>infografies<\/strong> que han dissenyat. Feu cas dels seus consells i les seues <strong>pautes <\/strong>per evitar, o almanco dificultar, l&#8217;extensi\u00f3 de les resist\u00e8ncies antimicrobianes.<\/p>\n<p dir=\"ltr\"><iframe loading=\"lazy\" src=\"\/\/www.youtube.com\/embed\/gRlb63wtuJk?sttick=0\" width=\"560\" height=\"314\"><\/iframe><\/p>\n<p dir=\"ltr\"><iframe loading=\"lazy\" src=\"\/\/www.youtube.com\/embed\/cDumwtLZH9U?sttick=0\" width=\"560\" height=\"314\"><\/iframe><\/p>\n<p dir=\"ltr\"><iframe loading=\"lazy\" src=\"\/\/www.youtube.com\/embed\/THyD5g_Cwwg?sttick=0\" width=\"560\" height=\"314\"><\/iframe><\/p>\n<p dir=\"ltr\"><iframe loading=\"lazy\" src=\"\/\/www.youtube.com\/embed\/ZhaSEH8HN_Q?sttick=0\" width=\"560\" height=\"314\"><\/iframe><\/p>\n<p dir=\"ltr\">Helena ens presenta l&#8217;<em>Staphylococcus aureus<\/em><\/p>\n<p dir=\"ltr\"><a href=\"https:\/\/agora.xtec.cat\/ies-santa-eulalia\/wp-content\/uploads\/usu1612\/2025\/03\/InfografiaHelenaStaphylococcus.jpeg\"><img loading=\"lazy\" decoding=\"async\" class=\"aligncenter wp-image-12524 size-large\" src=\"https:\/\/agora.xtec.cat\/ies-santa-eulalia\/wp-content\/uploads\/usu1612\/2025\/03\/InfografiaHelenaStaphylococcus-410x1024.jpeg\" alt=\"\" width=\"410\" height=\"1024\" srcset=\"https:\/\/agora.xtec.cat\/ies-santa-eulalia\/wp-content\/uploads\/usu1612\/2025\/03\/InfografiaHelenaStaphylococcus-410x1024.jpeg 410w, https:\/\/agora.xtec.cat\/ies-santa-eulalia\/wp-content\/uploads\/usu1612\/2025\/03\/InfografiaHelenaStaphylococcus-120x300.jpeg 120w, https:\/\/agora.xtec.cat\/ies-santa-eulalia\/wp-content\/uploads\/usu1612\/2025\/03\/InfografiaHelenaStaphylococcus-768x1920.jpeg 768w, https:\/\/agora.xtec.cat\/ies-santa-eulalia\/wp-content\/uploads\/usu1612\/2025\/03\/InfografiaHelenaStaphylococcus.jpeg 800w\" sizes=\"auto, (max-width: 410px) 100vw, 410px\" \/><\/a><\/p>\n<p dir=\"ltr\">Alex a <em>Proteus spp.<\/em><\/p>\n<p dir=\"ltr\"><a href=\"https:\/\/agora.xtec.cat\/ies-santa-eulalia\/wp-content\/uploads\/usu1612\/2025\/03\/AlexProteus.jpg\"><img loading=\"lazy\" decoding=\"async\" class=\"aligncenter wp-image-12526 size-large\" src=\"https:\/\/agora.xtec.cat\/ies-santa-eulalia\/wp-content\/uploads\/usu1612\/2025\/03\/AlexProteus-410x1024.jpg\" alt=\"\" width=\"410\" height=\"1024\" srcset=\"https:\/\/agora.xtec.cat\/ies-santa-eulalia\/wp-content\/uploads\/usu1612\/2025\/03\/AlexProteus-410x1024.jpg 410w, https:\/\/agora.xtec.cat\/ies-santa-eulalia\/wp-content\/uploads\/usu1612\/2025\/03\/AlexProteus-120x300.jpg 120w, https:\/\/agora.xtec.cat\/ies-santa-eulalia\/wp-content\/uploads\/usu1612\/2025\/03\/AlexProteus-768x1920.jpg 768w, https:\/\/agora.xtec.cat\/ies-santa-eulalia\/wp-content\/uploads\/usu1612\/2025\/03\/AlexProteus.jpg 800w\" sizes=\"auto, (max-width: 410px) 100vw, 410px\" \/><\/a><\/p>\n<p dir=\"ltr\">Pau i la <em><a href=\"https:\/\/drive.google.com\/file\/d\/1IkJo71I-xwI9fgP9rYp_zgZp4yY-l8NA\/view?usp=sharing\">Klebsiella pneumoniae<\/a><\/em><\/p>\n<p dir=\"ltr\">Judith i l<em>&#8216;Enterobacter spp<\/em>.<\/p>\n<p dir=\"ltr\"><a href=\"https:\/\/agora.xtec.cat\/ies-santa-eulalia\/wp-content\/uploads\/usu1612\/2025\/03\/JudithEntereenterobacter.jpg\"><img loading=\"lazy\" decoding=\"async\" class=\"aligncenter wp-image-12530 size-large\" src=\"https:\/\/agora.xtec.cat\/ies-santa-eulalia\/wp-content\/uploads\/usu1612\/2025\/03\/JudithEntereenterobacter-410x1024.jpg\" alt=\"\" width=\"410\" height=\"1024\" srcset=\"https:\/\/agora.xtec.cat\/ies-santa-eulalia\/wp-content\/uploads\/usu1612\/2025\/03\/JudithEntereenterobacter-410x1024.jpg 410w, https:\/\/agora.xtec.cat\/ies-santa-eulalia\/wp-content\/uploads\/usu1612\/2025\/03\/JudithEntereenterobacter-120x300.jpg 120w, https:\/\/agora.xtec.cat\/ies-santa-eulalia\/wp-content\/uploads\/usu1612\/2025\/03\/JudithEntereenterobacter-768x1920.jpg 768w, https:\/\/agora.xtec.cat\/ies-santa-eulalia\/wp-content\/uploads\/usu1612\/2025\/03\/JudithEntereenterobacter.jpg 800w\" sizes=\"auto, (max-width: 410px) 100vw, 410px\" \/><\/a><\/p>\n<p dir=\"ltr\">Ona i la <a href=\"https:\/\/drive.google.com\/file\/d\/1q8Z4UsqyHzigdIdUxYh9Q5p4kYHXHz6x\/view?usp=sharing\"><em>Serratia spp<\/em><\/a>.<\/p>\n<p dir=\"ltr\">Jordan i l&#8217;<em>Helicobacter pylori<\/em><\/p>\n<p dir=\"ltr\"><a href=\"https:\/\/agora.xtec.cat\/ies-santa-eulalia\/wp-content\/uploads\/usu1612\/2025\/03\/JordanHelicobacter.png\"><img loading=\"lazy\" decoding=\"async\" class=\"aligncenter wp-image-12532 size-large\" src=\"https:\/\/agora.xtec.cat\/ies-santa-eulalia\/wp-content\/uploads\/usu1612\/2025\/03\/JordanHelicobacter-724x1024.png\" alt=\"\" width=\"724\" height=\"1024\" srcset=\"https:\/\/agora.xtec.cat\/ies-santa-eulalia\/wp-content\/uploads\/usu1612\/2025\/03\/JordanHelicobacter-724x1024.png 724w, https:\/\/agora.xtec.cat\/ies-santa-eulalia\/wp-content\/uploads\/usu1612\/2025\/03\/JordanHelicobacter-212x300.png 212w, https:\/\/agora.xtec.cat\/ies-santa-eulalia\/wp-content\/uploads\/usu1612\/2025\/03\/JordanHelicobacter-768x1086.png 768w, https:\/\/agora.xtec.cat\/ies-santa-eulalia\/wp-content\/uploads\/usu1612\/2025\/03\/JordanHelicobacter-1086x1536.png 1086w, https:\/\/agora.xtec.cat\/ies-santa-eulalia\/wp-content\/uploads\/usu1612\/2025\/03\/JordanHelicobacter.png 1414w\" sizes=\"auto, (max-width: 724px) 100vw, 724px\" \/><\/a><\/p>\n<p dir=\"ltr\">Lucia i l&#8217;<em>Enterococcus faecium<\/em><\/p>\n<p dir=\"ltr\"><a href=\"https:\/\/agora.xtec.cat\/ies-santa-eulalia\/wp-content\/uploads\/usu1612\/2025\/03\/Enterococcus-faecium-.png\"><img loading=\"lazy\" decoding=\"async\" class=\"aligncenter size-large wp-image-12545\" src=\"https:\/\/agora.xtec.cat\/ies-santa-eulalia\/wp-content\/uploads\/usu1612\/2025\/03\/Enterococcus-faecium--724x1024.png\" alt=\"\" width=\"724\" height=\"1024\" srcset=\"https:\/\/agora.xtec.cat\/ies-santa-eulalia\/wp-content\/uploads\/usu1612\/2025\/03\/Enterococcus-faecium--724x1024.png 724w, https:\/\/agora.xtec.cat\/ies-santa-eulalia\/wp-content\/uploads\/usu1612\/2025\/03\/Enterococcus-faecium--212x300.png 212w, https:\/\/agora.xtec.cat\/ies-santa-eulalia\/wp-content\/uploads\/usu1612\/2025\/03\/Enterococcus-faecium--768x1086.png 768w, https:\/\/agora.xtec.cat\/ies-santa-eulalia\/wp-content\/uploads\/usu1612\/2025\/03\/Enterococcus-faecium--1086x1536.png 1086w, https:\/\/agora.xtec.cat\/ies-santa-eulalia\/wp-content\/uploads\/usu1612\/2025\/03\/Enterococcus-faecium--1448x2048.png 1448w, https:\/\/agora.xtec.cat\/ies-santa-eulalia\/wp-content\/uploads\/usu1612\/2025\/03\/Enterococcus-faecium-.png 1587w\" sizes=\"auto, (max-width: 724px) 100vw, 724px\" \/><\/a><\/p>\n<p dir=\"ltr\">Rub\u00e9n i la <em>Salmonella enterica<\/em><\/p>\n<p dir=\"ltr\"><a href=\"https:\/\/agora.xtec.cat\/ies-santa-eulalia\/wp-content\/uploads\/usu1612\/2025\/03\/Infografia-Salmonella.png\"><img loading=\"lazy\" decoding=\"async\" class=\"aligncenter size-large wp-image-12543\" src=\"https:\/\/agora.xtec.cat\/ies-santa-eulalia\/wp-content\/uploads\/usu1612\/2025\/03\/Infografia-Salmonella-410x1024.png\" alt=\"\" width=\"410\" height=\"1024\" srcset=\"https:\/\/agora.xtec.cat\/ies-santa-eulalia\/wp-content\/uploads\/usu1612\/2025\/03\/Infografia-Salmonella-410x1024.png 410w, https:\/\/agora.xtec.cat\/ies-santa-eulalia\/wp-content\/uploads\/usu1612\/2025\/03\/Infografia-Salmonella-120x300.png 120w, https:\/\/agora.xtec.cat\/ies-santa-eulalia\/wp-content\/uploads\/usu1612\/2025\/03\/Infografia-Salmonella-768x1920.png 768w, https:\/\/agora.xtec.cat\/ies-santa-eulalia\/wp-content\/uploads\/usu1612\/2025\/03\/Infografia-Salmonella.png 800w\" sizes=\"auto, (max-width: 410px) 100vw, 410px\" \/><\/a><\/p>\n<p dir=\"ltr\"><span id=\"yui_3_18_1_1_1742907368377_92\">D\u00eddac<\/span> i l&#8217;<a href=\"https:\/\/drive.google.com\/file\/d\/1KhTBgtTirR9wqGcHbsFhaW2WNlJOQ3ZX\/view?usp=sharing\"><em>Escherichia coli<\/em><\/a><\/p>\n<p dir=\"ltr\">Noa i el <a href=\"https:\/\/drive.google.com\/file\/d\/1UA3Y8KKRteuKdQya7KocpkokHFENpSES\/view?usp=sharing\"><em>Mycobacterium tuberculosis<\/em><\/a><\/p>\n<p dir=\"ltr\">Berta i <a href=\"https:\/\/drive.google.com\/file\/d\/1hKYyCz0Tnln7HIFhIQw5Xkv-_ku2P974\/view?usp=sharing\"><em>Haemophilus influenzae<\/em><\/a><\/p>\n<p dir=\"ltr\">Miguel i la <a href=\"https:\/\/drive.google.com\/file\/d\/1hiwbnAZXRYgyWqdw-eDAmtmOQ6Vi9f4N\/view?usp=sharing\"><em>Neisseria gonorrhoeae<\/em><\/a><\/p>\n<p dir=\"ltr\">Diana i l&#8217;<em>Acinetobacter baumannii<\/em><\/p>\n<p dir=\"ltr\"><a href=\"https:\/\/agora.xtec.cat\/ies-santa-eulalia\/wp-content\/uploads\/usu1612\/2025\/03\/Diana.jpg\"><img loading=\"lazy\" decoding=\"async\" class=\"aligncenter size-large wp-image-12541\" src=\"https:\/\/agora.xtec.cat\/ies-santa-eulalia\/wp-content\/uploads\/usu1612\/2025\/03\/Diana-410x1024.jpg\" alt=\"\" width=\"410\" height=\"1024\" srcset=\"https:\/\/agora.xtec.cat\/ies-santa-eulalia\/wp-content\/uploads\/usu1612\/2025\/03\/Diana-410x1024.jpg 410w, https:\/\/agora.xtec.cat\/ies-santa-eulalia\/wp-content\/uploads\/usu1612\/2025\/03\/Diana-120x300.jpg 120w, https:\/\/agora.xtec.cat\/ies-santa-eulalia\/wp-content\/uploads\/usu1612\/2025\/03\/Diana-768x1920.jpg 768w, https:\/\/agora.xtec.cat\/ies-santa-eulalia\/wp-content\/uploads\/usu1612\/2025\/03\/Diana.jpg 800w\" sizes=\"auto, (max-width: 410px) 100vw, 410px\" \/><\/a><\/p>\n","protected":false},"excerpt":{"rendered":"<p>La resist\u00e8ncia als antibi\u00f2tics o\u00a0bioresist\u00e8ncia \u00e9s la capacitat dels bacteris de resistir als efectes d\u2019un antibi\u00f2tic. Aix\u00f2 suposa una amena\u00e7a cada cop m\u00e9s gran per a la salut p\u00fablica mundial.<br \/>\nPer\u00f2 per qu\u00e8 els antibi\u00f2tics estan deixant de ser efectius? Com \u00e9s que els superbacteris o&hellip;  <a href=\"https:\/\/agora.xtec.cat\/ies-santa-eulalia\/general\/superbacteris-antibiotics-i-resistencies-amb-2n-de-biologia\/\" title=\"Read Superbacteris, antibi\u00f2tics i resist\u00e8ncies amb 2n de Biologia\">Llegeix m\u00e9s\u00bb<\/a><\/p>\n","protected":false},"author":35,"featured_media":12523,"comment_status":"open","ping_status":"closed","sticky":false,"template":"","format":"standard","meta":{"_bbp_topic_count":0,"_bbp_reply_count":0,"_bbp_total_topic_count":0,"_bbp_total_reply_count":0,"_bbp_voice_count":0,"_bbp_anonymous_reply_count":0,"_bbp_topic_count_hidden":0,"_bbp_reply_count_hidden":0,"_bbp_forum_subforum_count":0,"footnotes":""},"categories":[179,180,174,144,8,1,29],"tags":[559,430,572,141,322,127,571,570],"class_list":["post-12522","post","type-post","status-publish","format-standard","has-post-thumbnail","hentry","category-2n-batx-a","category-2n-batx-b","category-2n-batxillerat","category-novetats-ciencies-naturals","category-batxillerat","category-general","category-portada","tag-22024-2025","tag-2n-batxillerat","tag-2n-biobat","tag-biobat","tag-biocopem","tag-biologia","tag-ram","tag-resistencia-antibiotics"],"post_mailing_queue_ids":[],"_links":{"self":[{"href":"https:\/\/agora.xtec.cat\/ies-santa-eulalia\/wp-json\/wp\/v2\/posts\/12522","targetHints":{"allow":["GET"]}}],"collection":[{"href":"https:\/\/agora.xtec.cat\/ies-santa-eulalia\/wp-json\/wp\/v2\/posts"}],"about":[{"href":"https:\/\/agora.xtec.cat\/ies-santa-eulalia\/wp-json\/wp\/v2\/types\/post"}],"author":[{"embeddable":true,"href":"https:\/\/agora.xtec.cat\/ies-santa-eulalia\/wp-json\/wp\/v2\/users\/35"}],"replies":[{"embeddable":true,"href":"https:\/\/agora.xtec.cat\/ies-santa-eulalia\/wp-json\/wp\/v2\/comments?post=12522"}],"version-history":[{"count":6,"href":"https:\/\/agora.xtec.cat\/ies-santa-eulalia\/wp-json\/wp\/v2\/posts\/12522\/revisions"}],"predecessor-version":[{"id":12559,"href":"https:\/\/agora.xtec.cat\/ies-santa-eulalia\/wp-json\/wp\/v2\/posts\/12522\/revisions\/12559"}],"wp:featuredmedia":[{"embeddable":true,"href":"https:\/\/agora.xtec.cat\/ies-santa-eulalia\/wp-json\/wp\/v2\/media\/12523"}],"wp:attachment":[{"href":"https:\/\/agora.xtec.cat\/ies-santa-eulalia\/wp-json\/wp\/v2\/media?parent=12522"}],"wp:term":[{"taxonomy":"category","embeddable":true,"href":"https:\/\/agora.xtec.cat\/ies-santa-eulalia\/wp-json\/wp\/v2\/categories?post=12522"},{"taxonomy":"post_tag","embeddable":true,"href":"https:\/\/agora.xtec.cat\/ies-santa-eulalia\/wp-json\/wp\/v2\/tags?post=12522"}],"curies":[{"name":"wp","href":"https:\/\/api.w.org\/{rel}","templated":true}]}}