{"id":12480,"date":"2025-03-16T18:40:34","date_gmt":"2025-03-16T17:40:34","guid":{"rendered":"https:\/\/agora.xtec.cat\/ies-santa-eulalia\/?p=12480"},"modified":"2025-03-16T18:44:58","modified_gmt":"2025-03-16T17:44:58","slug":"theatre-en-francais-notre-dame-de-paris","status":"publish","type":"post","link":"https:\/\/agora.xtec.cat\/ies-santa-eulalia\/general\/theatre-en-francais-notre-dame-de-paris\/","title":{"rendered":"Th\u00e9\u00e2tre en fran\u00e7ais: Notre-Dame de Paris"},"content":{"rendered":"<p><a href=\"https:\/\/agora.xtec.cat\/ies-santa-eulalia\/wp-content\/uploads\/usu1612\/2025\/03\/20250214_120525.jpg\"><img loading=\"lazy\" decoding=\"async\" class=\"alignnone size-full wp-image-12485\" src=\"https:\/\/agora.xtec.cat\/ies-santa-eulalia\/wp-content\/uploads\/usu1612\/2025\/03\/20250214_120525.jpg\" alt=\"\" width=\"1024\" height=\"768\" srcset=\"https:\/\/agora.xtec.cat\/ies-santa-eulalia\/wp-content\/uploads\/usu1612\/2025\/03\/20250214_120525.jpg 1024w, https:\/\/agora.xtec.cat\/ies-santa-eulalia\/wp-content\/uploads\/usu1612\/2025\/03\/20250214_120525-300x225.jpg 300w, https:\/\/agora.xtec.cat\/ies-santa-eulalia\/wp-content\/uploads\/usu1612\/2025\/03\/20250214_120525-768x576.jpg 768w, https:\/\/agora.xtec.cat\/ies-santa-eulalia\/wp-content\/uploads\/usu1612\/2025\/03\/20250214_120525-200x150.jpg 200w\" sizes=\"auto, (max-width: 1024px) 100vw, 1024px\" \/><\/a><a href=\"https:\/\/agora.xtec.cat\/ies-santa-eulalia\/wp-content\/uploads\/usu1612\/2025\/03\/IMG-20250303-WA0005.jpg\"><img loading=\"lazy\" decoding=\"async\" class=\"alignnone size-full wp-image-12483\" src=\"https:\/\/agora.xtec.cat\/ies-santa-eulalia\/wp-content\/uploads\/usu1612\/2025\/03\/IMG-20250303-WA0005.jpg\" alt=\"\" width=\"710\" height=\"754\" srcset=\"https:\/\/agora.xtec.cat\/ies-santa-eulalia\/wp-content\/uploads\/usu1612\/2025\/03\/IMG-20250303-WA0005.jpg 710w, https:\/\/agora.xtec.cat\/ies-santa-eulalia\/wp-content\/uploads\/usu1612\/2025\/03\/IMG-20250303-WA0005-282x300.jpg 282w\" sizes=\"auto, (max-width: 710px) 100vw, 710px\" \/><\/a><a href=\"https:\/\/agora.xtec.cat\/ies-santa-eulalia\/wp-content\/uploads\/usu1612\/2025\/03\/IMG-20250303-WA0007.jpg\"><img loading=\"lazy\" decoding=\"async\" class=\"alignnone size-large wp-image-12481\" src=\"https:\/\/agora.xtec.cat\/ies-santa-eulalia\/wp-content\/uploads\/usu1612\/2025\/03\/IMG-20250303-WA0007-1024x612.jpg\" alt=\"\" width=\"1024\" height=\"612\" srcset=\"https:\/\/agora.xtec.cat\/ies-santa-eulalia\/wp-content\/uploads\/usu1612\/2025\/03\/IMG-20250303-WA0007-1024x612.jpg 1024w, https:\/\/agora.xtec.cat\/ies-santa-eulalia\/wp-content\/uploads\/usu1612\/2025\/03\/IMG-20250303-WA0007-300x179.jpg 300w, https:\/\/agora.xtec.cat\/ies-santa-eulalia\/wp-content\/uploads\/usu1612\/2025\/03\/IMG-20250303-WA0007-768x459.jpg 768w, https:\/\/agora.xtec.cat\/ies-santa-eulalia\/wp-content\/uploads\/usu1612\/2025\/03\/IMG-20250303-WA0007.jpg 1356w\" sizes=\"auto, (max-width: 1024px) 100vw, 1024px\" \/><\/a>Le 14 f\u00e9vrier nos \u00e9l\u00e8ves de fran\u00e7ais de 3<sup>e<\/sup> et 4<sup>e<\/sup> d\u2019ESO ont assist\u00e9 \u00e0 la repr\u00e9sentation de la pi\u00e8ce de th\u00e9\u00e2tre &#8220;Notre-Dame de Paris&#8221;, au Teatreneu de Barcelone, bas\u00e9e sur le c\u00e9l\u00e8bre roman de Victor Hugo. Cette adaptation th\u00e9\u00e2trale met en sc\u00e8ne la complexit\u00e9 des personnages, comme Quasimodo, le bossu de Notre-Dame, et Esmeralda, la jeune gitane, qui affrontent des conflits d&#8217;amour, de rejet et de lutte pour l&#8217;acceptation dans une soci\u00e9t\u00e9 qui les marginalise. La sc\u00e9nographie et la musique ont enrichi l&#8217;exp\u00e9rience pour nous transporter dans le Paris du XVe si\u00e8cle. \u00c0 la fin de la pi\u00e8ce, les acteurs et les actrices tr\u00e8s gentils ont r\u00e9pondu \u00e0 nos questions. Un grand merci \u00e0 la compagnie <em>Tour de force<\/em> pour cette belle exp\u00e9rience\u00a0!<\/p>\n","protected":false},"excerpt":{"rendered":"<p><a href=\"https:\/\/agora.xtec.cat\/ies-santa-eulalia\/wp-content\/uploads\/usu1612\/2025\/03\/20250214_120525.jpg\"><\/a><a href=\"https:\/\/agora.xtec.cat\/ies-santa-eulalia\/wp-content\/uploads\/usu1612\/2025\/03\/IMG-20250303-WA0005.jpg\"><\/a><a href=\"https:\/\/agora.xtec.cat\/ies-santa-eulalia\/wp-content\/uploads\/usu1612\/2025\/03\/IMG-20250303-WA0007.jpg\"><\/a>Le 14 f\u00e9vrier nos \u00e9l\u00e8ves de fran\u00e7ais de 3e et 4e d\u2019ESO ont assist\u00e9 \u00e0 la repr\u00e9sentation de la pi\u00e8ce de th\u00e9\u00e2tre &#8220;Notre-Dame de Paris&#8221;, au Teatreneu de Barcelone, bas\u00e9e sur le c\u00e9l\u00e8bre roman de Victor Hugo. Cette adaptation th\u00e9\u00e2trale met en&hellip;  <a href=\"https:\/\/agora.xtec.cat\/ies-santa-eulalia\/general\/theatre-en-francais-notre-dame-de-paris\/\" title=\"Read Th\u00e9\u00e2tre en fran\u00e7ais: Notre-Dame de Paris\">Llegeix m\u00e9s\u00bb<\/a><\/p>\n","protected":false},"author":111,"featured_media":12481,"comment_status":"open","ping_status":"closed","sticky":false,"template":"","format":"standard","meta":{"_bbp_topic_count":0,"_bbp_reply_count":0,"_bbp_total_topic_count":0,"_bbp_total_reply_count":0,"_bbp_voice_count":0,"_bbp_anonymous_reply_count":0,"_bbp_topic_count_hidden":0,"_bbp_reply_count_hidden":0,"_bbp_forum_subforum_count":0,"footnotes":""},"categories":[139,6,7,1,29],"tags":[],"class_list":["post-12480","post","type-post","status-publish","format-standard","has-post-thumbnail","hentry","category-novetats-llengues-estrangeres-frances","category-eso-3","category-eso-4","category-general","category-portada"],"post_mailing_queue_ids":[],"_links":{"self":[{"href":"https:\/\/agora.xtec.cat\/ies-santa-eulalia\/wp-json\/wp\/v2\/posts\/12480","targetHints":{"allow":["GET"]}}],"collection":[{"href":"https:\/\/agora.xtec.cat\/ies-santa-eulalia\/wp-json\/wp\/v2\/posts"}],"about":[{"href":"https:\/\/agora.xtec.cat\/ies-santa-eulalia\/wp-json\/wp\/v2\/types\/post"}],"author":[{"embeddable":true,"href":"https:\/\/agora.xtec.cat\/ies-santa-eulalia\/wp-json\/wp\/v2\/users\/111"}],"replies":[{"embeddable":true,"href":"https:\/\/agora.xtec.cat\/ies-santa-eulalia\/wp-json\/wp\/v2\/comments?post=12480"}],"version-history":[{"count":6,"href":"https:\/\/agora.xtec.cat\/ies-santa-eulalia\/wp-json\/wp\/v2\/posts\/12480\/revisions"}],"predecessor-version":[{"id":12495,"href":"https:\/\/agora.xtec.cat\/ies-santa-eulalia\/wp-json\/wp\/v2\/posts\/12480\/revisions\/12495"}],"wp:featuredmedia":[{"embeddable":true,"href":"https:\/\/agora.xtec.cat\/ies-santa-eulalia\/wp-json\/wp\/v2\/media\/12481"}],"wp:attachment":[{"href":"https:\/\/agora.xtec.cat\/ies-santa-eulalia\/wp-json\/wp\/v2\/media?parent=12480"}],"wp:term":[{"taxonomy":"category","embeddable":true,"href":"https:\/\/agora.xtec.cat\/ies-santa-eulalia\/wp-json\/wp\/v2\/categories?post=12480"},{"taxonomy":"post_tag","embeddable":true,"href":"https:\/\/agora.xtec.cat\/ies-santa-eulalia\/wp-json\/wp\/v2\/tags?post=12480"}],"curies":[{"name":"wp","href":"https:\/\/api.w.org\/{rel}","templated":true}]}}