{"id":12411,"date":"2025-03-11T13:33:01","date_gmt":"2025-03-11T12:33:01","guid":{"rendered":"https:\/\/agora.xtec.cat\/ies-santa-eulalia\/?p=12411"},"modified":"2025-07-07T09:33:07","modified_gmt":"2025-07-07T07:33:07","slug":"preinscripcio-eso-oferta-inicial-de-places","status":"publish","type":"post","link":"https:\/\/agora.xtec.cat\/ies-santa-eulalia\/general\/preinscripcio-eso-oferta-inicial-de-places\/","title":{"rendered":"PREINSCRIPCI\u00d3 ESO- Alumnes preinscrits i oferta final (actualitzat 16\/6)"},"content":{"rendered":"<p>Bon dia<\/p>\n<p>Aqu\u00ed podeu anar veient la informaci\u00f3 relativa al proc\u00e9s de preinscripci\u00f3 i matriculaci\u00f3 per 1r ESO<\/p>\n<p>&nbsp;<\/p>\n<ul>\n<li>11 de mar\u00e7 de 2025: oferta inicial de places escolars. Us adjuntem l&#8217;<a href=\"https:\/\/drive.google.com\/file\/d\/1AuxkQbuuCL24wPb4yQcXz4QA-UQQbU21\/view?usp=drive_link\">oferta inicial de places\u00a0<\/a>&#8211; amb data 11 de mar\u00e7<\/li>\n<li>Del 14 al 26 de mar\u00e7 de 2025 (a partir de les 9 hores): presentaci\u00f3 de sol\u00b7licituds<\/li>\n<li>Fins al 28 de mar\u00e7 de 2025: presentaci\u00f3 de documentaci\u00f3<\/li>\n<li>24 d&#8217;abril de 2025:<a href=\"https:\/\/drive.google.com\/file\/d\/1jv6IaiJEZaZouE10SUtVTh7xFRKz0hjV\/view?usp=drive_link\"> llista de sol\u00b7licituds amb puntuaci\u00f3 provisional<\/a><\/li>\n<li>Del 24 al 29 d&#8217;abril de 2025: presentaci\u00f3 de reclamacions<\/li>\n<li>5 de maig de 2025:<a href=\"https:\/\/drive.google.com\/file\/d\/1jOfnW_RMDCVzEfAydfzWcFTXSuzErapX\/view?usp=sharing\"> llista de sol\u00b7licituds amb la puntuaci\u00f3 un cop resoltes les reclamacions<\/a><\/li>\n<li>8 de maig de 2025 a les 11 hores: sorteig per resoldre les sol\u00b7licituds de preinscripci\u00f3 empatades en punts<\/li>\n<li>9 de maig de 2025: <a href=\"https:\/\/drive.google.com\/file\/d\/1txBgD-_gMb6Dw5SxPyc8tQma51mqosee\/view?usp=drive_link\">llista ordenada<\/a><\/li>\n<li>Del 4 al 6 de juny de 2025: ampliaci\u00f3 de peticions de preinscripci\u00f3 per a alumnes sense pla\u00e7a assignada a cap centre<\/li>\n<li>16 de juny de 2025: oferta final de places escolars<\/li>\n<li>16 de juny de 2025: <a href=\"https:\/\/drive.google.com\/file\/d\/18UUUFMaaEysoQrlZGK0BippsjAglUpC7\/view?usp=drive_link\">llista d&#8217;alumnes admesos<\/a> i <a href=\"https:\/\/drive.google.com\/file\/d\/1RJGj3TBe1YdJnlriY6pCGjemjoxNflXq\/view?usp=drive_link\">llista d&#8217;espera<\/a><\/li>\n<li>16 de juny de 2025: <a href=\"https:\/\/drive.google.com\/file\/d\/1DKJuH5nSNiMt8NPKhCHlqs4Ce5p82-9o\/view?usp=drive_link\">llista d&#8217;alumnes preinscrits<\/a> i <a href=\"https:\/\/drive.google.com\/file\/d\/1qbn1a7cbmW7XzbC-LKeCtPHazBdg7n51\/view?usp=drive_link\">oferta final<\/a><\/li>\n<li>Del 25 de juny al 3 de juliol de 2025: matriculaci\u00f3<\/li>\n<\/ul>\n","protected":false},"excerpt":{"rendered":"<p>Bon dia<br \/>\nAqu\u00ed podeu anar veient la informaci\u00f3 relativa al proc\u00e9s de preinscripci\u00f3 i matriculaci\u00f3 per 1r ESO<br \/>\n&nbsp;<\/p>\n<ul>\n<li>11 de mar\u00e7 de 2025: oferta inicial de places escolars. Us adjuntem l&#8217;<a href=\"https:\/\/drive.google.com\/file\/d\/1AuxkQbuuCL24wPb4yQcXz4QA-UQQbU21\/view?usp=drive_link\">oferta inicial de places\u00a0<\/a>&#8211; amb data 11 de mar\u00e7<\/li>\n<li>Del 14 al 26 de mar\u00e7 de 2025&hellip;  <a href=\"https:\/\/agora.xtec.cat\/ies-santa-eulalia\/general\/preinscripcio-eso-oferta-inicial-de-places\/\" title=\"Read PREINSCRIPCI\u00d3 ESO- Alumnes preinscrits i oferta final (actualitzat 16\/6)\">Llegeix m\u00e9s\u00bb<\/a><br \/>\n","protected":false},"author":1,"featured_media":12416,"comment_status":"open","ping_status":"closed","sticky":false,"template":"","format":"standard","meta":{"_bbp_topic_count":0,"_bbp_reply_count":0,"_bbp_total_topic_count":0,"_bbp_total_reply_count":0,"_bbp_voice_count":0,"_bbp_anonymous_reply_count":0,"_bbp_topic_count_hidden":0,"_bbp_reply_count_hidden":0,"_bbp_forum_subforum_count":0,"footnotes":""},"categories":[3,1,29],"tags":[211,568,442],"class_list":["post-12411","post","type-post","status-publish","format-standard","has-post-thumbnail","hentry","category-eso","category-general","category-portada","tag-eso","tag-matriculacio","tag-preinscripcio"],"post_mailing_queue_ids":[],"_links":{"self":[{"href":"https:\/\/agora.xtec.cat\/ies-santa-eulalia\/wp-json\/wp\/v2\/posts\/12411","targetHints":{"allow":["GET"]}}],"collection":[{"href":"https:\/\/agora.xtec.cat\/ies-santa-eulalia\/wp-json\/wp\/v2\/posts"}],"about":[{"href":"https:\/\/agora.xtec.cat\/ies-santa-eulalia\/wp-json\/wp\/v2\/types\/post"}],"author":[{"embeddable":true,"href":"https:\/\/agora.xtec.cat\/ies-santa-eulalia\/wp-json\/wp\/v2\/users\/1"}],"replies":[{"embeddable":true,"href":"https:\/\/agora.xtec.cat\/ies-santa-eulalia\/wp-json\/wp\/v2\/comments?post=12411"}],"version-history":[{"count":6,"href":"https:\/\/agora.xtec.cat\/ies-santa-eulalia\/wp-json\/wp\/v2\/posts\/12411\/revisions"}],"predecessor-version":[{"id":12867,"href":"https:\/\/agora.xtec.cat\/ies-santa-eulalia\/wp-json\/wp\/v2\/posts\/12411\/revisions\/12867"}],"wp:featuredmedia":[{"embeddable":true,"href":"https:\/\/agora.xtec.cat\/ies-santa-eulalia\/wp-json\/wp\/v2\/media\/12416"}],"wp:attachment":[{"href":"https:\/\/agora.xtec.cat\/ies-santa-eulalia\/wp-json\/wp\/v2\/media?parent=12411"}],"wp:term":[{"taxonomy":"category","embeddable":true,"href":"https:\/\/agora.xtec.cat\/ies-santa-eulalia\/wp-json\/wp\/v2\/categories?post=12411"},{"taxonomy":"post_tag","embeddable":true,"href":"https:\/\/agora.xtec.cat\/ies-santa-eulalia\/wp-json\/wp\/v2\/tags?post=12411"}],"curies":[{"name":"wp","href":"https:\/\/api.w.org\/{rel}","templated":true}]}}