{"id":12375,"date":"2025-02-26T10:16:13","date_gmt":"2025-02-26T09:16:13","guid":{"rendered":"https:\/\/agora.xtec.cat\/ies-santa-eulalia\/?p=12375"},"modified":"2025-02-26T10:16:13","modified_gmt":"2025-02-26T09:16:13","slug":"viatge-2n-batxillerat-a-londres-2025","status":"publish","type":"post","link":"https:\/\/agora.xtec.cat\/ies-santa-eulalia\/general\/viatge-2n-batxillerat-a-londres-2025\/","title":{"rendered":"Viatge 2n Batxillerat a Londres 2025"},"content":{"rendered":"<p>Ja s\u00f3n a Londres!!<\/p>\n<p>&nbsp;<\/p>\n<p>Els alumnes de 2n de Batxillerat van arribar dilluns a Londres i van comen\u00e7ar la seva visita cultural.<\/p>\n<p>&nbsp;<\/p>\n<p>Aqu\u00ed podeu veure algunes fotos per\u00f2 si en voleu m\u00e9s, podeu visitar el nostre perfil d&#8217;instagram <span class=\"atwho-query\">@instisantaeulalia<a href=\"https:\/\/agora.xtec.cat\/ies-santa-eulalia\/wp-content\/uploads\/usu1612\/2025\/02\/PHOTO-2025-02-25-20-38-16.jpg\"><img loading=\"lazy\" decoding=\"async\" class=\"alignleft size-full wp-image-12376\" src=\"https:\/\/agora.xtec.cat\/ies-santa-eulalia\/wp-content\/uploads\/usu1612\/2025\/02\/PHOTO-2025-02-25-20-38-16.jpg\" alt=\"\" width=\"2040\" height=\"1536\" srcset=\"https:\/\/agora.xtec.cat\/ies-santa-eulalia\/wp-content\/uploads\/usu1612\/2025\/02\/PHOTO-2025-02-25-20-38-16.jpg 2040w, https:\/\/agora.xtec.cat\/ies-santa-eulalia\/wp-content\/uploads\/usu1612\/2025\/02\/PHOTO-2025-02-25-20-38-16-300x226.jpg 300w, https:\/\/agora.xtec.cat\/ies-santa-eulalia\/wp-content\/uploads\/usu1612\/2025\/02\/PHOTO-2025-02-25-20-38-16-1024x771.jpg 1024w, https:\/\/agora.xtec.cat\/ies-santa-eulalia\/wp-content\/uploads\/usu1612\/2025\/02\/PHOTO-2025-02-25-20-38-16-768x578.jpg 768w, https:\/\/agora.xtec.cat\/ies-santa-eulalia\/wp-content\/uploads\/usu1612\/2025\/02\/PHOTO-2025-02-25-20-38-16-1536x1157.jpg 1536w, https:\/\/agora.xtec.cat\/ies-santa-eulalia\/wp-content\/uploads\/usu1612\/2025\/02\/PHOTO-2025-02-25-20-38-16-200x150.jpg 200w\" sizes=\"auto, (max-width: 2040px) 100vw, 2040px\" \/><\/a> <a href=\"https:\/\/agora.xtec.cat\/ies-santa-eulalia\/wp-content\/uploads\/usu1612\/2025\/02\/PHOTO-2025-02-25-20-37-38.jpg\"><img loading=\"lazy\" decoding=\"async\" class=\"alignleft size-full wp-image-12377\" src=\"https:\/\/agora.xtec.cat\/ies-santa-eulalia\/wp-content\/uploads\/usu1612\/2025\/02\/PHOTO-2025-02-25-20-37-38.jpg\" alt=\"\" width=\"2040\" height=\"1536\" srcset=\"https:\/\/agora.xtec.cat\/ies-santa-eulalia\/wp-content\/uploads\/usu1612\/2025\/02\/PHOTO-2025-02-25-20-37-38.jpg 2040w, https:\/\/agora.xtec.cat\/ies-santa-eulalia\/wp-content\/uploads\/usu1612\/2025\/02\/PHOTO-2025-02-25-20-37-38-300x226.jpg 300w, https:\/\/agora.xtec.cat\/ies-santa-eulalia\/wp-content\/uploads\/usu1612\/2025\/02\/PHOTO-2025-02-25-20-37-38-1024x771.jpg 1024w, https:\/\/agora.xtec.cat\/ies-santa-eulalia\/wp-content\/uploads\/usu1612\/2025\/02\/PHOTO-2025-02-25-20-37-38-768x578.jpg 768w, https:\/\/agora.xtec.cat\/ies-santa-eulalia\/wp-content\/uploads\/usu1612\/2025\/02\/PHOTO-2025-02-25-20-37-38-1536x1157.jpg 1536w, https:\/\/agora.xtec.cat\/ies-santa-eulalia\/wp-content\/uploads\/usu1612\/2025\/02\/PHOTO-2025-02-25-20-37-38-200x150.jpg 200w\" sizes=\"auto, (max-width: 2040px) 100vw, 2040px\" \/><\/a> <a href=\"https:\/\/agora.xtec.cat\/ies-santa-eulalia\/wp-content\/uploads\/usu1612\/2025\/02\/PHOTO-2025-02-25-12-36-29.jpg\"><img loading=\"lazy\" decoding=\"async\" class=\"alignleft size-full wp-image-12378\" src=\"https:\/\/agora.xtec.cat\/ies-santa-eulalia\/wp-content\/uploads\/usu1612\/2025\/02\/PHOTO-2025-02-25-12-36-29.jpg\" alt=\"\" width=\"1600\" height=\"1200\" srcset=\"https:\/\/agora.xtec.cat\/ies-santa-eulalia\/wp-content\/uploads\/usu1612\/2025\/02\/PHOTO-2025-02-25-12-36-29.jpg 1600w, https:\/\/agora.xtec.cat\/ies-santa-eulalia\/wp-content\/uploads\/usu1612\/2025\/02\/PHOTO-2025-02-25-12-36-29-300x225.jpg 300w, https:\/\/agora.xtec.cat\/ies-santa-eulalia\/wp-content\/uploads\/usu1612\/2025\/02\/PHOTO-2025-02-25-12-36-29-1024x768.jpg 1024w, https:\/\/agora.xtec.cat\/ies-santa-eulalia\/wp-content\/uploads\/usu1612\/2025\/02\/PHOTO-2025-02-25-12-36-29-768x576.jpg 768w, https:\/\/agora.xtec.cat\/ies-santa-eulalia\/wp-content\/uploads\/usu1612\/2025\/02\/PHOTO-2025-02-25-12-36-29-1536x1152.jpg 1536w, https:\/\/agora.xtec.cat\/ies-santa-eulalia\/wp-content\/uploads\/usu1612\/2025\/02\/PHOTO-2025-02-25-12-36-29-200x150.jpg 200w\" sizes=\"auto, (max-width: 1600px) 100vw, 1600px\" \/><\/a><\/span><\/p>\n","protected":false},"excerpt":{"rendered":"<p>Ja s\u00f3n a Londres!!<br \/>\n&nbsp;<br \/>\nEls alumnes de 2n de Batxillerat van arribar dilluns a Londres i van comen\u00e7ar la seva visita cultural.<br \/>\n&nbsp;<br \/>\nAqu\u00ed podeu veure algunes fotos per\u00f2 si en voleu m\u00e9s, podeu visitar el nostre perfil d&#8217;instagram @instisantaeulalia<a href=\"https:\/\/agora.xtec.cat\/ies-santa-eulalia\/wp-content\/uploads\/usu1612\/2025\/02\/PHOTO-2025-02-25-20-38-16.jpg\"><\/a> <a href=\"https:\/\/agora.xtec.cat\/ies-santa-eulalia\/wp-content\/uploads\/usu1612\/2025\/02\/PHOTO-2025-02-25-20-37-38.jpg\"><\/a> <a href=\"https:\/\/agora.xtec.cat\/ies-santa-eulalia\/wp-content\/uploads\/usu1612\/2025\/02\/PHOTO-2025-02-25-12-36-29.jpg\"><\/a><\/p>\n","protected":false},"author":1,"featured_media":12378,"comment_status":"open","ping_status":"closed","sticky":false,"template":"","format":"standard","meta":{"_bbp_topic_count":0,"_bbp_reply_count":0,"_bbp_total_topic_count":0,"_bbp_total_reply_count":0,"_bbp_voice_count":0,"_bbp_anonymous_reply_count":0,"_bbp_topic_count_hidden":0,"_bbp_reply_count_hidden":0,"_bbp_forum_subforum_count":0,"footnotes":""},"categories":[174,8,1,29],"tags":[],"class_list":["post-12375","post","type-post","status-publish","format-standard","has-post-thumbnail","hentry","category-2n-batxillerat","category-batxillerat","category-general","category-portada"],"post_mailing_queue_ids":[],"_links":{"self":[{"href":"https:\/\/agora.xtec.cat\/ies-santa-eulalia\/wp-json\/wp\/v2\/posts\/12375","targetHints":{"allow":["GET"]}}],"collection":[{"href":"https:\/\/agora.xtec.cat\/ies-santa-eulalia\/wp-json\/wp\/v2\/posts"}],"about":[{"href":"https:\/\/agora.xtec.cat\/ies-santa-eulalia\/wp-json\/wp\/v2\/types\/post"}],"author":[{"embeddable":true,"href":"https:\/\/agora.xtec.cat\/ies-santa-eulalia\/wp-json\/wp\/v2\/users\/1"}],"replies":[{"embeddable":true,"href":"https:\/\/agora.xtec.cat\/ies-santa-eulalia\/wp-json\/wp\/v2\/comments?post=12375"}],"version-history":[{"count":1,"href":"https:\/\/agora.xtec.cat\/ies-santa-eulalia\/wp-json\/wp\/v2\/posts\/12375\/revisions"}],"predecessor-version":[{"id":12379,"href":"https:\/\/agora.xtec.cat\/ies-santa-eulalia\/wp-json\/wp\/v2\/posts\/12375\/revisions\/12379"}],"wp:featuredmedia":[{"embeddable":true,"href":"https:\/\/agora.xtec.cat\/ies-santa-eulalia\/wp-json\/wp\/v2\/media\/12378"}],"wp:attachment":[{"href":"https:\/\/agora.xtec.cat\/ies-santa-eulalia\/wp-json\/wp\/v2\/media?parent=12375"}],"wp:term":[{"taxonomy":"category","embeddable":true,"href":"https:\/\/agora.xtec.cat\/ies-santa-eulalia\/wp-json\/wp\/v2\/categories?post=12375"},{"taxonomy":"post_tag","embeddable":true,"href":"https:\/\/agora.xtec.cat\/ies-santa-eulalia\/wp-json\/wp\/v2\/tags?post=12375"}],"curies":[{"name":"wp","href":"https:\/\/api.w.org\/{rel}","templated":true}]}}