{"id":12347,"date":"2025-02-17T13:37:09","date_gmt":"2025-02-17T12:37:09","guid":{"rendered":"https:\/\/agora.xtec.cat\/ies-santa-eulalia\/?p=12347"},"modified":"2025-04-02T17:43:57","modified_gmt":"2025-04-02T15:43:57","slug":"topics-literaris-i-figures-retoriques-amb-musica","status":"publish","type":"post","link":"https:\/\/agora.xtec.cat\/ies-santa-eulalia\/general\/topics-literaris-i-figures-retoriques-amb-musica\/","title":{"rendered":"T\u00f2pics literaris i figures ret\u00f2riques amb m\u00fasica"},"content":{"rendered":"<p>Des de la mat\u00e8ria de Llengua castellana i literatura estem preparant a 2n de Batxillerat els t\u00f2pics literaris i les figures ret\u00f2riques a Educaci\u00f3 liter\u00e0ria.<\/p>\n<p>Les\u00a0<strong>figures ret\u00f2riques<\/strong>\u00a0s\u00f3n els recursos expressius que utilitza un autor amb l\u2019objectiu de fer m\u00e9s\u00a0<strong>bella<\/strong>\u00a0o m\u00e9s\u00a0<strong>personal<\/strong>\u00a0la seva obra. Aquests recursos poden afectar els sons (recursos fon\u00e8tics),\u00a0<strong>l\u2019estructura<\/strong>\u00a0i\u00a0<strong>l\u2019ordre<\/strong>\u00a0dels elements de la frase (recursos gramaticals) o el\u00a0<strong>significat<\/strong>\u00a0de les paraules o expressions (recursos sem\u00e0ntics).<\/p>\n<p>Els t\u00f2pics literaris s\u00f3n els temes universals que es tracten a la literatura. Aquests giren al voltant de l&#8217;amor, la mort i el pas del temps.<\/p>\n<p>El nostre alumnat ha treballat aquests conceptes a trav\u00e9s de can\u00e7ons actuals, de manera que el seu aprenentatge ha estat molt m\u00e9s significatiu.<\/p>\n<p>Han fet una gran feina de recerca, comprensi\u00f3 i edici\u00f3 de v\u00eddeos. Han produ\u00eft aquests v\u00eddeos tan atractius i divulgatius, que sense cap mena de dubte, seran de gran ajut a l&#8217;alumnat d&#8217;altres nivells.<\/p>\n<p>Aqu\u00ed us deixem un petit tast. Esperem que us agradin tant com a nosaltres.<\/p>\n<p><iframe loading=\"lazy\" title=\"figuras ret\u00f3ricas\" width=\"500\" height=\"281\" src=\"https:\/\/www.youtube.com\/embed\/A3_mqj5bDPc?feature=oembed\" frameborder=\"0\" allow=\"accelerometer; autoplay; clipboard-write; encrypted-media; gyroscope; picture-in-picture; web-share\" referrerpolicy=\"strict-origin-when-cross-origin\" allowfullscreen><\/iframe><\/p>\n<p><iframe loading=\"lazy\" src=\"https:\/\/drive.google.com\/file\/d\/1VOVKyhMDMWrWOjulfZFc0cv5S4nZ5qp-\/preview\" width=\"640\" height=\"480\"><\/iframe><iframe loading=\"lazy\" src=\"https:\/\/drive.google.com\/file\/d\/1J1bnF_5PVN19E2it3AW3Xx8XEQ30ntlQ\/preview\" width=\"640\" height=\"480\"><\/iframe><iframe loading=\"lazy\" src=\"https:\/\/drive.google.com\/file\/d\/1Yhx2fivYI11uJEBky0SrjY2hV0FQfRB-\/preview\" width=\"640\" height=\"480\"><\/iframe><iframe loading=\"lazy\" src=\"https:\/\/drive.google.com\/file\/d\/1c3fVy9uYBn2ia2AuCt0OsRC0XE2MH-U_\/preview\" width=\"640\" height=\"480\"><\/iframe><\/p>\n<p><iframe loading=\"lazy\" src=\"https:\/\/drive.google.com\/file\/d\/1MpPSD1ZqPxnirYpsOBT3B_F0wzeV5sVU\/preview\" width=\"640\" height=\"480\"><\/iframe><\/p>\n","protected":false},"excerpt":{"rendered":"<p>Des de la mat\u00e8ria de Llengua castellana i literatura estem preparant a 2n de Batxillerat els t\u00f2pics literaris i les figures ret\u00f2riques a Educaci\u00f3 liter\u00e0ria.<br \/>\nLes\u00a0figures ret\u00f2riques\u00a0s\u00f3n els recursos expressius que utilitza un autor amb l\u2019objectiu de fer m\u00e9s\u00a0bella\u00a0o m\u00e9s\u00a0personal\u00a0la seva obra. Aquests recursos poden afectar&hellip;  <a href=\"https:\/\/agora.xtec.cat\/ies-santa-eulalia\/general\/topics-literaris-i-figures-retoriques-amb-musica\/\" title=\"Read T\u00f2pics literaris i figures ret\u00f2riques amb m\u00fasica\">Llegeix m\u00e9s\u00bb<\/a><\/p>\n","protected":false},"author":117,"featured_media":12348,"comment_status":"open","ping_status":"closed","sticky":false,"template":"","format":"standard","meta":{"_bbp_topic_count":0,"_bbp_reply_count":0,"_bbp_total_topic_count":0,"_bbp_total_reply_count":0,"_bbp_voice_count":0,"_bbp_anonymous_reply_count":0,"_bbp_topic_count_hidden":0,"_bbp_reply_count_hidden":0,"_bbp_forum_subforum_count":0,"footnotes":""},"categories":[174,214,8,1,29],"tags":[],"class_list":["post-12347","post","type-post","status-publish","format-standard","has-post-thumbnail","hentry","category-2n-batxillerat","category-activitats-castella","category-batxillerat","category-general","category-portada"],"post_mailing_queue_ids":[],"_links":{"self":[{"href":"https:\/\/agora.xtec.cat\/ies-santa-eulalia\/wp-json\/wp\/v2\/posts\/12347","targetHints":{"allow":["GET"]}}],"collection":[{"href":"https:\/\/agora.xtec.cat\/ies-santa-eulalia\/wp-json\/wp\/v2\/posts"}],"about":[{"href":"https:\/\/agora.xtec.cat\/ies-santa-eulalia\/wp-json\/wp\/v2\/types\/post"}],"author":[{"embeddable":true,"href":"https:\/\/agora.xtec.cat\/ies-santa-eulalia\/wp-json\/wp\/v2\/users\/117"}],"replies":[{"embeddable":true,"href":"https:\/\/agora.xtec.cat\/ies-santa-eulalia\/wp-json\/wp\/v2\/comments?post=12347"}],"version-history":[{"count":1,"href":"https:\/\/agora.xtec.cat\/ies-santa-eulalia\/wp-json\/wp\/v2\/posts\/12347\/revisions"}],"predecessor-version":[{"id":12349,"href":"https:\/\/agora.xtec.cat\/ies-santa-eulalia\/wp-json\/wp\/v2\/posts\/12347\/revisions\/12349"}],"wp:featuredmedia":[{"embeddable":true,"href":"https:\/\/agora.xtec.cat\/ies-santa-eulalia\/wp-json\/wp\/v2\/media\/12348"}],"wp:attachment":[{"href":"https:\/\/agora.xtec.cat\/ies-santa-eulalia\/wp-json\/wp\/v2\/media?parent=12347"}],"wp:term":[{"taxonomy":"category","embeddable":true,"href":"https:\/\/agora.xtec.cat\/ies-santa-eulalia\/wp-json\/wp\/v2\/categories?post=12347"},{"taxonomy":"post_tag","embeddable":true,"href":"https:\/\/agora.xtec.cat\/ies-santa-eulalia\/wp-json\/wp\/v2\/tags?post=12347"}],"curies":[{"name":"wp","href":"https:\/\/api.w.org\/{rel}","templated":true}]}}