{"id":12340,"date":"2025-02-10T21:02:02","date_gmt":"2025-02-10T20:02:02","guid":{"rendered":"https:\/\/agora.xtec.cat\/ies-santa-eulalia\/?p=12340"},"modified":"2025-02-10T21:02:02","modified_gmt":"2025-02-10T20:02:02","slug":"comics-a-1r-eso","status":"publish","type":"post","link":"https:\/\/agora.xtec.cat\/ies-santa-eulalia\/general\/comics-a-1r-eso\/","title":{"rendered":"C\u00f2mics a 1r ESO"},"content":{"rendered":"<p>El nostre alumnat de 1r ESO han estat treballant el c\u00f2mic des de la mat\u00e8ria de Llengua castellana i literatura. Han treballat les parts de la vinyeta, han fet un gui\u00f3 i un esborrany.<\/p>\n<p>Un cop fet aix\u00f2 han passat a fer el c\u00f2mic.<\/p>\n<p>Aquesta activitat els serveix per treballar la comprensi\u00f3 lectora, l&#8217;expressi\u00f3 escrita, el desenvolupament de la creativitat i el foment de la lectura.<\/p>\n<p>Aqu\u00ed us deixem un petit tast, esperem que us agradin.<\/p>\n<p><iframe loading=\"lazy\" src=\"https:\/\/drive.google.com\/file\/d\/1RW5fmbBbk-TH-Cn4Z7NBXk4xQHOimrWu\/preview\" width=\"640\" height=\"480\"><\/iframe><iframe loading=\"lazy\" src=\"https:\/\/drive.google.com\/file\/d\/1WgB29XyKiEhsxlf6duiyI7CdlVcJTd8n\/preview\" width=\"640\" height=\"480\"><\/iframe><iframe loading=\"lazy\" src=\"https:\/\/drive.google.com\/file\/d\/1Oyc9zLDk0N7e1XqL6Y9tIloGbYLAXPA9\/preview\" width=\"640\" height=\"480\"><\/iframe><iframe loading=\"lazy\" src=\"https:\/\/drive.google.com\/file\/d\/1xv_kzmGf02xmBBF2Fn6FbO5kOJRwT48U\/preview\" width=\"640\" height=\"480\"><\/iframe><iframe loading=\"lazy\" src=\"https:\/\/drive.google.com\/file\/d\/180PzlJ3KmYYgl4Dn3ws50Yoi_U-JBgWd\/preview\" width=\"640\" height=\"480\"><\/iframe><iframe loading=\"lazy\" src=\"https:\/\/drive.google.com\/file\/d\/1mAK_8GdLjeeepW3Z37p2nGUA-PSwFZo6\/preview\" width=\"640\" height=\"480\"><\/iframe><iframe loading=\"lazy\" src=\"https:\/\/drive.google.com\/file\/d\/1HFPW78pZ3FeTHToEJozY-6_LCxCjnwPG\/preview\" width=\"640\" height=\"480\"><\/iframe><iframe loading=\"lazy\" src=\"https:\/\/drive.google.com\/file\/d\/1Tf7BGuXEyKEr7eZy5uRIp6tqRbeoMy8O\/preview\" width=\"640\" height=\"480\"><\/iframe><iframe loading=\"lazy\" src=\"https:\/\/drive.google.com\/file\/d\/1aSLJYzU4d45h6Iq-_E-MFbAQ_MK-WN4k\/preview\" width=\"640\" height=\"480\"><\/iframe><iframe loading=\"lazy\" src=\"https:\/\/drive.google.com\/file\/d\/1beHt4oJPyhdQSMlGb8EA6EotRwElZEz3\/preview\" width=\"640\" height=\"480\"><\/iframe><\/p>\n","protected":false},"excerpt":{"rendered":"<p>El nostre alumnat de 1r ESO han estat treballant el c\u00f2mic des de la mat\u00e8ria de Llengua castellana i literatura. Han treballat les parts de la vinyeta, han fet un gui\u00f3 i un esborrany.<br \/>\nUn cop fet aix\u00f2 han passat a fer el c\u00f2mic.<br \/>\nAquesta activitat els&hellip;  <a href=\"https:\/\/agora.xtec.cat\/ies-santa-eulalia\/general\/comics-a-1r-eso\/\" title=\"Read C\u00f2mics a 1r ESO\">Llegeix m\u00e9s\u00bb<\/a><\/p>\n","protected":false},"author":117,"featured_media":12342,"comment_status":"open","ping_status":"closed","sticky":false,"template":"","format":"standard","meta":{"_bbp_topic_count":0,"_bbp_reply_count":0,"_bbp_total_topic_count":0,"_bbp_total_reply_count":0,"_bbp_voice_count":0,"_bbp_anonymous_reply_count":0,"_bbp_topic_count_hidden":0,"_bbp_reply_count_hidden":0,"_bbp_forum_subforum_count":0,"footnotes":""},"categories":[214,3,1,29],"tags":[],"class_list":["post-12340","post","type-post","status-publish","format-standard","has-post-thumbnail","hentry","category-activitats-castella","category-eso","category-general","category-portada"],"post_mailing_queue_ids":[],"_links":{"self":[{"href":"https:\/\/agora.xtec.cat\/ies-santa-eulalia\/wp-json\/wp\/v2\/posts\/12340","targetHints":{"allow":["GET"]}}],"collection":[{"href":"https:\/\/agora.xtec.cat\/ies-santa-eulalia\/wp-json\/wp\/v2\/posts"}],"about":[{"href":"https:\/\/agora.xtec.cat\/ies-santa-eulalia\/wp-json\/wp\/v2\/types\/post"}],"author":[{"embeddable":true,"href":"https:\/\/agora.xtec.cat\/ies-santa-eulalia\/wp-json\/wp\/v2\/users\/117"}],"replies":[{"embeddable":true,"href":"https:\/\/agora.xtec.cat\/ies-santa-eulalia\/wp-json\/wp\/v2\/comments?post=12340"}],"version-history":[{"count":1,"href":"https:\/\/agora.xtec.cat\/ies-santa-eulalia\/wp-json\/wp\/v2\/posts\/12340\/revisions"}],"predecessor-version":[{"id":12343,"href":"https:\/\/agora.xtec.cat\/ies-santa-eulalia\/wp-json\/wp\/v2\/posts\/12340\/revisions\/12343"}],"wp:featuredmedia":[{"embeddable":true,"href":"https:\/\/agora.xtec.cat\/ies-santa-eulalia\/wp-json\/wp\/v2\/media\/12342"}],"wp:attachment":[{"href":"https:\/\/agora.xtec.cat\/ies-santa-eulalia\/wp-json\/wp\/v2\/media?parent=12340"}],"wp:term":[{"taxonomy":"category","embeddable":true,"href":"https:\/\/agora.xtec.cat\/ies-santa-eulalia\/wp-json\/wp\/v2\/categories?post=12340"},{"taxonomy":"post_tag","embeddable":true,"href":"https:\/\/agora.xtec.cat\/ies-santa-eulalia\/wp-json\/wp\/v2\/tags?post=12340"}],"curies":[{"name":"wp","href":"https:\/\/api.w.org\/{rel}","templated":true}]}}