{"id":12307,"date":"2025-02-04T19:01:17","date_gmt":"2025-02-04T18:01:17","guid":{"rendered":"https:\/\/agora.xtec.cat\/ies-santa-eulalia\/?p=12307"},"modified":"2025-02-04T19:02:28","modified_gmt":"2025-02-04T18:02:28","slug":"introduccio-a-la-literatura-medieval-amb-2n-eso","status":"publish","type":"post","link":"https:\/\/agora.xtec.cat\/ies-santa-eulalia\/general\/introduccio-a-la-literatura-medieval-amb-2n-eso\/","title":{"rendered":"Introducci\u00f3 a la literatura medieval amb 2n ESO"},"content":{"rendered":"<p>Des del Departament de Llengua i literatura castellanes estem treballant la introducci\u00f3 a la literatura medieval a 2n d&#8217;ESO. El nostre alumnat ha elaborat uns murals on ens expliquen els trets principals de com era la societat, aix\u00ed com les figures del joglar i del monge, la religi\u00f3. Pel que fa a l&#8217;art, la difer\u00e8ncia entre literatura culta i popular.<\/p>\n<p>Un cop fet els murals visual thinking, han explicat el seu contingut en uns videos molt did\u00e0ctics. Aqu\u00ed us deixem un petit tast. Esperem que us agradin.<iframe loading=\"lazy\" src=\"https:\/\/drive.google.com\/file\/d\/1DnSAO8MfBvmMLoPcxMt8SosA6ne6XfIT\/preview\" width=\"640\" height=\"480\"><\/iframe><iframe loading=\"lazy\" src=\"https:\/\/drive.google.com\/file\/d\/1gbxy-e6p6Qh3nSmgoTQMjWBhUf5SCwRx\/preview\" width=\"640\" height=\"480\"><\/iframe><iframe loading=\"lazy\" src=\"https:\/\/drive.google.com\/file\/d\/1K-JVlrc0pwR0noESOq4yNoNVOhX0tuI4\/preview\" width=\"640\" height=\"480\"><\/iframe><iframe loading=\"lazy\" src=\"https:\/\/drive.google.com\/file\/d\/1yNbdsRNldiqvQ9ShdFHfYt7kvVsaO3CP\/preview\" width=\"640\" height=\"480\"><\/iframe><iframe loading=\"lazy\" src=\"https:\/\/drive.google.com\/file\/d\/1zXlzkKJFzOKh_072VqPHJyV2QZZDcd18\/preview\" width=\"640\" height=\"480\"><\/iframe><\/p>\n","protected":false},"excerpt":{"rendered":"<p>Des del Departament de Llengua i literatura castellanes estem treballant la introducci\u00f3 a la literatura medieval a 2n d&#8217;ESO. El nostre alumnat ha elaborat uns murals on ens expliquen els trets principals de com era la societat, aix\u00ed com les figures del joglar i del&hellip;  <a href=\"https:\/\/agora.xtec.cat\/ies-santa-eulalia\/general\/introduccio-a-la-literatura-medieval-amb-2n-eso\/\" title=\"Read Introducci\u00f3 a la literatura medieval amb 2n ESO\">Llegeix m\u00e9s\u00bb<\/a><\/p>\n","protected":false},"author":117,"featured_media":12308,"comment_status":"open","ping_status":"closed","sticky":false,"template":"","format":"standard","meta":{"_bbp_topic_count":0,"_bbp_reply_count":0,"_bbp_total_topic_count":0,"_bbp_total_reply_count":0,"_bbp_voice_count":0,"_bbp_anonymous_reply_count":0,"_bbp_topic_count_hidden":0,"_bbp_reply_count_hidden":0,"_bbp_forum_subforum_count":0,"footnotes":""},"categories":[214,3,1,29],"tags":[],"class_list":["post-12307","post","type-post","status-publish","format-standard","has-post-thumbnail","hentry","category-activitats-castella","category-eso","category-general","category-portada"],"post_mailing_queue_ids":[],"_links":{"self":[{"href":"https:\/\/agora.xtec.cat\/ies-santa-eulalia\/wp-json\/wp\/v2\/posts\/12307","targetHints":{"allow":["GET"]}}],"collection":[{"href":"https:\/\/agora.xtec.cat\/ies-santa-eulalia\/wp-json\/wp\/v2\/posts"}],"about":[{"href":"https:\/\/agora.xtec.cat\/ies-santa-eulalia\/wp-json\/wp\/v2\/types\/post"}],"author":[{"embeddable":true,"href":"https:\/\/agora.xtec.cat\/ies-santa-eulalia\/wp-json\/wp\/v2\/users\/117"}],"replies":[{"embeddable":true,"href":"https:\/\/agora.xtec.cat\/ies-santa-eulalia\/wp-json\/wp\/v2\/comments?post=12307"}],"version-history":[{"count":1,"href":"https:\/\/agora.xtec.cat\/ies-santa-eulalia\/wp-json\/wp\/v2\/posts\/12307\/revisions"}],"predecessor-version":[{"id":12309,"href":"https:\/\/agora.xtec.cat\/ies-santa-eulalia\/wp-json\/wp\/v2\/posts\/12307\/revisions\/12309"}],"wp:featuredmedia":[{"embeddable":true,"href":"https:\/\/agora.xtec.cat\/ies-santa-eulalia\/wp-json\/wp\/v2\/media\/12308"}],"wp:attachment":[{"href":"https:\/\/agora.xtec.cat\/ies-santa-eulalia\/wp-json\/wp\/v2\/media?parent=12307"}],"wp:term":[{"taxonomy":"category","embeddable":true,"href":"https:\/\/agora.xtec.cat\/ies-santa-eulalia\/wp-json\/wp\/v2\/categories?post=12307"},{"taxonomy":"post_tag","embeddable":true,"href":"https:\/\/agora.xtec.cat\/ies-santa-eulalia\/wp-json\/wp\/v2\/tags?post=12307"}],"curies":[{"name":"wp","href":"https:\/\/api.w.org\/{rel}","templated":true}]}}