{"id":12270,"date":"2025-01-24T13:23:41","date_gmt":"2025-01-24T12:23:41","guid":{"rendered":"https:\/\/agora.xtec.cat\/ies-santa-eulalia\/?p=12270"},"modified":"2025-01-24T13:23:41","modified_gmt":"2025-01-24T12:23:41","slug":"treballem-largumentacio-judicis-a-2n-batxillerat","status":"publish","type":"post","link":"https:\/\/agora.xtec.cat\/ies-santa-eulalia\/general\/treballem-largumentacio-judicis-a-2n-batxillerat\/","title":{"rendered":"Treballem l&#8217;argumentaci\u00f3: judicis a 2n Batxillerat"},"content":{"rendered":"<p><iframe loading=\"lazy\" src=\"https:\/\/drive.google.com\/file\/d\/1lbSWqNPhpctrYD_Z54y4qxEzENK9z6fX\/preview\" width=\"640\" height=\"480\"><\/iframe><iframe loading=\"lazy\" src=\"https:\/\/drive.google.com\/file\/d\/1hb8EFfkQoyIMVhGlvm_tuao-nnQGmgSD\/preview\" width=\"640\" height=\"480\"><\/iframe><iframe loading=\"lazy\" src=\"https:\/\/drive.google.com\/file\/d\/1i9YU8cTUcZx8iHBf_a7qkYUvas1lYwh3\/preview\" width=\"640\" height=\"480\"><\/iframe><iframe loading=\"lazy\" src=\"https:\/\/drive.google.com\/file\/d\/1W1z5GdBjFwf9PKMM4w9V_CFM2m4FSveU\/preview\" width=\"640\" height=\"480\"><\/iframe> Des de la mat\u00e8ria de Lengua y literatura castellanes el nostre alumnat de 2n de Batxilleratha treballat el text argumentatiu.\u00a0 Han recreat judicis sobre assumptes controversials com: La nova llei de protecci\u00f3 animal, el perill d&#8217;extinci\u00f3 de les sales de cinema davant l&#8217;impacte de les plataformes streaming o la proposta del Govern de suprimir el canvi horari.<\/p>\n<p>Aquesta activitat ha comportat\u00a0 un proc\u00e9s for\u00e7a elaborat. Primerament la fase de documentaci\u00f3: han llegit not\u00edcies, han contrastat la informaci\u00f3, han comprovat que no fossin fake news.<\/p>\n<p>En segon lloc han fet un esb\u00f2s amb les idees que volien transmetre. A continuaci\u00f3 han redactat seguint l&#8217;estructura argumentativa: Introducci\u00f3 amb tesi, arguments i conclusi\u00f3. A m\u00e9s han redactat dues versions ( una sense contraargument i una altra amb contraargument) Tamb\u00e9 han fet un gran esfor\u00e7 per familiaritzar-se amb els tecnicismes jur\u00eddics.<\/p>\n<p>Finalment han fet una representaci\u00f3 o lectura interpretativa del seu judici, han treballat aix\u00ed l&#8217;elocuci\u00f3, la dicci\u00f3, el ritme, el to i el volum de la veu.<\/p>\n<p>Per\u00f2, aquesta activitat, sense dubte, els ha fet treballar el raonament cr\u00edtic, la comprensi\u00f3 lectora i l&#8217;expressi\u00f3 escrita.<\/p>\n<p>Aqu\u00ed us deixem un petit tast. Esperem que us agradi.<\/p>\n","protected":false},"excerpt":{"rendered":"<p> Des de la mat\u00e8ria de Lengua y literatura castellanes el nostre alumnat de 2n de Batxilleratha treballat el text argumentatiu.\u00a0 Han recreat judicis sobre assumptes controversials com: La nova llei de protecci\u00f3 animal, el perill d&#8217;extinci\u00f3 de les sales de cinema davant l&#8217;impacte de&hellip;  <a href=\"https:\/\/agora.xtec.cat\/ies-santa-eulalia\/general\/treballem-largumentacio-judicis-a-2n-batxillerat\/\" title=\"Read Treballem l&#8217;argumentaci\u00f3: judicis a 2n Batxillerat\">Llegeix m\u00e9s\u00bb<\/a><\/p>\n","protected":false},"author":117,"featured_media":12275,"comment_status":"open","ping_status":"closed","sticky":false,"template":"","format":"standard","meta":{"_bbp_topic_count":0,"_bbp_reply_count":0,"_bbp_total_topic_count":0,"_bbp_total_reply_count":0,"_bbp_voice_count":0,"_bbp_anonymous_reply_count":0,"_bbp_topic_count_hidden":0,"_bbp_reply_count_hidden":0,"_bbp_forum_subforum_count":0,"footnotes":""},"categories":[8,1,29],"tags":[],"class_list":["post-12270","post","type-post","status-publish","format-standard","has-post-thumbnail","hentry","category-batxillerat","category-general","category-portada"],"post_mailing_queue_ids":[],"_links":{"self":[{"href":"https:\/\/agora.xtec.cat\/ies-santa-eulalia\/wp-json\/wp\/v2\/posts\/12270","targetHints":{"allow":["GET"]}}],"collection":[{"href":"https:\/\/agora.xtec.cat\/ies-santa-eulalia\/wp-json\/wp\/v2\/posts"}],"about":[{"href":"https:\/\/agora.xtec.cat\/ies-santa-eulalia\/wp-json\/wp\/v2\/types\/post"}],"author":[{"embeddable":true,"href":"https:\/\/agora.xtec.cat\/ies-santa-eulalia\/wp-json\/wp\/v2\/users\/117"}],"replies":[{"embeddable":true,"href":"https:\/\/agora.xtec.cat\/ies-santa-eulalia\/wp-json\/wp\/v2\/comments?post=12270"}],"version-history":[{"count":1,"href":"https:\/\/agora.xtec.cat\/ies-santa-eulalia\/wp-json\/wp\/v2\/posts\/12270\/revisions"}],"predecessor-version":[{"id":12276,"href":"https:\/\/agora.xtec.cat\/ies-santa-eulalia\/wp-json\/wp\/v2\/posts\/12270\/revisions\/12276"}],"wp:featuredmedia":[{"embeddable":true,"href":"https:\/\/agora.xtec.cat\/ies-santa-eulalia\/wp-json\/wp\/v2\/media\/12275"}],"wp:attachment":[{"href":"https:\/\/agora.xtec.cat\/ies-santa-eulalia\/wp-json\/wp\/v2\/media?parent=12270"}],"wp:term":[{"taxonomy":"category","embeddable":true,"href":"https:\/\/agora.xtec.cat\/ies-santa-eulalia\/wp-json\/wp\/v2\/categories?post=12270"},{"taxonomy":"post_tag","embeddable":true,"href":"https:\/\/agora.xtec.cat\/ies-santa-eulalia\/wp-json\/wp\/v2\/tags?post=12270"}],"curies":[{"name":"wp","href":"https:\/\/api.w.org\/{rel}","templated":true}]}}