{"id":12266,"date":"2025-01-27T10:23:03","date_gmt":"2025-01-27T09:23:03","guid":{"rendered":"https:\/\/agora.xtec.cat\/ies-santa-eulalia\/?p=12266"},"modified":"2025-01-27T10:23:03","modified_gmt":"2025-01-27T09:23:03","slug":"organitzacio-i-gestio-dels-temps-academics-a-batxillerat","status":"publish","type":"post","link":"https:\/\/agora.xtec.cat\/ies-santa-eulalia\/general\/organitzacio-i-gestio-dels-temps-academics-a-batxillerat\/","title":{"rendered":"Organitzaci\u00f3 i gesti\u00f3 dels temps acad\u00e8mics a batxillerat"},"content":{"rendered":"<p><a href=\"https:\/\/agora.xtec.cat\/ies-santa-eulalia\/wp-content\/uploads\/usu1612\/2025\/01\/20250121_115347-scaled.jpg\"><img loading=\"lazy\" decoding=\"async\" class=\"aligncenter wp-image-12285 size-medium\" src=\"https:\/\/agora.xtec.cat\/ies-santa-eulalia\/wp-content\/uploads\/usu1612\/2025\/01\/20250121_115347-169x300.jpg\" alt=\"\" width=\"169\" height=\"300\" srcset=\"https:\/\/agora.xtec.cat\/ies-santa-eulalia\/wp-content\/uploads\/usu1612\/2025\/01\/20250121_115347-169x300.jpg 169w, https:\/\/agora.xtec.cat\/ies-santa-eulalia\/wp-content\/uploads\/usu1612\/2025\/01\/20250121_115347-576x1024.jpg 576w, https:\/\/agora.xtec.cat\/ies-santa-eulalia\/wp-content\/uploads\/usu1612\/2025\/01\/20250121_115347-768x1365.jpg 768w, https:\/\/agora.xtec.cat\/ies-santa-eulalia\/wp-content\/uploads\/usu1612\/2025\/01\/20250121_115347-864x1536.jpg 864w, https:\/\/agora.xtec.cat\/ies-santa-eulalia\/wp-content\/uploads\/usu1612\/2025\/01\/20250121_115347-1153x2048.jpg 1153w, https:\/\/agora.xtec.cat\/ies-santa-eulalia\/wp-content\/uploads\/usu1612\/2025\/01\/20250121_115347-scaled.jpg 1441w\" sizes=\"auto, (max-width: 169px) 100vw, 169px\" \/><\/a><\/p>\n<p>Dins de les activitats de tutoria adre\u00e7ades a treballar l<strong>\u2019orientaci\u00f3 acad\u00e8mica<\/strong>, des de les tutories de batxillerat, dinamitzats per la Lluna Bonet de la cooperativa <a href=\"https:\/\/eduvic.coop\/\">EduVic<\/a> i amb la col\u00b7laboraci\u00f3 del programa <strong>Fem Comunitat Educativa de l&#8217;Hospitalet<\/strong>, s&#8217;han dut a terme diversos tallers sobre l&#8217;<strong>organitzaci\u00f3 i gesti\u00f3 del temps<\/strong><span data-sheets-root=\"1\"><strong> acad\u00e8mics<\/strong>, reflexionant sobre la pr\u00f2pia organitzaci\u00f3 i identificant <em>lladres de temps<\/em> parlant i de l&#8217;evoluci\u00f3 del<strong> mercat laboral<\/strong>, les habilitats o recursos i canals per a la<strong> cerca d&#8217;una primera feina.<\/strong><\/span><\/p>\n<p><a href=\"https:\/\/agora.xtec.cat\/ies-santa-eulalia\/wp-content\/uploads\/usu1612\/2025\/01\/20250121_113315-scaled.jpg\"><img loading=\"lazy\" decoding=\"async\" class=\"aligncenter wp-image-12284 size-large\" src=\"https:\/\/agora.xtec.cat\/ies-santa-eulalia\/wp-content\/uploads\/usu1612\/2025\/01\/20250121_113315-1024x576.jpg\" alt=\"\" width=\"1024\" height=\"576\" srcset=\"https:\/\/agora.xtec.cat\/ies-santa-eulalia\/wp-content\/uploads\/usu1612\/2025\/01\/20250121_113315-1024x576.jpg 1024w, https:\/\/agora.xtec.cat\/ies-santa-eulalia\/wp-content\/uploads\/usu1612\/2025\/01\/20250121_113315-300x169.jpg 300w, https:\/\/agora.xtec.cat\/ies-santa-eulalia\/wp-content\/uploads\/usu1612\/2025\/01\/20250121_113315-768x432.jpg 768w, https:\/\/agora.xtec.cat\/ies-santa-eulalia\/wp-content\/uploads\/usu1612\/2025\/01\/20250121_113315-1536x864.jpg 1536w, https:\/\/agora.xtec.cat\/ies-santa-eulalia\/wp-content\/uploads\/usu1612\/2025\/01\/20250121_113315-2048x1153.jpg 2048w\" sizes=\"auto, (max-width: 1024px) 100vw, 1024px\" \/><\/a><\/p>\n","protected":false},"excerpt":{"rendered":"<p><a href=\"https:\/\/agora.xtec.cat\/ies-santa-eulalia\/wp-content\/uploads\/usu1612\/2025\/01\/20250121_115347-scaled.jpg\"><\/a><br \/>\nDins de les activitats de tutoria adre\u00e7ades a treballar l\u2019orientaci\u00f3 acad\u00e8mica, des de les tutories de batxillerat, dinamitzats per la Lluna Bonet de la cooperativa <a href=\"https:\/\/eduvic.coop\/\">EduVic<\/a> i amb la col\u00b7laboraci\u00f3 del programa Fem Comunitat Educativa de l&#8217;Hospitalet, s&#8217;han dut a terme diversos tallers&hellip;  <a href=\"https:\/\/agora.xtec.cat\/ies-santa-eulalia\/general\/organitzacio-i-gestio-dels-temps-academics-a-batxillerat\/\" title=\"Read Organitzaci\u00f3 i gesti\u00f3 dels temps acad\u00e8mics a batxillerat\">Llegeix m\u00e9s\u00bb<\/a><\/p>\n","protected":false},"author":35,"featured_media":12284,"comment_status":"open","ping_status":"closed","sticky":false,"template":"","format":"standard","meta":{"_bbp_topic_count":0,"_bbp_reply_count":0,"_bbp_total_topic_count":0,"_bbp_total_reply_count":0,"_bbp_voice_count":0,"_bbp_anonymous_reply_count":0,"_bbp_topic_count_hidden":0,"_bbp_reply_count_hidden":0,"_bbp_forum_subforum_count":0,"footnotes":""},"categories":[176,177,184,179,180,174,8,1,29,105],"tags":[523,430,125,506,550,565,563,278,564],"class_list":["post-12266","post","type-post","status-publish","format-standard","has-post-thumbnail","hentry","category-1r-batx-a","category-1r-batx-b","category-1r-batxillerat","category-2n-batx-a","category-2n-batx-b","category-2n-batxillerat","category-batxillerat","category-general","category-portada","category-tutores-i-equips-docents","tag-1r-batxillerat","tag-2n-batxillerat","tag-batxillerat","tag-batxilleratcopem","tag-copem2425","tag-fcelh","tag-gestio-del-temps","tag-orientacio","tag-tutories"],"post_mailing_queue_ids":[],"_links":{"self":[{"href":"https:\/\/agora.xtec.cat\/ies-santa-eulalia\/wp-json\/wp\/v2\/posts\/12266","targetHints":{"allow":["GET"]}}],"collection":[{"href":"https:\/\/agora.xtec.cat\/ies-santa-eulalia\/wp-json\/wp\/v2\/posts"}],"about":[{"href":"https:\/\/agora.xtec.cat\/ies-santa-eulalia\/wp-json\/wp\/v2\/types\/post"}],"author":[{"embeddable":true,"href":"https:\/\/agora.xtec.cat\/ies-santa-eulalia\/wp-json\/wp\/v2\/users\/35"}],"replies":[{"embeddable":true,"href":"https:\/\/agora.xtec.cat\/ies-santa-eulalia\/wp-json\/wp\/v2\/comments?post=12266"}],"version-history":[{"count":3,"href":"https:\/\/agora.xtec.cat\/ies-santa-eulalia\/wp-json\/wp\/v2\/posts\/12266\/revisions"}],"predecessor-version":[{"id":12286,"href":"https:\/\/agora.xtec.cat\/ies-santa-eulalia\/wp-json\/wp\/v2\/posts\/12266\/revisions\/12286"}],"wp:featuredmedia":[{"embeddable":true,"href":"https:\/\/agora.xtec.cat\/ies-santa-eulalia\/wp-json\/wp\/v2\/media\/12284"}],"wp:attachment":[{"href":"https:\/\/agora.xtec.cat\/ies-santa-eulalia\/wp-json\/wp\/v2\/media?parent=12266"}],"wp:term":[{"taxonomy":"category","embeddable":true,"href":"https:\/\/agora.xtec.cat\/ies-santa-eulalia\/wp-json\/wp\/v2\/categories?post=12266"},{"taxonomy":"post_tag","embeddable":true,"href":"https:\/\/agora.xtec.cat\/ies-santa-eulalia\/wp-json\/wp\/v2\/tags?post=12266"}],"curies":[{"name":"wp","href":"https:\/\/api.w.org\/{rel}","templated":true}]}}