{"id":12233,"date":"2024-12-13T10:53:29","date_gmt":"2024-12-13T09:53:29","guid":{"rendered":"https:\/\/agora.xtec.cat\/ies-santa-eulalia\/?p=12233"},"modified":"2025-01-22T14:11:39","modified_gmt":"2025-01-22T13:11:39","slug":"descobrim-les-tecnologies-que-transformen-els-nostres-aliments","status":"publish","type":"post","link":"https:\/\/agora.xtec.cat\/ies-santa-eulalia\/general\/descobrim-les-tecnologies-que-transformen-els-nostres-aliments\/","title":{"rendered":"Descobrim les tecnologies que transformen els nostres aliments!"},"content":{"rendered":"<div dir=\"auto\">A l\u2019Institut Santa Eul\u00e0lia, l&#8217;alumnat de 1r d&#8217;ESO ha realitzat una activitat basada en la metodologia AICLE (Aprenentatge Integrat de Continguts i Lleng\u00fces Estrangeres). Aquesta activitat, desenvolupada dins la mat\u00e8ria <em>Food Technology<\/em>, ha tingut com a objectiu explorar les diferents tecnologies que poden modificar els aliments que consumim.<\/div>\n<p \/>\n<div dir=\"auto\">Durant el projecte GEP, els estudiants han treballat conceptes com la radiaci\u00f3, la selecci\u00f3 artificial, la modificaci\u00f3 gen\u00e8tica, i les t\u00e8cniques d\u2019envasat intel\u00b7ligent, tot utilitzant l\u2019angl\u00e8s com a llengua vehicular. Han apr\u00e8s com aquestes tecnologies no nom\u00e9s influeixen en la seguretat i qualitat dels aliments, sin\u00f3 tamb\u00e9 en els h\u00e0bits de consum i en el futur de la ind\u00fastria aliment\u00e0ria.<\/div>\n<p \/>\n<div dir=\"auto\">L\u2019activitat ha estat una oportunitat \u00fanica per fomentar la creativitat i el pensament cr\u00edtic, mentre s\u2019ha refor\u00e7at el domini de l\u2019angl\u00e8s en un context pr\u00e0ctic i significatiu. Els resultats del projecte s\u2019han presentat en forma de presentacions orals, que han perm\u00e8s posar en pr\u00e0ctica les seves habilitats comunicatives i de treball en equip.<\/div>\n<p \/>\n<div dir=\"auto\">Des de l\u2019Institut Santa Eul\u00e0lia, seguim apostant per projectes interdisciplinaris i metodologies innovadores que promoguin l\u2019aprenentatge actiu i el pluriling\u00fcisme.<\/div>\n<p \/>\n<div dir=\"auto\"><a href=\"https:\/\/agora.xtec.cat\/ies-santa-eulalia\/wp-content\/uploads\/usu1612\/2025\/01\/20241030_140035.jpg\"><img loading=\"lazy\" decoding=\"async\" class=\"alignnone size-large wp-image-12237\" src=\"https:\/\/agora.xtec.cat\/ies-santa-eulalia\/wp-content\/uploads\/usu1612\/2025\/01\/20241030_140035-1024x818.jpg\" alt=\"\" width=\"1024\" height=\"818\" srcset=\"https:\/\/agora.xtec.cat\/ies-santa-eulalia\/wp-content\/uploads\/usu1612\/2025\/01\/20241030_140035-1024x818.jpg 1024w, https:\/\/agora.xtec.cat\/ies-santa-eulalia\/wp-content\/uploads\/usu1612\/2025\/01\/20241030_140035-300x240.jpg 300w, https:\/\/agora.xtec.cat\/ies-santa-eulalia\/wp-content\/uploads\/usu1612\/2025\/01\/20241030_140035-768x613.jpg 768w, https:\/\/agora.xtec.cat\/ies-santa-eulalia\/wp-content\/uploads\/usu1612\/2025\/01\/20241030_140035-1536x1227.jpg 1536w, https:\/\/agora.xtec.cat\/ies-santa-eulalia\/wp-content\/uploads\/usu1612\/2025\/01\/20241030_140035.jpg 1814w\" sizes=\"auto, (max-width: 1024px) 100vw, 1024px\" \/><\/a><\/div>\n<div dir=\"auto\"><\/div>\n<div dir=\"auto\"><\/div>\n<div dir=\"auto\"><a href=\"https:\/\/agora.xtec.cat\/ies-santa-eulalia\/wp-content\/uploads\/usu1612\/2025\/01\/20241030_140047.jpg\"><img loading=\"lazy\" decoding=\"async\" class=\"alignnone size-large wp-image-12236\" src=\"https:\/\/agora.xtec.cat\/ies-santa-eulalia\/wp-content\/uploads\/usu1612\/2025\/01\/20241030_140047-1024x780.jpg\" alt=\"\" width=\"1024\" height=\"780\" srcset=\"https:\/\/agora.xtec.cat\/ies-santa-eulalia\/wp-content\/uploads\/usu1612\/2025\/01\/20241030_140047-1024x780.jpg 1024w, https:\/\/agora.xtec.cat\/ies-santa-eulalia\/wp-content\/uploads\/usu1612\/2025\/01\/20241030_140047-300x228.jpg 300w, https:\/\/agora.xtec.cat\/ies-santa-eulalia\/wp-content\/uploads\/usu1612\/2025\/01\/20241030_140047-768x585.jpg 768w, https:\/\/agora.xtec.cat\/ies-santa-eulalia\/wp-content\/uploads\/usu1612\/2025\/01\/20241030_140047-1536x1170.jpg 1536w, https:\/\/agora.xtec.cat\/ies-santa-eulalia\/wp-content\/uploads\/usu1612\/2025\/01\/20241030_140047.jpg 1594w\" sizes=\"auto, (max-width: 1024px) 100vw, 1024px\" \/><\/a><\/div>\n","protected":false},"excerpt":{"rendered":"<p>A l\u2019Institut Santa Eul\u00e0lia, l&#8217;alumnat de 1r d&#8217;ESO ha realitzat una activitat basada en la metodologia AICLE (Aprenentatge Integrat de Continguts i Lleng\u00fces Estrangeres). Aquesta activitat, desenvolupada dins la mat\u00e8ria Food Technology, ha tingut com a objectiu explorar les diferents tecnologies que poden modificar els&hellip;  <a href=\"https:\/\/agora.xtec.cat\/ies-santa-eulalia\/general\/descobrim-les-tecnologies-que-transformen-els-nostres-aliments\/\" title=\"Read Descobrim les tecnologies que transformen els nostres aliments!\">Llegeix m\u00e9s\u00bb<\/a><\/p>\n","protected":false},"author":114,"featured_media":12237,"comment_status":"closed","ping_status":"closed","sticky":false,"template":"","format":"standard","meta":{"_bbp_topic_count":0,"_bbp_reply_count":0,"_bbp_total_topic_count":0,"_bbp_total_reply_count":0,"_bbp_voice_count":0,"_bbp_anonymous_reply_count":0,"_bbp_topic_count_hidden":0,"_bbp_reply_count_hidden":0,"_bbp_forum_subforum_count":0,"footnotes":""},"categories":[146,3,4,1,29,158],"tags":[338,205],"class_list":["post-12233","post","type-post","status-publish","format-standard","has-post-thumbnail","hentry","category-novetats-tecnologia","category-eso","category-eso-1","category-general","category-portada","category-gep","tag-1r-eso","tag-ins-santa-eulalia"],"post_mailing_queue_ids":[],"_links":{"self":[{"href":"https:\/\/agora.xtec.cat\/ies-santa-eulalia\/wp-json\/wp\/v2\/posts\/12233","targetHints":{"allow":["GET"]}}],"collection":[{"href":"https:\/\/agora.xtec.cat\/ies-santa-eulalia\/wp-json\/wp\/v2\/posts"}],"about":[{"href":"https:\/\/agora.xtec.cat\/ies-santa-eulalia\/wp-json\/wp\/v2\/types\/post"}],"author":[{"embeddable":true,"href":"https:\/\/agora.xtec.cat\/ies-santa-eulalia\/wp-json\/wp\/v2\/users\/114"}],"replies":[{"embeddable":true,"href":"https:\/\/agora.xtec.cat\/ies-santa-eulalia\/wp-json\/wp\/v2\/comments?post=12233"}],"version-history":[{"count":7,"href":"https:\/\/agora.xtec.cat\/ies-santa-eulalia\/wp-json\/wp\/v2\/posts\/12233\/revisions"}],"predecessor-version":[{"id":12249,"href":"https:\/\/agora.xtec.cat\/ies-santa-eulalia\/wp-json\/wp\/v2\/posts\/12233\/revisions\/12249"}],"wp:featuredmedia":[{"embeddable":true,"href":"https:\/\/agora.xtec.cat\/ies-santa-eulalia\/wp-json\/wp\/v2\/media\/12237"}],"wp:attachment":[{"href":"https:\/\/agora.xtec.cat\/ies-santa-eulalia\/wp-json\/wp\/v2\/media?parent=12233"}],"wp:term":[{"taxonomy":"category","embeddable":true,"href":"https:\/\/agora.xtec.cat\/ies-santa-eulalia\/wp-json\/wp\/v2\/categories?post=12233"},{"taxonomy":"post_tag","embeddable":true,"href":"https:\/\/agora.xtec.cat\/ies-santa-eulalia\/wp-json\/wp\/v2\/tags?post=12233"}],"curies":[{"name":"wp","href":"https:\/\/api.w.org\/{rel}","templated":true}]}}